{"id":4919,"date":"2026-03-02T07:09:54","date_gmt":"2026-03-02T10:09:54","guid":{"rendered":"https:\/\/oexpressobr.com.br\/?p=4919"},"modified":"2026-03-02T07:09:57","modified_gmt":"2026-03-02T10:09:57","slug":"ato-na-paulista-reune-flavio-nikolas-e-governadores-em-ensaio-para-reunificar-direita","status":"publish","type":"post","link":"https:\/\/oexpressobr.com.br\/?p=4919","title":{"rendered":"Ato na Paulista re\u00fane Fl\u00e1vio, Nikolas e governadores em ensaio para reunificar direita"},"content":{"rendered":"\n<p class=\"wp-block-paragraph\">A Avenida Paulista voltou a ser o epicentro da mobiliza\u00e7\u00e3o conservadora neste domingo, 1\u00ba de mar\u00e7o de 2026. O ato &#8220;Acorda, Brasil&#8221;, convocado pelo deputado federal <strong>Nikolas Ferreira (PL-MG)<\/strong>, serviu como um term\u00f4metro decisivo para a direita brasileira em um momento de fragmenta\u00e7\u00e3o interna e defini\u00e7\u00f5es estrat\u00e9gicas para o pleito presidencial que se aproxima.<\/p>\n\n\n\n<p class=\"wp-block-paragraph\">\u200bO evento marcou a primeira apari\u00e7\u00e3o p\u00fablica de peso do senador <strong>Fl\u00e1vio Bolsonaro (PL-RJ)<\/strong> desde que sua pr\u00e9-candidatura ao Planalto foi oficializada. A presen\u00e7a de Fl\u00e1vio no topo do trio el\u00e9trico ao lado de governadores como <strong>Tarc\u00edsio de Freitas (SP)<\/strong> e <strong>Ronaldo Caiado (GO)<\/strong> buscou projetar uma imagem de unidade, tentando estancar o racha que tomou conta do grupo nos \u00faltimos meses.<\/p>\n\n\n\n<h3 class=\"wp-block-heading\">\u200bEntre a uni\u00e3o e o racha familiar<\/h3>\n\n\n\n<p class=\"wp-block-paragraph\">\u200bApesar do tom de pacifica\u00e7\u00e3o adotado nos discursos, os bastidores do ato revelam uma direita ainda em busca de sua &#8220;b\u00fassola&#8221;. Com o ex-presidente Jair Bolsonaro cumprindo pena em regime de reclus\u00e3o, o protagonismo na Paulista foi disputado por diferentes alas.<\/p>\n\n\n\n<ul class=\"wp-block-list\">\n<li>\u200b<strong>A &#8220;ala pragm\u00e1tica&#8221;:<\/strong> Liderada por Tarc\u00edsio de Freitas e governadores, foca na gest\u00e3o e na cr\u00edtica t\u00e9cnica ao governo federal.<\/li>\n\n\n\n<li>\u200b<strong>A &#8220;ala ideol\u00f3gica&#8221;:<\/strong> Encabe\u00e7ada por Nikolas Ferreira, mant\u00e9m o discurso combativo contra o Judici\u00e1rio e o Executivo.<\/li>\n\n\n\n<li>\u200b<strong>O n\u00facleo familiar:<\/strong> A aus\u00eancia de um engajamento p\u00fablico imediato de <strong>Michelle Bolsonaro<\/strong> e de <strong>Nikolas<\/strong> na campanha de Fl\u00e1vio tem gerado atritos. Recentemente, cr\u00edticas p\u00fablicas de Eduardo Bolsonaro expuseram a insatisfa\u00e7\u00e3o com a falta de apoio expl\u00edcito da ex-primeira-dama ao irm\u00e3o, o que elevou a temperatura das discuss\u00f5es nas redes sociais antes da manifesta\u00e7\u00e3o.<\/li>\n<\/ul>\n\n\n\n<h3 class=\"wp-block-heading\">\u200bPautas do manifesto<\/h3>\n\n\n\n<p class=\"wp-block-paragraph\">\u200bOs manifestantes, ocupando cerca de sete quarteir\u00f5es da via, entoaram gritos de <strong>&#8220;Fora, Lula, Moraes e Toffoli&#8221;<\/strong>. Al\u00e9m das cr\u00edticas diretas aos ministros do Supremo Tribunal Federal (STF) e ao atual presidente, a pauta da <strong>anistia<\/strong> aos condenados pelos atos de 8 de janeiro de 2023 foi o tema central dos discursos mais inflamados.<\/p>\n\n\n\n<p class=\"wp-block-paragraph\">\u200bDiferente de mobiliza\u00e7\u00f5es anteriores, o pastor Silas Malafaia, embora presente, n\u00e3o liderou a organiza\u00e7\u00e3o direta, que ficou a cargo da estrutura parlamentar do PL. Para analistas, o evento foi uma tentativa clara de &#8220;limpar a \u00e1rea&#8221; e verificar se a base eleitoral responde \u00e0 lideran\u00e7a de Fl\u00e1vio Bolsonaro da mesma forma que respondia \u00e0 do pai.<\/p>\n\n\n\n<h3 class=\"wp-block-heading\">\u200bPr\u00f3ximos passos<\/h3>\n\n\n\n<p class=\"wp-block-paragraph\">\u200bO sucesso de p\u00fablico, estimado por centros de pesquisa como um dos maiores dos \u00faltimos meses, d\u00e1 f\u00f4lego \u00e0 pr\u00e9-candidatura de Fl\u00e1vio, mas n\u00e3o resolve a quest\u00e3o da hegemonia. A direita sai da Paulista com o desafio de converter a energia das ruas em uma chapa presidencial coesa, superando as desconfian\u00e7as entre o n\u00facleo familiar e os governadores que tamb\u00e9m miram 2026.<\/p>\n","protected":false},"excerpt":{"rendered":"<p>A Avenida Paulista voltou a ser o epicentro da mobiliza\u00e7\u00e3o conservadora neste domingo, 1\u00ba de mar\u00e7o de 2026. O ato &#8220;Acorda, Brasil&#8221;, convocado pelo deputado [&#8230;]<\/p>\n","protected":false},"author":1,"featured_media":4920,"comment_status":"open","ping_status":"open","sticky":false,"template":"","format":"standard","meta":{"_crdt_document":"","_jetpack_memberships_contains_paid_content":false,"footnotes":"","jetpack_publicize_message":"","jetpack_publicize_feature_enabled":true,"jetpack_social_post_already_shared":true,"jetpack_social_options":{"image_generator_settings":{"template":"highway","default_image_id":0,"font":"","enabled":false},"version":2}},"categories":[7],"tags":[],"class_list":["post-4919","post","type-post","status-publish","format-standard","has-post-thumbnail","hentry","category-politica"],"jetpack_publicize_connections":[],"jetpack_featured_media_url":"https:\/\/i0.wp.com\/oexpressobr.com.br\/wp-content\/uploads\/2026\/03\/177238883369a481e1d4c3b_1772388833_3x2_xl.jpg?fit=1200%2C800&ssl=1","jetpack_likes_enabled":true,"jetpack_sharing_enabled":true,"_links":{"self":[{"href":"https:\/\/oexpressobr.com.br\/index.php?rest_route=\/wp\/v2\/posts\/4919","targetHints":{"allow":["GET"]}}],"collection":[{"href":"https:\/\/oexpressobr.com.br\/index.php?rest_route=\/wp\/v2\/posts"}],"about":[{"href":"https:\/\/oexpressobr.com.br\/index.php?rest_route=\/wp\/v2\/types\/post"}],"author":[{"embeddable":true,"href":"https:\/\/oexpressobr.com.br\/index.php?rest_route=\/wp\/v2\/users\/1"}],"replies":[{"embeddable":true,"href":"https:\/\/oexpressobr.com.br\/index.php?rest_route=%2Fwp%2Fv2%2Fcomments&post=4919"}],"version-history":[{"count":1,"href":"https:\/\/oexpressobr.com.br\/index.php?rest_route=\/wp\/v2\/posts\/4919\/revisions"}],"predecessor-version":[{"id":4921,"href":"https:\/\/oexpressobr.com.br\/index.php?rest_route=\/wp\/v2\/posts\/4919\/revisions\/4921"}],"wp:featuredmedia":[{"embeddable":true,"href":"https:\/\/oexpressobr.com.br\/index.php?rest_route=\/wp\/v2\/media\/4920"}],"wp:attachment":[{"href":"https:\/\/oexpressobr.com.br\/index.php?rest_route=%2Fwp%2Fv2%2Fmedia&parent=4919"}],"wp:term":[{"taxonomy":"category","embeddable":true,"href":"https:\/\/oexpressobr.com.br\/index.php?rest_route=%2Fwp%2Fv2%2Fcategories&post=4919"},{"taxonomy":"post_tag","embeddable":true,"href":"https:\/\/oexpressobr.com.br\/index.php?rest_route=%2Fwp%2Fv2%2Ftags&post=4919"}],"curies":[{"name":"wp","href":"https:\/\/api.w.org\/{rel}","templated":true}]}}