{"id":492,"date":"2025-12-09T16:39:00","date_gmt":"2025-12-09T19:39:00","guid":{"rendered":"https:\/\/oexpressobr.com.br\/?p=492"},"modified":"2025-12-09T16:39:01","modified_gmt":"2025-12-09T19:39:01","slug":"equivoco-de-identidade-justica-federal-arquiva-investigacao-da-pf-contra-carlos-augusto-ferreira-secretario-da-fazenda-de-maringa","status":"publish","type":"post","link":"https:\/\/oexpressobr.com.br\/?p=492","title":{"rendered":"Equ\u00edvoco de identidade: justi\u00e7a federal arquiva investiga\u00e7\u00e3o da PF contra carlos augusto ferreira, secret\u00e1rio da fazenda de Maring\u00e1"},"content":{"rendered":"\n<p class=\"wp-block-paragraph\">A Justi\u00e7a Federal determinou o <strong>arquivamento<\/strong> da investiga\u00e7\u00e3o da Pol\u00edcia Federal (PF) contra <strong>Carlos Augusto Ferreira<\/strong>, secret\u00e1rio municipal da Fazenda de Maring\u00e1, por um erro crasso de identifica\u00e7\u00e3o. O inqu\u00e9rito, parte da <strong>Opera\u00e7\u00e3o Mafiusi<\/strong> que apura lavagem de dinheiro proveniente do narcotr\u00e1fico internacional, foi encerrado em rela\u00e7\u00e3o ao secret\u00e1rio ap\u00f3s a pr\u00f3pria PF e o Minist\u00e9rio P\u00fablico Federal (MPF) confirmarem que Ferreira foi erroneamente inclu\u00eddo no caso.<\/p>\n\n\n\n<p class=\"wp-block-paragraph\">\u200bA decis\u00e3o foi proferida pelo juiz Nivaldo Brunoni, da 23\u00aa Vara Federal de Curitiba, que acolheu o pedido da defesa e determinou a restitui\u00e7\u00e3o de todos os bens apreendidos, incluindo carros de luxo como uma Ferrari.<\/p>\n\n\n\n<h3 class=\"wp-block-heading\">\u200bO erro da PF<\/h3>\n\n\n\n<p class=\"wp-block-paragraph\">\u200bCarlos Augusto Ferreira foi alvo de um mandado de busca e apreens\u00e3o em outubro, que levou ao seu afastamento volunt\u00e1rio do cargo para se dedicar \u00e0 defesa. A confus\u00e3o surgiu de conversas interceptadas pela PF, onde um interlocutor chamado <strong>\u201cCARL\u00c3O PIN BANK\u201d<\/strong> discutia a movimenta\u00e7\u00e3o de recursos sem origem conhecida por meio da fintech Pinbank Holding S.A., onde o secret\u00e1rio de Maring\u00e1 havia tido uma breve passagem.<\/p>\n\n\n\n<p class=\"wp-block-paragraph\">\u200bAo analisar o celular apreendido com o secret\u00e1rio, a Pol\u00edcia Federal e o MPF puderam confirmar o equ\u00edvoco. O verdadeiro respons\u00e1vel pelas comunica\u00e7\u00f5es e que utilizava o apelido de &#8220;CARL\u00c3O PIN BANK&#8221; era, na verdade, <strong>Carlos de La Cruz Hyppolito<\/strong>, e n\u00e3o o secret\u00e1rio municipal.<\/p>\n\n\n\n<h3 class=\"wp-block-heading\">\u200bReafirma\u00e7\u00e3o e retorno ao cargo<\/h3>\n\n\n\n<p class=\"wp-block-paragraph\">\u200bAp\u00f3s a confirma\u00e7\u00e3o do erro pela pr\u00f3pria investiga\u00e7\u00e3o, a Justi\u00e7a Federal considerou que n\u00e3o havia mais fundamentos para a manuten\u00e7\u00e3o das medidas restritivas. O MPF certificou que &#8220;a per\u00edcia confirmou que Carlos Augusto Ferreira n\u00e3o tinha envolvimento com as comunica\u00e7\u00f5es suspeitas&#8221;.<\/p>\n\n\n\n<p class=\"wp-block-paragraph\">\u200bDiante dos fatos, o prefeito de Maring\u00e1, Silvio Barros, <strong>reconduziu Carlos Augusto Ferreira<\/strong> ao posto de secret\u00e1rio da Fazenda em 14 de novembro. O prefeito afirmou publicamente que o secret\u00e1rio foi &#8220;v\u00edtima de um grande equ\u00edvoco&#8221;, destacando a import\u00e2ncia da sua contribui\u00e7\u00e3o \u00e0 frente da pasta financeira municipal.<\/p>\n\n\n\n<p class=\"wp-block-paragraph\">\u200bEm manifesta\u00e7\u00e3o \u00e0 imprensa, Ferreira demonstrou al\u00edvio e apontou os altos custos do processo. Ele revelou ter gasto &#8220;milh\u00f5es&#8221; com honor\u00e1rios advocat\u00edcios e laudos periciais para provar sua inoc\u00eancia. No entanto, o secret\u00e1rio manteve um tom de concilia\u00e7\u00e3o com as institui\u00e7\u00f5es, afirmando: <strong>\u201cS\u00e3o pessoas e pessoas erram.\u201d<\/strong><\/p>\n\n\n\n<p class=\"wp-block-paragraph\">\u200bA decis\u00e3o de arquivamento p\u00f5e fim ao constrangimento p\u00fablico do secret\u00e1rio, que viu seu nome envolvido em uma grande opera\u00e7\u00e3o policial por uma falha de identifica\u00e7\u00e3o.<\/p>\n","protected":false},"excerpt":{"rendered":"<p>A Justi\u00e7a Federal determinou o arquivamento da investiga\u00e7\u00e3o da Pol\u00edcia Federal (PF) contra Carlos Augusto Ferreira, secret\u00e1rio municipal da Fazenda de Maring\u00e1, por um erro [&#8230;]<\/p>\n","protected":false},"author":1,"featured_media":493,"comment_status":"open","ping_status":"open","sticky":false,"template":"","format":"standard","meta":{"_crdt_document":"","_jetpack_memberships_contains_paid_content":false,"footnotes":"","jetpack_publicize_message":"","jetpack_publicize_feature_enabled":true,"jetpack_social_post_already_shared":false,"jetpack_social_options":{"image_generator_settings":{"template":"highway","default_image_id":0,"font":"","enabled":false},"version":2}},"categories":[4],"tags":[],"class_list":["post-492","post","type-post","status-publish","format-standard","has-post-thumbnail","hentry","category-maringa"],"jetpack_publicize_connections":[],"jetpack_featured_media_url":"https:\/\/i0.wp.com\/oexpressobr.com.br\/wp-content\/uploads\/2025\/12\/CarlosFerreira.jpeg?fit=1024%2C447&ssl=1","jetpack_likes_enabled":true,"jetpack_sharing_enabled":true,"_links":{"self":[{"href":"https:\/\/oexpressobr.com.br\/index.php?rest_route=\/wp\/v2\/posts\/492","targetHints":{"allow":["GET"]}}],"collection":[{"href":"https:\/\/oexpressobr.com.br\/index.php?rest_route=\/wp\/v2\/posts"}],"about":[{"href":"https:\/\/oexpressobr.com.br\/index.php?rest_route=\/wp\/v2\/types\/post"}],"author":[{"embeddable":true,"href":"https:\/\/oexpressobr.com.br\/index.php?rest_route=\/wp\/v2\/users\/1"}],"replies":[{"embeddable":true,"href":"https:\/\/oexpressobr.com.br\/index.php?rest_route=%2Fwp%2Fv2%2Fcomments&post=492"}],"version-history":[{"count":0,"href":"https:\/\/oexpressobr.com.br\/index.php?rest_route=\/wp\/v2\/posts\/492\/revisions"}],"wp:featuredmedia":[{"embeddable":true,"href":"https:\/\/oexpressobr.com.br\/index.php?rest_route=\/wp\/v2\/media\/493"}],"wp:attachment":[{"href":"https:\/\/oexpressobr.com.br\/index.php?rest_route=%2Fwp%2Fv2%2Fmedia&parent=492"}],"wp:term":[{"taxonomy":"category","embeddable":true,"href":"https:\/\/oexpressobr.com.br\/index.php?rest_route=%2Fwp%2Fv2%2Fcategories&post=492"},{"taxonomy":"post_tag","embeddable":true,"href":"https:\/\/oexpressobr.com.br\/index.php?rest_route=%2Fwp%2Fv2%2Ftags&post=492"}],"curies":[{"name":"wp","href":"https:\/\/api.w.org\/{rel}","templated":true}]}}