{"id":4922,"date":"2026-03-02T07:14:39","date_gmt":"2026-03-02T10:14:39","guid":{"rendered":"https:\/\/oexpressobr.com.br\/?p=4922"},"modified":"2026-03-02T07:14:43","modified_gmt":"2026-03-02T10:14:43","slug":"ato-contra-feminicidio-reune-ministras-e-familia-de-tainara-na-zona-norte-de-sp","status":"publish","type":"post","link":"https:\/\/oexpressobr.com.br\/?p=4922","title":{"rendered":"Ato contra feminic\u00eddio re\u00fane ministras e fam\u00edlia de Tainara na zona norte de SP"},"content":{"rendered":"\n<p class=\"wp-block-paragraph\">\u200bO Parque Novo Mundo, na zona norte de S\u00e3o Paulo, foi palco de uma mobiliza\u00e7\u00e3o nacional contra a viol\u00eancia de g\u00eanero neste domingo, 1\u00ba de mar\u00e7o de 2026. O ato memorial, organizado pelo governo federal, marcou o in\u00edcio das atividades do &#8220;Mar\u00e7o das Mulheres&#8221; e rendeu homenagens a Tainara Souza Santos, de 31 anos, v\u00edtima de um dos crimes mais brutais registrados recentemente na capital paulista.<\/p>\n\n\n\n<p class=\"wp-block-paragraph\">\u200bA manifesta\u00e7\u00e3o contou com a presen\u00e7a das ministras M\u00e1rcia Lopes (Mulheres), Marina Silva (Meio Ambiente) e Sonia Guajajara (Povos Ind\u00edgenas), al\u00e9m do ministro Paulo Teixeira (Desenvolvimento Agr\u00e1rio). Os participantes refizeram o trajeto onde, em novembro de 2025, Tainara foi atropelada e arrastada por cerca de um quil\u00f4metro pelo carro conduzido por Douglas Alves da Silva.<\/p>\n\n\n\n<h3 class=\"wp-block-heading\">\u200bMural e mem\u00f3ria<\/h3>\n\n\n\n<p class=\"wp-block-paragraph\">\u200bUm dos momentos centrais do evento foi a inaugura\u00e7\u00e3o de um mural de mais de 140 metros em homenagem a Tainara, pintado por artistas visuais e grafiteiras da regi\u00e3o. Para a fam\u00edlia da v\u00edtima, presente no ato, a obra simboliza o pedido por justi\u00e7a. &#8220;Ela era uma jovem cheia de vida que foi tirada de mim por um monstro&#8221;, desabafou M\u00e1rcia Souza, m\u00e3e de Tainara, durante o encontro.<\/p>\n\n\n\n<p class=\"wp-block-paragraph\">\u200bTainara faleceu na v\u00e9spera do Natal de 2025, ap\u00f3s 25 dias de interna\u00e7\u00e3o e m\u00faltiplas cirurgias que inclu\u00edram a amputa\u00e7\u00e3o de ambas as pernas devido \u00e0 gravidade dos ferimentos.<\/p>\n\n\n\n<h3 class=\"wp-block-heading\">\u200bDesdobramentos jur\u00eddicos e pol\u00edticos<\/h3>\n\n\n\n<p class=\"wp-block-paragraph\">\u200bAs \u00faltimas novidades sobre o caso refor\u00e7am a gravidade da puni\u00e7\u00e3o esperada. Douglas Alves da Silva, de 26 anos, segue preso no Centro de Deten\u00e7\u00e3o Provis\u00f3ria (CDP) de Guarulhos. Inicialmente investigado por tentativa de feminic\u00eddio, o r\u00e9u agora responde por <strong>feminic\u00eddio consumado<\/strong> com diversas qualificadoras. A defesa da fam\u00edlia de Tainara acredita que, somadas as penas pelas agress\u00f5es e pela morte, a condena\u00e7\u00e3o pode ultrapassar os 50 anos de pris\u00e3o. O julgamento deve ocorrer em j\u00fari popular, possivelmente ainda em 2026.<\/p>\n\n\n\n<p class=\"wp-block-paragraph\">\u200bNo campo das pol\u00edticas p\u00fablicas, a ministra M\u00e1rcia Lopes aproveitou o ato para anunciar:<\/p>\n\n\n\n<ul class=\"wp-block-list\">\n<li>\u200b<strong>Pacto Nacional contra o Feminic\u00eddio:<\/strong> Uma articula\u00e7\u00e3o para que estados e munic\u00edpios padronizem o acolhimento a v\u00edtimas e o rigor na investiga\u00e7\u00e3o.<\/li>\n\n\n\n<li>\u200b<strong>Educa\u00e7\u00e3o nas escolas:<\/strong> A regulamenta\u00e7\u00e3o do projeto &#8220;Maria da Penha vai \u00e0 escola&#8221;, prevista para este m\u00eas, visando combater a cultura da viol\u00eancia desde a base escolar.<\/li>\n\n\n\n<li>\u200b<strong>Nova institui\u00e7\u00e3o:<\/strong> A promessa de instala\u00e7\u00e3o de um centro de acolhimento especializado na regi\u00e3o do Parque Novo Mundo para atender mulheres em situa\u00e7\u00e3o de vulnerabilidade.<\/li>\n<\/ul>\n\n\n\n<p class=\"wp-block-paragraph\">\u200bO evento terminou com um clamor por &#8220;nenhuma a menos&#8221;, ressaltando que o caso de Tainara \u2014 que deixou dois filhos de 7 e 12 anos \u2014 tornou-se um s\u00edmbolo da luta contra a banaliza\u00e7\u00e3o da vida das mulheres no Brasil.<\/p>\n","protected":false},"excerpt":{"rendered":"<p>\u200bO Parque Novo Mundo, na zona norte de S\u00e3o Paulo, foi palco de uma mobiliza\u00e7\u00e3o nacional contra a viol\u00eancia de g\u00eanero neste domingo, 1\u00ba de [&#8230;]<\/p>\n","protected":false},"author":1,"featured_media":4923,"comment_status":"open","ping_status":"open","sticky":false,"template":"","format":"standard","meta":{"_crdt_document":"","_jetpack_memberships_contains_paid_content":false,"footnotes":"","jetpack_publicize_message":"","jetpack_publicize_feature_enabled":true,"jetpack_social_post_already_shared":true,"jetpack_social_options":{"image_generator_settings":{"template":"highway","default_image_id":0,"font":"","enabled":false},"version":2}},"categories":[3],"tags":[],"class_list":["post-4922","post","type-post","status-publish","format-standard","has-post-thumbnail","hentry","category-brasil"],"jetpack_publicize_connections":[],"jetpack_featured_media_url":"https:\/\/i0.wp.com\/oexpressobr.com.br\/wp-content\/uploads\/2026\/03\/177238524769a473df54e84_1772385247_3x2_xl.jpg?fit=1200%2C800&ssl=1","jetpack_likes_enabled":true,"jetpack_sharing_enabled":true,"_links":{"self":[{"href":"https:\/\/oexpressobr.com.br\/index.php?rest_route=\/wp\/v2\/posts\/4922","targetHints":{"allow":["GET"]}}],"collection":[{"href":"https:\/\/oexpressobr.com.br\/index.php?rest_route=\/wp\/v2\/posts"}],"about":[{"href":"https:\/\/oexpressobr.com.br\/index.php?rest_route=\/wp\/v2\/types\/post"}],"author":[{"embeddable":true,"href":"https:\/\/oexpressobr.com.br\/index.php?rest_route=\/wp\/v2\/users\/1"}],"replies":[{"embeddable":true,"href":"https:\/\/oexpressobr.com.br\/index.php?rest_route=%2Fwp%2Fv2%2Fcomments&post=4922"}],"version-history":[{"count":1,"href":"https:\/\/oexpressobr.com.br\/index.php?rest_route=\/wp\/v2\/posts\/4922\/revisions"}],"predecessor-version":[{"id":4924,"href":"https:\/\/oexpressobr.com.br\/index.php?rest_route=\/wp\/v2\/posts\/4922\/revisions\/4924"}],"wp:featuredmedia":[{"embeddable":true,"href":"https:\/\/oexpressobr.com.br\/index.php?rest_route=\/wp\/v2\/media\/4923"}],"wp:attachment":[{"href":"https:\/\/oexpressobr.com.br\/index.php?rest_route=%2Fwp%2Fv2%2Fmedia&parent=4922"}],"wp:term":[{"taxonomy":"category","embeddable":true,"href":"https:\/\/oexpressobr.com.br\/index.php?rest_route=%2Fwp%2Fv2%2Fcategories&post=4922"},{"taxonomy":"post_tag","embeddable":true,"href":"https:\/\/oexpressobr.com.br\/index.php?rest_route=%2Fwp%2Fv2%2Ftags&post=4922"}],"curies":[{"name":"wp","href":"https:\/\/api.w.org\/{rel}","templated":true}]}}