{"id":4938,"date":"2026-03-02T15:49:26","date_gmt":"2026-03-02T18:49:26","guid":{"rendered":"https:\/\/oexpressobr.com.br\/?p=4938"},"modified":"2026-03-02T15:49:30","modified_gmt":"2026-03-02T18:49:30","slug":"juiz-de-fora-inicia-reconstrucao-e-soma-prejuizos-uma-semana-apos-temporal-devastador","status":"publish","type":"post","link":"https:\/\/oexpressobr.com.br\/?p=4938","title":{"rendered":"Juiz de Fora inicia reconstru\u00e7\u00e3o e soma preju\u00edzos uma semana ap\u00f3s temporal devastador"},"content":{"rendered":"\n<p class=\"wp-block-paragraph\"><strong>Juiz de Fora<\/strong> completa hoje sete dias sob o peso de uma das maiores cat\u00e1strofes clim\u00e1ticas de sua hist\u00f3ria recente. Desde a fat\u00eddica noite de <strong>23 de fevereiro<\/strong>, a &#8220;Princesa de Minas&#8221; trocou sua rotina apressada por um sil\u00eancio interrompido apenas pelo som de m\u00e1quinas de limpeza e o luto das fam\u00edlias atingidas.<\/p>\n\n\n\n<p class=\"wp-block-paragraph\">\u200bA trag\u00e9dia, que deixou um rastro de desalojados e danos estruturais severos em bairros como Industrial, Benfica e \u00e1reas centrais, agora entra em uma nova fase: a da <strong>contabiliza\u00e7\u00e3o do preju\u00edzo e o esfor\u00e7o de reerguer a economia local<\/strong>.<\/p>\n\n\n\n<h3 class=\"wp-block-heading\">\u200bO cen\u00e1rio atual e os desafios do recome\u00e7o<\/h3>\n\n\n\n<p class=\"wp-block-paragraph\">\u200bEmbora o n\u00edvel das \u00e1guas tenha baixado, a lama acumulada e o risco de novos deslizamentos em encostas mant\u00eam a Defesa Civil em alerta m\u00e1ximo. O foco das autoridades e dos moradores agora se divide em tr\u00eas frentes principais:<\/p>\n\n\n\n<ul class=\"wp-block-list\">\n<li>\u200b<strong>Infraestrutura:<\/strong> A recupera\u00e7\u00e3o de vias arteriais que sofreram com o asfalto cedido e quedas de barreiras.<\/li>\n\n\n\n<li>\u200b<strong>Assist\u00eancia Social:<\/strong> O suporte psicol\u00f3gico e material para centenas de pessoas que perderam m\u00f3veis, documentos e, em muitos casos, o pr\u00f3prio lar.<\/li>\n\n\n\n<li>\u200b<strong>Solidariedade:<\/strong> Pontos de coleta espalhados pela cidade continuam recebendo doa\u00e7\u00f5es de alimentos n\u00e3o perec\u00edveis e kits de higiene, demonstrando que a mobiliza\u00e7\u00e3o popular \u00e9 o motor do recome\u00e7o.<\/li>\n<\/ul>\n\n\n\n<h3 class=\"wp-block-heading\">\u200bImpactos na comunidade<\/h3>\n\n\n\n<p class=\"wp-block-paragraph\">\u200bPara muitos comerciantes, o sentimento \u00e9 de impot\u00eancia. Estabelecimentos que levaram d\u00e9cadas para serem constru\u00eddos foram invadidos pela \u00e1gua em quest\u00e3o de minutos.<\/p>\n\n\n\n<blockquote class=\"wp-block-quote is-layout-flow wp-block-quote-is-layout-flow\">\n<p class=\"wp-block-paragraph\">\u200b&#8221;N\u00e3o \u00e9 s\u00f3 o barro que a gente limpa, \u00e9 o medo de que a pr\u00f3xima chuva leve o que sobrou. Mas Juiz de Fora \u00e9 resiliente&#8221;, afirma um lojista do bairro Industrial.<\/p>\n<\/blockquote>\n\n\n\n<h3 class=\"wp-block-heading\">\u200bO que esperar para os pr\u00f3ximos dias<\/h3>\n\n\n\n<p class=\"wp-block-paragraph\">\u200bA prefeitura e o governo estadual discutem agora a libera\u00e7\u00e3o de verbas emergenciais para a reconstru\u00e7\u00e3o de pontes e o refor\u00e7o em encostas cr\u00edticas. A previs\u00e3o do tempo continua sendo monitorada de perto, j\u00e1 que o solo saturado aumenta a vulnerabilidade do terreno.<\/p>\n\n\n\n<p class=\"wp-block-paragraph\">\u200bA marca do dia 23 de fevereiro ficar\u00e1 gravada na mem\u00f3ria da cidade n\u00e3o apenas pela for\u00e7a da natureza, mas como o ponto de partida para uma discuss\u00e3o urgente sobre <strong>planejamento urbano e mudan\u00e7as clim\u00e1ticas<\/strong> na Zona da Mata.<\/p>\n","protected":false},"excerpt":{"rendered":"<p>Juiz de Fora completa hoje sete dias sob o peso de uma das maiores cat\u00e1strofes clim\u00e1ticas de sua hist\u00f3ria recente. Desde a fat\u00eddica noite de [&#8230;]<\/p>\n","protected":false},"author":1,"featured_media":4939,"comment_status":"open","ping_status":"open","sticky":false,"template":"","format":"standard","meta":{"_crdt_document":"","_jetpack_memberships_contains_paid_content":false,"footnotes":"","jetpack_publicize_message":"","jetpack_publicize_feature_enabled":true,"jetpack_social_post_already_shared":true,"jetpack_social_options":{"image_generator_settings":{"template":"highway","default_image_id":0,"font":"","enabled":false},"version":2}},"categories":[46],"tags":[],"class_list":["post-4938","post","type-post","status-publish","format-standard","has-post-thumbnail","hentry","category-cidades"],"jetpack_publicize_connections":[],"jetpack_featured_media_url":"https:\/\/i0.wp.com\/oexpressobr.com.br\/wp-content\/uploads\/2026\/03\/IMG-20260302-WA0436.jpg?fit=1200%2C791&ssl=1","jetpack_likes_enabled":true,"jetpack_sharing_enabled":true,"_links":{"self":[{"href":"https:\/\/oexpressobr.com.br\/index.php?rest_route=\/wp\/v2\/posts\/4938","targetHints":{"allow":["GET"]}}],"collection":[{"href":"https:\/\/oexpressobr.com.br\/index.php?rest_route=\/wp\/v2\/posts"}],"about":[{"href":"https:\/\/oexpressobr.com.br\/index.php?rest_route=\/wp\/v2\/types\/post"}],"author":[{"embeddable":true,"href":"https:\/\/oexpressobr.com.br\/index.php?rest_route=\/wp\/v2\/users\/1"}],"replies":[{"embeddable":true,"href":"https:\/\/oexpressobr.com.br\/index.php?rest_route=%2Fwp%2Fv2%2Fcomments&post=4938"}],"version-history":[{"count":1,"href":"https:\/\/oexpressobr.com.br\/index.php?rest_route=\/wp\/v2\/posts\/4938\/revisions"}],"predecessor-version":[{"id":4940,"href":"https:\/\/oexpressobr.com.br\/index.php?rest_route=\/wp\/v2\/posts\/4938\/revisions\/4940"}],"wp:featuredmedia":[{"embeddable":true,"href":"https:\/\/oexpressobr.com.br\/index.php?rest_route=\/wp\/v2\/media\/4939"}],"wp:attachment":[{"href":"https:\/\/oexpressobr.com.br\/index.php?rest_route=%2Fwp%2Fv2%2Fmedia&parent=4938"}],"wp:term":[{"taxonomy":"category","embeddable":true,"href":"https:\/\/oexpressobr.com.br\/index.php?rest_route=%2Fwp%2Fv2%2Fcategories&post=4938"},{"taxonomy":"post_tag","embeddable":true,"href":"https:\/\/oexpressobr.com.br\/index.php?rest_route=%2Fwp%2Fv2%2Ftags&post=4938"}],"curies":[{"name":"wp","href":"https:\/\/api.w.org\/{rel}","templated":true}]}}