{"id":4941,"date":"2026-03-02T15:55:12","date_gmt":"2026-03-02T18:55:12","guid":{"rendered":"https:\/\/oexpressobr.com.br\/?p=4941"},"modified":"2026-03-02T15:55:18","modified_gmt":"2026-03-02T18:55:18","slug":"desembargador-denunciado-por-crimes-sexuais-e-vice-presidente-da-anamages-e-afastado-pelo-cnj","status":"publish","type":"post","link":"https:\/\/oexpressobr.com.br\/?p=4941","title":{"rendered":"Desembargador denunciado por crimes sexuais e vice-presidente da Anamages \u00e9 afastado pelo CNJ"},"content":{"rendered":"\n<p class=\"wp-block-paragraph\">\u200bO Conselho Nacional de Justi\u00e7a (CNJ) determinou, na \u00faltima sexta-feira, o afastamento cautelar de um desembargador do Tribunal de Justi\u00e7a de Minas Gerais (TJMG), rec\u00e9m-empossado, ap\u00f3s graves den\u00fancias de crimes sexuais. O magistrado, que ocupa atualmente o cargo de vice-presidente da Associa\u00e7\u00e3o Nacional dos Magistrados Estaduais (Anamages), possui uma trajet\u00f3ria hist\u00f3rica no judici\u00e1rio mineiro, tendo sido o primeiro estagi\u00e1rio oficial da institui\u00e7\u00e3o.<\/p>\n\n\n\n<h3 class=\"wp-block-heading\">\u200bDo est\u00e1gio ao topo da carreira<\/h3>\n\n\n\n<p class=\"wp-block-paragraph\">\u200bA trajet\u00f3ria do magistrado era vista, at\u00e9 ent\u00e3o, como um exemplo de ascens\u00e3o institucional. Ele ingressou no TJMG d\u00e9cadas atr\u00e1s, inaugurando o programa de est\u00e1gio da corte. Em <strong>junho de 2025<\/strong>, alcan\u00e7ou o \u00e1pice da carreira ao ser empossado como desembargador.<\/p>\n\n\n\n<p class=\"wp-block-paragraph\">\u200bNo entanto, o prest\u00edgio da fun\u00e7\u00e3o e seu papel de lideran\u00e7a na <strong>Anamages<\/strong> agora s\u00e3o confrontados por investiga\u00e7\u00f5es que correm sob sigilo. A decis\u00e3o do CNJ visa garantir a integridade das apura\u00e7\u00f5es e evitar que a perman\u00eancia no cargo possa influenciar o andamento do processo ou intimidar poss\u00edveis v\u00edtimas e testemunhas.<\/p>\n\n\n\n<h3 class=\"wp-block-heading\">\u200bDetalhes do afastamento<\/h3>\n\n\n\n<p class=\"wp-block-paragraph\">\u200bO afastamento foi motivado por den\u00fancias que apontam a pr\u00e1tica de crimes de natureza sexual. Embora os detalhes espec\u00edficos das acusa\u00e7\u00f5es n\u00e3o tenham sido divulgados para preservar a identidade dos envolvidos, a gravidade dos fatos levou o \u00f3rg\u00e3o de controle do judici\u00e1rio a agir com celeridade.<\/p>\n\n\n\n<ul class=\"wp-block-list\">\n<li>\u200b<strong>Data do afastamento:<\/strong> Sexta-feira passada.<\/li>\n\n\n\n<li>\u200b<strong>\u00d3rg\u00e3o determinante:<\/strong> Conselho Nacional de Justi\u00e7a (CNJ).<\/li>\n\n\n\n<li>\u200b<strong>Situa\u00e7\u00e3o atual:<\/strong> O magistrado est\u00e1 impedido de exercer suas fun\u00e7\u00f5es jurisdicionais e administrativas at\u00e9 a conclus\u00e3o das investiga\u00e7\u00f5es.<\/li>\n<\/ul>\n\n\n\n<h3 class=\"wp-block-heading\">\u200bPr\u00f3ximos Passos<\/h3>\n\n\n\n<p class=\"wp-block-paragraph\">\u200bO processo administrativo disciplinar (PAD) deve agora apurar a conduta do desembargador. Paralelamente, a esfera criminal pode ser acionada para investigar se houve viola\u00e7\u00e3o do C\u00f3digo Penal. Caso as den\u00fancias sejam comprovadas, o magistrado poder\u00e1 sofrer san\u00e7\u00f5es que v\u00e3o desde a aposentadoria compuls\u00f3ria at\u00e9 a perda do cargo, al\u00e9m das puni\u00e7\u00f5es criminais cab\u00edveis.<\/p>\n\n\n\n<p class=\"wp-block-paragraph\">\u200bAt\u00e9 o fechamento desta edi\u00e7\u00e3o, a defesa do desembargador e a Anamages n\u00e3o haviam emitido notas oficiais detalhadas sobre o teor das acusa\u00e7\u00f5es. O espa\u00e7o permanece aberto para manifesta\u00e7\u00e3o.<\/p>\n\n\n\n<blockquote class=\"wp-block-quote is-layout-flow wp-block-quote-is-layout-flow\">\n<p class=\"wp-block-paragraph\">\u200b<strong>Nota do Editor:<\/strong> Este caso refor\u00e7a o rigor do CNJ na aplica\u00e7\u00e3o da Lei Org\u00e2nica da Magistratura Nacional (Loman), especialmente em casos que envolvem a integridade f\u00edsica e moral de terceiros.<\/p>\n<\/blockquote>\n","protected":false},"excerpt":{"rendered":"<p>\u200bO Conselho Nacional de Justi\u00e7a (CNJ) determinou, na \u00faltima sexta-feira, o afastamento cautelar de um desembargador do Tribunal de Justi\u00e7a de Minas Gerais (TJMG), rec\u00e9m-empossado, [&#8230;]<\/p>\n","protected":false},"author":1,"featured_media":4942,"comment_status":"open","ping_status":"open","sticky":false,"template":"","format":"standard","meta":{"_crdt_document":"","_jetpack_memberships_contains_paid_content":false,"footnotes":"","jetpack_publicize_message":"","jetpack_publicize_feature_enabled":true,"jetpack_social_post_already_shared":true,"jetpack_social_options":{"image_generator_settings":{"template":"highway","default_image_id":0,"font":"","enabled":false},"version":2}},"categories":[8],"tags":[],"class_list":["post-4941","post","type-post","status-publish","format-standard","has-post-thumbnail","hentry","category-judiciario"],"jetpack_publicize_connections":[],"jetpack_featured_media_url":"https:\/\/i0.wp.com\/oexpressobr.com.br\/wp-content\/uploads\/2026\/03\/IMG-20260302-WA0441.jpg?fit=1200%2C730&ssl=1","jetpack_likes_enabled":true,"jetpack_sharing_enabled":true,"_links":{"self":[{"href":"https:\/\/oexpressobr.com.br\/index.php?rest_route=\/wp\/v2\/posts\/4941","targetHints":{"allow":["GET"]}}],"collection":[{"href":"https:\/\/oexpressobr.com.br\/index.php?rest_route=\/wp\/v2\/posts"}],"about":[{"href":"https:\/\/oexpressobr.com.br\/index.php?rest_route=\/wp\/v2\/types\/post"}],"author":[{"embeddable":true,"href":"https:\/\/oexpressobr.com.br\/index.php?rest_route=\/wp\/v2\/users\/1"}],"replies":[{"embeddable":true,"href":"https:\/\/oexpressobr.com.br\/index.php?rest_route=%2Fwp%2Fv2%2Fcomments&post=4941"}],"version-history":[{"count":1,"href":"https:\/\/oexpressobr.com.br\/index.php?rest_route=\/wp\/v2\/posts\/4941\/revisions"}],"predecessor-version":[{"id":4943,"href":"https:\/\/oexpressobr.com.br\/index.php?rest_route=\/wp\/v2\/posts\/4941\/revisions\/4943"}],"wp:featuredmedia":[{"embeddable":true,"href":"https:\/\/oexpressobr.com.br\/index.php?rest_route=\/wp\/v2\/media\/4942"}],"wp:attachment":[{"href":"https:\/\/oexpressobr.com.br\/index.php?rest_route=%2Fwp%2Fv2%2Fmedia&parent=4941"}],"wp:term":[{"taxonomy":"category","embeddable":true,"href":"https:\/\/oexpressobr.com.br\/index.php?rest_route=%2Fwp%2Fv2%2Fcategories&post=4941"},{"taxonomy":"post_tag","embeddable":true,"href":"https:\/\/oexpressobr.com.br\/index.php?rest_route=%2Fwp%2Fv2%2Ftags&post=4941"}],"curies":[{"name":"wp","href":"https:\/\/api.w.org\/{rel}","templated":true}]}}