{"id":4944,"date":"2026-03-02T16:00:59","date_gmt":"2026-03-02T19:00:59","guid":{"rendered":"https:\/\/oexpressobr.com.br\/?p=4944"},"modified":"2026-03-02T16:01:04","modified_gmt":"2026-03-02T19:01:04","slug":"guerra-no-ira-mantem-voos-suspensos-entre-brasil-e-oriente-medio-e-afeta-conexoes-para-europa-e-asia","status":"publish","type":"post","link":"https:\/\/oexpressobr.com.br\/?p=4944","title":{"rendered":"Guerra no Ir\u00e3 mant\u00e9m voos suspensos entre Brasil e Oriente M\u00e9dio e afeta conex\u00f5es para Europa e \u00c1sia"},"content":{"rendered":"\n<p class=\"wp-block-paragraph\">\u200bA escalada do conflito militar no Oriente M\u00e9dio, intensificada no \u00faltimo fim de semana com ataques envolvendo Ir\u00e3, Israel e Estados Unidos, paralisou as principais rotas a\u00e9reas que ligam o Brasil \u00e0 regi\u00e3o. Nesta segunda-feira (2), especialistas do setor alertam que as interrup\u00e7\u00f5es nos voos da Qatar Airways e Emirates podem se estender por semanas, gerando um efeito domin\u00f3 que prejudica passageiros com destino final na Europa e na \u00c1sia.<\/p>\n\n\n\n<p class=\"wp-block-paragraph\">\u200bAt\u00e9 a manh\u00e3 desta segunda, o Aeroporto Internacional de Guarulhos (SP) j\u00e1 contabilizava 12 cancelamentos, sendo 10 opera\u00e7\u00f5es da Qatar Airways e duas da Emirates. No Rio de Janeiro, o Aeroporto do Gale\u00e3o tamb\u00e9m registrou suspens\u00f5es significativas. O cen\u00e1rio de caos come\u00e7ou no s\u00e1bado (28), quando aeronaves que j\u00e1 sobrevoavam o Oceano Atl\u00e2ntico precisaram abortar a viagem e retornar aos terminais de origem por raz\u00f5es de seguran\u00e7a.<\/p>\n\n\n\n<p class=\"wp-block-paragraph\">\u200b<strong>Impacto nas conex\u00f5es e malha a\u00e9rea<\/strong><\/p>\n\n\n\n<p class=\"wp-block-paragraph\">Como Dubai (Emirates) e Doha (Qatar Airways) operam como os maiores <em>hubs<\/em> de conex\u00e3o do mundo, a interrup\u00e7\u00e3o n\u00e3o afeta apenas quem viaja para os Emirados \u00c1rabes ou Catar. Milhares de brasileiros que utilizam essas escalas para chegar \u00e0 China, Jap\u00e3o, Tail\u00e2ndia e diversos pa\u00edses europeus est\u00e3o retidos.<\/p>\n\n\n\n<p class=\"wp-block-paragraph\">\u200bCompanhias como Lufthansa, Air France e British Airways tamb\u00e9m anunciaram ajustes em suas rotas para evitar os espa\u00e7os a\u00e9reos de nove pa\u00edses, incluindo Iraque, Jord\u00e2nia, Kuwait e L\u00edbano. Estima-se que cerca de 24% de todo o tr\u00e1fego a\u00e9reo comercial que cruza a regi\u00e3o tenha sido afetado, resultando em mais de 1.800 voos cancelados globalmente nas \u00faltimas 48 horas.<\/p>\n\n\n\n<p class=\"wp-block-paragraph\">\u200b<strong>Orienta\u00e7\u00f5es e previs\u00f5es<\/strong><\/p>\n\n\n\n<p class=\"wp-block-paragraph\">Especialistas avaliam que, mesmo com uma eventual reabertura do espa\u00e7o a\u00e9reo, a normaliza\u00e7\u00e3o completa da malha levar\u00e1 tempo devido ao deslocamento de tripula\u00e7\u00f5es e aeronaves que sa\u00edram de posi\u00e7\u00e3o.<\/p>\n\n\n\n<ul class=\"wp-block-list\">\n<li>\u200b<strong>Qatar Airways:<\/strong> Informou que emitir\u00e1 um novo comunicado at\u00e9 as 9h (hor\u00e1rio de Doha) desta ter\u00e7a-feira (3).<\/li>\n\n\n\n<li>\u200b<strong>Emirates:<\/strong> Mant\u00e9m a suspens\u00e3o total das opera\u00e7\u00f5es em Dubai e recomenda que passageiros n\u00e3o se desloquem aos aeroportos sem antes confirmar o status do voo via aplicativo ou site oficial.<\/li>\n\n\n\n<li>\u200b<strong>Direitos do passageiro:<\/strong> O Procon-SP e a Anac refor\u00e7am que, embora o conflito seja considerado &#8220;for\u00e7a maior&#8221;, as companhias devem oferecer assist\u00eancia material (alimenta\u00e7\u00e3o e comunica\u00e7\u00e3o) e op\u00e7\u00f5es de reacomoda\u00e7\u00e3o em voos de outras empresas ou reembolso integral.<\/li>\n<\/ul>\n\n\n\n<p class=\"wp-block-paragraph\">\u200bO Itamaraty emitiu um alerta de emerg\u00eancia recomendando que brasileiros evitem viagens n\u00e3o essenciais para 11 pa\u00edses da regi\u00e3o e orienta aqueles que j\u00e1 est\u00e3o no Oriente M\u00e9dio a monitorar os canais diplom\u00e1ticos e evitar aglomera\u00e7\u00f5es. Al\u00e9m do impacto humanit\u00e1rio e log\u00edstico, o setor econ\u00f4mico j\u00e1 sente reflexos com a disparada do pre\u00e7o do petr\u00f3leo, que pode encarecer as passagens a\u00e9reas em escala global nos pr\u00f3ximos meses.<\/p>\n","protected":false},"excerpt":{"rendered":"<p>\u200bA escalada do conflito militar no Oriente M\u00e9dio, intensificada no \u00faltimo fim de semana com ataques envolvendo Ir\u00e3, Israel e Estados Unidos, paralisou as principais [&#8230;]<\/p>\n","protected":false},"author":1,"featured_media":4945,"comment_status":"open","ping_status":"open","sticky":false,"template":"","format":"standard","meta":{"_crdt_document":"","_jetpack_memberships_contains_paid_content":false,"footnotes":"","jetpack_publicize_message":"","jetpack_publicize_feature_enabled":true,"jetpack_social_post_already_shared":true,"jetpack_social_options":{"image_generator_settings":{"template":"highway","default_image_id":0,"font":"","enabled":false},"version":2}},"categories":[3],"tags":[],"class_list":["post-4944","post","type-post","status-publish","format-standard","has-post-thumbnail","hentry","category-brasil"],"jetpack_publicize_connections":[],"jetpack_featured_media_url":"https:\/\/i0.wp.com\/oexpressobr.com.br\/wp-content\/uploads\/2026\/03\/IMG-20260302-WA0444.jpg?fit=1200%2C800&ssl=1","jetpack_likes_enabled":true,"jetpack_sharing_enabled":true,"_links":{"self":[{"href":"https:\/\/oexpressobr.com.br\/index.php?rest_route=\/wp\/v2\/posts\/4944","targetHints":{"allow":["GET"]}}],"collection":[{"href":"https:\/\/oexpressobr.com.br\/index.php?rest_route=\/wp\/v2\/posts"}],"about":[{"href":"https:\/\/oexpressobr.com.br\/index.php?rest_route=\/wp\/v2\/types\/post"}],"author":[{"embeddable":true,"href":"https:\/\/oexpressobr.com.br\/index.php?rest_route=\/wp\/v2\/users\/1"}],"replies":[{"embeddable":true,"href":"https:\/\/oexpressobr.com.br\/index.php?rest_route=%2Fwp%2Fv2%2Fcomments&post=4944"}],"version-history":[{"count":1,"href":"https:\/\/oexpressobr.com.br\/index.php?rest_route=\/wp\/v2\/posts\/4944\/revisions"}],"predecessor-version":[{"id":4946,"href":"https:\/\/oexpressobr.com.br\/index.php?rest_route=\/wp\/v2\/posts\/4944\/revisions\/4946"}],"wp:featuredmedia":[{"embeddable":true,"href":"https:\/\/oexpressobr.com.br\/index.php?rest_route=\/wp\/v2\/media\/4945"}],"wp:attachment":[{"href":"https:\/\/oexpressobr.com.br\/index.php?rest_route=%2Fwp%2Fv2%2Fmedia&parent=4944"}],"wp:term":[{"taxonomy":"category","embeddable":true,"href":"https:\/\/oexpressobr.com.br\/index.php?rest_route=%2Fwp%2Fv2%2Fcategories&post=4944"},{"taxonomy":"post_tag","embeddable":true,"href":"https:\/\/oexpressobr.com.br\/index.php?rest_route=%2Fwp%2Fv2%2Ftags&post=4944"}],"curies":[{"name":"wp","href":"https:\/\/api.w.org\/{rel}","templated":true}]}}