{"id":4947,"date":"2026-03-02T16:05:49","date_gmt":"2026-03-02T19:05:49","guid":{"rendered":"https:\/\/oexpressobr.com.br\/?p=4947"},"modified":"2026-03-02T16:05:54","modified_gmt":"2026-03-02T19:05:54","slug":"zema-e-lula-protagonizam-embate-sobre-verba-de-r-35-bilhoes-para-chuvas-em-minas-gerais","status":"publish","type":"post","link":"https:\/\/oexpressobr.com.br\/?p=4947","title":{"rendered":"Zema e Lula protagonizam embate sobre verba de R$ 3,5 bilh\u00f5es para chuvas em Minas Gerais"},"content":{"rendered":"\n<p class=\"wp-block-paragraph\">\u200bO cen\u00e1rio de trag\u00e9dia na Zona da Mata mineira, que j\u00e1 contabiliza mais de 70 mortos, tornou-se o novo epicentro de uma crise pol\u00edtica entre o governador Romeu Zema (Novo) e o presidente Luiz In\u00e1cio Lula da Silva (PT). No centro do conflito est\u00e1 a acusa\u00e7\u00e3o, feita pelo governo federal, de que a gest\u00e3o estadual teria deixado de utilizar R$ 3,5 bilh\u00f5es destinados a obras de preven\u00e7\u00e3o, o que foi classificado por Zema como &#8220;fake news&#8221;.<\/p>\n\n\n\n<h3 class=\"wp-block-heading\">\u200bO estopim do conflito<\/h3>\n\n\n\n<p class=\"wp-block-paragraph\">\u200bDurante a 6\u00aa Confer\u00eancia Nacional das Cidades em Bras\u00edlia, realizada no final de fevereiro, o presidente Lula, acompanhado pelo ministro das Cidades, Jader Filho, afirmou que o governo mineiro n\u00e3o apresentou projetos t\u00e9cnicos para acessar recursos do Novo PAC voltados para a conten\u00e7\u00e3o de encostas e macrodrenagem. Segundo o ministro, dos R$ 3,5 bilh\u00f5es disponibilizados para o estado, a execu\u00e7\u00e3o por parte da gest\u00e3o Zema teria sido de apenas 4%, referente a projetos antigos de 2012.<\/p>\n\n\n\n<p class=\"wp-block-paragraph\">\u200bLula refor\u00e7ou a cr\u00edtica ao afirmar que a falta de iniciativa estadual prejudica o povo pobre, que \u00e9 quem mais sofre com os deslizamentos. &#8220;O governo federal vai dar de gra\u00e7a casas para os desabrigados&#8221;, declarou o presidente durante visita a Juiz de Fora e Ub\u00e1 no \u00faltimo s\u00e1bado (28\/02).<\/p>\n\n\n\n<h3 class=\"wp-block-heading\">\u200bA resposta de Zema<\/h3>\n\n\n\n<p class=\"wp-block-paragraph\">\u200bO governador Romeu Zema reagiu duramente \u00e0s declara\u00e7\u00f5es. Em publica\u00e7\u00f5es e notas oficiais, acusou o presidente de &#8220;espalhar fake news&#8221; em um momento de dor para os mineiros. Zema defende que sua gest\u00e3o aumentou os investimentos em preven\u00e7\u00e3o em 170% na m\u00e9dia anual, atingindo a marca de R$ 1,9 bilh\u00e3o em 2025.<\/p>\n\n\n\n<p class=\"wp-block-paragraph\">\u200bO governador argumentou que a responsabilidade pela fiscaliza\u00e7\u00e3o de ocupa\u00e7\u00f5es em \u00e1reas de risco \u00e9 das prefeituras e que o governo federal tenta &#8220;politizar a trag\u00e9dia&#8221;. &#8220;O cargo de presidente deveria ser para unir a na\u00e7\u00e3o, e n\u00e3o para espalhar mentiras&#8221;, afirmou Zema.<\/p>\n\n\n\n<h3 class=\"wp-block-heading\">\u200bBalan\u00e7o da trag\u00e9dia e medidas de socorro<\/h3>\n\n\n\n<p class=\"wp-block-paragraph\">\u200bEnquanto o embate pol\u00edtico escala, os n\u00fameros da trag\u00e9dia na Zona da Mata seguem preocupantes:<\/p>\n\n\n\n<ul class=\"wp-block-list\">\n<li>\u200b<strong>V\u00edtimas:<\/strong> At\u00e9 a manh\u00e3 desta segunda-feira (02\/03), o Corpo de Bombeiros e a Pol\u00edcia Civil confirmaram <strong>72 mortes<\/strong>, a maioria concentrada em Juiz de Fora (mais de 60 v\u00edtimas) e Ub\u00e1.<\/li>\n\n\n\n<li>\u200b<strong>A\u00e7\u00e3o Federal:<\/strong> Lula anunciou que adotar\u00e1 em Minas o mesmo modelo de reconstru\u00e7\u00e3o utilizado no Rio Grande do Sul em 2024, incluindo a &#8220;Compra Assistida&#8221; de im\u00f3veis para quem perdeu a casa e a libera\u00e7\u00e3o de saque do FGTS e antecipa\u00e7\u00e3o do Bolsa Fam\u00edlia e BPC para os atingidos.<\/li>\n\n\n\n<li>\u200b<strong>A\u00e7\u00e3o Estadual:<\/strong> O governo de Minas anunciou a antecipa\u00e7\u00e3o de cerca de R$ 47 milh\u00f5es para os munic\u00edpios mais afetados, destinados a custeio hospitalar e apoio emergencial.<\/li>\n<\/ul>\n\n\n\n<p class=\"wp-block-paragraph\">\u200bO clima de tens\u00e3o entre o Pal\u00e1cio Tiradentes e o Pal\u00e1cio do Planalto ocorre no momento em que ambos os lados articulam alian\u00e7as para as elei\u00e7\u00f5es de 2026, evidenciando que a gest\u00e3o de desastres clim\u00e1ticos ser\u00e1 um dos principais temas do debate eleitoral em Minas Gerais.<\/p>\n","protected":false},"excerpt":{"rendered":"<p>\u200bO cen\u00e1rio de trag\u00e9dia na Zona da Mata mineira, que j\u00e1 contabiliza mais de 70 mortos, tornou-se o novo epicentro de uma crise pol\u00edtica entre [&#8230;]<\/p>\n","protected":false},"author":1,"featured_media":4948,"comment_status":"open","ping_status":"open","sticky":false,"template":"","format":"standard","meta":{"_crdt_document":"","_jetpack_memberships_contains_paid_content":false,"footnotes":"","jetpack_publicize_message":"","jetpack_publicize_feature_enabled":true,"jetpack_social_post_already_shared":true,"jetpack_social_options":{"image_generator_settings":{"template":"highway","default_image_id":0,"font":"","enabled":false},"version":2}},"categories":[7],"tags":[],"class_list":["post-4947","post","type-post","status-publish","format-standard","has-post-thumbnail","hentry","category-politica"],"jetpack_publicize_connections":[],"jetpack_featured_media_url":"https:\/\/i0.wp.com\/oexpressobr.com.br\/wp-content\/uploads\/2026\/03\/IMG-20260302-WA0445.jpg?fit=1200%2C800&ssl=1","jetpack_likes_enabled":true,"jetpack_sharing_enabled":true,"_links":{"self":[{"href":"https:\/\/oexpressobr.com.br\/index.php?rest_route=\/wp\/v2\/posts\/4947","targetHints":{"allow":["GET"]}}],"collection":[{"href":"https:\/\/oexpressobr.com.br\/index.php?rest_route=\/wp\/v2\/posts"}],"about":[{"href":"https:\/\/oexpressobr.com.br\/index.php?rest_route=\/wp\/v2\/types\/post"}],"author":[{"embeddable":true,"href":"https:\/\/oexpressobr.com.br\/index.php?rest_route=\/wp\/v2\/users\/1"}],"replies":[{"embeddable":true,"href":"https:\/\/oexpressobr.com.br\/index.php?rest_route=%2Fwp%2Fv2%2Fcomments&post=4947"}],"version-history":[{"count":1,"href":"https:\/\/oexpressobr.com.br\/index.php?rest_route=\/wp\/v2\/posts\/4947\/revisions"}],"predecessor-version":[{"id":4949,"href":"https:\/\/oexpressobr.com.br\/index.php?rest_route=\/wp\/v2\/posts\/4947\/revisions\/4949"}],"wp:featuredmedia":[{"embeddable":true,"href":"https:\/\/oexpressobr.com.br\/index.php?rest_route=\/wp\/v2\/media\/4948"}],"wp:attachment":[{"href":"https:\/\/oexpressobr.com.br\/index.php?rest_route=%2Fwp%2Fv2%2Fmedia&parent=4947"}],"wp:term":[{"taxonomy":"category","embeddable":true,"href":"https:\/\/oexpressobr.com.br\/index.php?rest_route=%2Fwp%2Fv2%2Fcategories&post=4947"},{"taxonomy":"post_tag","embeddable":true,"href":"https:\/\/oexpressobr.com.br\/index.php?rest_route=%2Fwp%2Fv2%2Ftags&post=4947"}],"curies":[{"name":"wp","href":"https:\/\/api.w.org\/{rel}","templated":true}]}}