{"id":4950,"date":"2026-03-02T16:20:13","date_gmt":"2026-03-02T19:20:13","guid":{"rendered":"https:\/\/oexpressobr.com.br\/?p=4950"},"modified":"2026-03-02T16:20:18","modified_gmt":"2026-03-02T19:20:18","slug":"justica-procura-ratinho-ha-meses-por-acusacao-contra-chico-buarque","status":"publish","type":"post","link":"https:\/\/oexpressobr.com.br\/?p=4950","title":{"rendered":"Justi\u00e7a procura Ratinho h\u00e1 meses por acusa\u00e7\u00e3o contra Chico Buarque"},"content":{"rendered":"\n<p class=\"wp-block-paragraph\">\u200bO apresentador <strong>Carlos Roberto Massa<\/strong>, o <strong>Ratinho<\/strong>, tornou-se alvo de uma busca judicial que j\u00e1 se estende por cinco meses. Oficiais de Justi\u00e7a tentam localiz\u00e1-lo para entregar uma cita\u00e7\u00e3o formal em um processo por danos morais movido pelo cantor e compositor <strong>Chico Buarque<\/strong>. A a\u00e7\u00e3o teve origem ap\u00f3s declara\u00e7\u00f5es pol\u00eamicas do comunicador sobre o uso da <strong>Lei Rouanet<\/strong>.<\/p>\n\n\n\n<h3 class=\"wp-block-heading\">\u200bO imbr\u00f3glio judicial e as buscas<\/h3>\n\n\n\n<p class=\"wp-block-paragraph\">\u200bA disputa come\u00e7ou em setembro de 2025, quando Ratinho, durante transmiss\u00e3o em sua r\u00e1dio, a <em>Massa FM<\/em>, afirmou que o engajamento pol\u00edtico de Chico Buarque estaria atrelado ao recebimento de recursos p\u00fablicos. Na ocasi\u00e3o, o apresentador disparou: <em>&#8220;Chico Buarque ser de esquerda \u00e9 f\u00e1cil. Bebe champanhe, come caviar e pega dinheiro da Lei Rouanet&#8221;<\/em>.<\/p>\n\n\n\n<p class=\"wp-block-paragraph\">\u200bDesde ent\u00e3o, a Justi\u00e7a do Rio de Janeiro tenta notificar o apresentador sobre a decis\u00e3o que exige uma <strong>retrata\u00e7\u00e3o ou a apresenta\u00e7\u00e3o de provas<\/strong> das acusa\u00e7\u00f5es. Confira os detalhes das tentativas de localiza\u00e7\u00e3o:<\/p>\n\n\n\n<ul class=\"wp-block-list\">\n<li>\u200b<strong>Paran\u00e1:<\/strong> As primeiras dilig\u00eancias ocorreram em endere\u00e7os vinculados \u00e0s empresas de Ratinho no estado, sem sucesso.<\/li>\n\n\n\n<li>\u200b<strong>S\u00e3o Paulo (SBT):<\/strong> Desde o dia 5 de fevereiro de 2026, o foco das buscas mudou para S\u00e3o Paulo. Oficiais tentaram cit\u00e1-lo inclusive na sede do <strong>SBT<\/strong>, em Osasco, onde ele grava seu programa di\u00e1rio, mas o mandado ainda n\u00e3o foi cumprido.<\/li>\n\n\n\n<li>\u200b<strong>Licen\u00e7a m\u00e9dica:<\/strong> Recentemente, a oficial de Justi\u00e7a respons\u00e1vel relatou ao juiz que, apesar de ter contatado o setor jur\u00eddico da emissora e recebido o contato do advogado do apresentador, n\u00e3o obteve retorno efetivo. A servidora entrou em licen\u00e7a m\u00e9dica, o que exigir\u00e1 a nomea\u00e7\u00e3o de um novo oficial para o caso.<\/li>\n<\/ul>\n\n\n\n<h3 class=\"wp-block-heading\">\u200bConsequ\u00eancias e valores<\/h3>\n\n\n\n<p class=\"wp-block-paragraph\">\u200bChico Buarque, que nega categoricamente ter utilizado a Lei Rouanet, pede uma indeniza\u00e7\u00e3o de <strong>R$ 50 mil<\/strong> por danos \u00e0 honra e reputa\u00e7\u00e3o. Seus advogados sustentam que &#8220;n\u00e3o existe o direito de mentir&#8221; sob o pretexto de liberdade de express\u00e3o.<\/p>\n\n\n\n<p class=\"wp-block-paragraph\">\u200bCaso Ratinho continue evitando a cita\u00e7\u00e3o ou descumpra a ordem judicial de retrata\u00e7\u00e3o ap\u00f3s ser formalmente notificado, ele poder\u00e1 responder por <strong>crime de desobedi\u00eancia<\/strong>, o que abre brecha para medidas mais severas, incluindo o risco de pris\u00e3o em flagrante.<\/p>\n\n\n\n<p class=\"wp-block-paragraph\">At\u00e9 o momento, a assessoria do apresentador Ratinho mant\u00e9m a postura de n\u00e3o comentar processos judiciais em andamento.<\/p>\n","protected":false},"excerpt":{"rendered":"<p>\u200bO apresentador Carlos Roberto Massa, o Ratinho, tornou-se alvo de uma busca judicial que j\u00e1 se estende por cinco meses. Oficiais de Justi\u00e7a tentam localiz\u00e1-lo [&#8230;]<\/p>\n","protected":false},"author":1,"featured_media":4951,"comment_status":"open","ping_status":"open","sticky":false,"template":"","format":"standard","meta":{"_crdt_document":"","_jetpack_memberships_contains_paid_content":false,"footnotes":"","jetpack_publicize_message":"","jetpack_publicize_feature_enabled":true,"jetpack_social_post_already_shared":true,"jetpack_social_options":{"image_generator_settings":{"template":"highway","default_image_id":0,"font":"","enabled":false},"version":2}},"categories":[8],"tags":[],"class_list":["post-4950","post","type-post","status-publish","format-standard","has-post-thumbnail","hentry","category-judiciario"],"jetpack_publicize_connections":[],"jetpack_featured_media_url":"https:\/\/i0.wp.com\/oexpressobr.com.br\/wp-content\/uploads\/2026\/03\/174924855668436a2c580a2_1749248556_3x2_xl.jpg?fit=1200%2C800&ssl=1","jetpack_likes_enabled":true,"jetpack_sharing_enabled":true,"_links":{"self":[{"href":"https:\/\/oexpressobr.com.br\/index.php?rest_route=\/wp\/v2\/posts\/4950","targetHints":{"allow":["GET"]}}],"collection":[{"href":"https:\/\/oexpressobr.com.br\/index.php?rest_route=\/wp\/v2\/posts"}],"about":[{"href":"https:\/\/oexpressobr.com.br\/index.php?rest_route=\/wp\/v2\/types\/post"}],"author":[{"embeddable":true,"href":"https:\/\/oexpressobr.com.br\/index.php?rest_route=\/wp\/v2\/users\/1"}],"replies":[{"embeddable":true,"href":"https:\/\/oexpressobr.com.br\/index.php?rest_route=%2Fwp%2Fv2%2Fcomments&post=4950"}],"version-history":[{"count":1,"href":"https:\/\/oexpressobr.com.br\/index.php?rest_route=\/wp\/v2\/posts\/4950\/revisions"}],"predecessor-version":[{"id":4952,"href":"https:\/\/oexpressobr.com.br\/index.php?rest_route=\/wp\/v2\/posts\/4950\/revisions\/4952"}],"wp:featuredmedia":[{"embeddable":true,"href":"https:\/\/oexpressobr.com.br\/index.php?rest_route=\/wp\/v2\/media\/4951"}],"wp:attachment":[{"href":"https:\/\/oexpressobr.com.br\/index.php?rest_route=%2Fwp%2Fv2%2Fmedia&parent=4950"}],"wp:term":[{"taxonomy":"category","embeddable":true,"href":"https:\/\/oexpressobr.com.br\/index.php?rest_route=%2Fwp%2Fv2%2Fcategories&post=4950"},{"taxonomy":"post_tag","embeddable":true,"href":"https:\/\/oexpressobr.com.br\/index.php?rest_route=%2Fwp%2Fv2%2Ftags&post=4950"}],"curies":[{"name":"wp","href":"https:\/\/api.w.org\/{rel}","templated":true}]}}