{"id":4954,"date":"2026-03-03T05:29:59","date_gmt":"2026-03-03T08:29:59","guid":{"rendered":"https:\/\/oexpressobr.com.br\/?p=4954"},"modified":"2026-03-03T05:30:06","modified_gmt":"2026-03-03T08:30:06","slug":"marcio-nunes-assina-acordo-com-mp-por-uso-politico-de-respiradores-na-pandemia","status":"publish","type":"post","link":"https:\/\/oexpressobr.com.br\/?p=4954","title":{"rendered":"M\u00e1rcio Nunes assina acordo com MP por uso pol\u00edtico de respiradores na pandemia"},"content":{"rendered":"\n<p class=\"wp-block-paragraph\">O secret\u00e1rio de Estado da Agricultura e do Abastecimento do Paran\u00e1, M\u00e1rcio Nunes (PSD), firmou um Acordo de N\u00e3o Persecu\u00e7\u00e3o C\u00edvel (ANPC) com o Minist\u00e9rio P\u00fablico do Paran\u00e1 (MP-PR) para encerrar uma investiga\u00e7\u00e3o de improbidade administrativa. O caso envolve o uso promocional e pol\u00edtico de uma doa\u00e7\u00e3o de respiradores hospitalares realizada durante o auge da pandemia de Covid-19, em 2021.<\/p>\n\n\n\n<p class=\"wp-block-paragraph\">\u200bDe acordo com as investiga\u00e7\u00f5es da Promotoria de Justi\u00e7a de Prote\u00e7\u00e3o ao Patrim\u00f4nio P\u00fablico, Nunes teria conferido car\u00e1ter pessoal a um ato que deveria ser estritamente institucional e impessoal. Na \u00e9poca, enquanto ocupava o cargo de secret\u00e1rio do Desenvolvimento Sustent\u00e1vel, ele publicou um v\u00eddeo em suas redes sociais agradecendo a uma empresa pela doa\u00e7\u00e3o de equipamentos \u00e0 Santa Casa de Campo Mour\u00e3o. Na grava\u00e7\u00e3o, o secret\u00e1rio aparecia ao lado de sua filha, m\u00e9dica da unidade, o que foi interpretado pelo MP como uma tentativa de promo\u00e7\u00e3o pessoal e pol\u00edtica sobre um recurso destinado \u00e0 sa\u00fade p\u00fablica.<\/p>\n\n\n\n<p class=\"wp-block-paragraph\">\u200b<strong>Detalhes do acordo e penalidades<\/strong><\/p>\n\n\n\n<p class=\"wp-block-paragraph\">Para evitar o prosseguimento da a\u00e7\u00e3o judicial e uma poss\u00edvel condena\u00e7\u00e3o que poderia levar \u00e0 inelegibilidade, M\u00e1rcio Nunes admitiu a irregularidade e aceitou as condi\u00e7\u00f5es impostas pelo Minist\u00e9rio P\u00fablico. Os principais pontos do acordo incluem:<\/p>\n\n\n\n<ul class=\"wp-block-list\">\n<li>\u200b<strong>Pagamento de multa:<\/strong> O secret\u00e1rio dever\u00e1 pagar o valor de R$ 23,6 mil aos cofres p\u00fablicos.<\/li>\n\n\n\n<li>\u200b<strong>Confiss\u00e3o:<\/strong> Nunes admitiu que a conduta feriu os princ\u00edpios da administra\u00e7\u00e3o p\u00fablica, embora sua defesa sustente que a publica\u00e7\u00e3o foi uma forma de &#8220;prestar contas&#8221; e que o acordo foi aceito devido ao &#8220;baixo valor proposto&#8221;.<\/li>\n\n\n\n<li>\u200b<strong>Preserva\u00e7\u00e3o dos direitos pol\u00edticos:<\/strong> Com a assinatura do ANPC, o processo \u00e9 arquivado, permitindo que o secret\u00e1rio mantenha seus direitos pol\u00edticos plenos para as pr\u00f3ximas elei\u00e7\u00f5es.<\/li>\n<\/ul>\n\n\n\n<p class=\"wp-block-paragraph\">\u200b<strong>Cen\u00e1rio pol\u00edtico no Paran\u00e1<\/strong><\/p>\n\n\n\n<p class=\"wp-block-paragraph\">O caso de M\u00e1rcio Nunes n\u00e3o \u00e9 isolado dentro de sua legenda. Recentemente, outros nomes de peso do PSD paranaense tamb\u00e9m recorreram a acordos semelhantes com o Minist\u00e9rio P\u00fablico para encerrar processos de irregularidades. Entre eles est\u00e3o o ex-presidente da Assembleia Legislativa (Alep), Ademar Traiano, envolvido em confiss\u00e3o de recebimento de propina, e os deputados Marcelo Rangel e Moacyr Fadel.<\/p>\n\n\n\n<p class=\"wp-block-paragraph\">\u200bA utiliza\u00e7\u00e3o do Acordo de N\u00e3o Persecu\u00e7\u00e3o C\u00edvel, institu\u00eddo pelo Pacote Anticrime de 2019, tem se tornado uma ferramenta frequente para pol\u00edticos que buscam celeridade na resolu\u00e7\u00e3o de conflitos jur\u00eddicos e a garantia de que n\u00e3o ser\u00e3o barrados pela Lei da Ficha Limpa.<\/p>\n\n\n\n<p class=\"wp-block-paragraph\">\u200bAt\u00e9 o momento, a Secretaria de Agricultura e o Governo do Estado n\u00e3o emitiram notas oficiais adicionais sobre o acordo firmado pelo secret\u00e1rio. O v\u00eddeo que deu origem \u00e0 investiga\u00e7\u00e3o foi apagado das redes sociais de Nunes poucas horas ap\u00f3s a publica\u00e7\u00e3o original, ainda em 2021.<\/p>\n","protected":false},"excerpt":{"rendered":"<p>O secret\u00e1rio de Estado da Agricultura e do Abastecimento do Paran\u00e1, M\u00e1rcio Nunes (PSD), firmou um Acordo de N\u00e3o Persecu\u00e7\u00e3o C\u00edvel (ANPC) com o Minist\u00e9rio [&#8230;]<\/p>\n","protected":false},"author":1,"featured_media":4955,"comment_status":"open","ping_status":"open","sticky":false,"template":"","format":"standard","meta":{"_crdt_document":"","_jetpack_memberships_contains_paid_content":false,"footnotes":"","jetpack_publicize_message":"","jetpack_publicize_feature_enabled":true,"jetpack_social_post_already_shared":true,"jetpack_social_options":{"image_generator_settings":{"template":"highway","default_image_id":0,"font":"","enabled":false},"version":2}},"categories":[5],"tags":[],"class_list":["post-4954","post","type-post","status-publish","format-standard","has-post-thumbnail","hentry","category-parana"],"jetpack_publicize_connections":[],"jetpack_featured_media_url":"https:\/\/i0.wp.com\/oexpressobr.com.br\/wp-content\/uploads\/2026\/03\/marcio-nunes.jpg?fit=770%2C470&ssl=1","jetpack_likes_enabled":true,"jetpack_sharing_enabled":true,"_links":{"self":[{"href":"https:\/\/oexpressobr.com.br\/index.php?rest_route=\/wp\/v2\/posts\/4954","targetHints":{"allow":["GET"]}}],"collection":[{"href":"https:\/\/oexpressobr.com.br\/index.php?rest_route=\/wp\/v2\/posts"}],"about":[{"href":"https:\/\/oexpressobr.com.br\/index.php?rest_route=\/wp\/v2\/types\/post"}],"author":[{"embeddable":true,"href":"https:\/\/oexpressobr.com.br\/index.php?rest_route=\/wp\/v2\/users\/1"}],"replies":[{"embeddable":true,"href":"https:\/\/oexpressobr.com.br\/index.php?rest_route=%2Fwp%2Fv2%2Fcomments&post=4954"}],"version-history":[{"count":1,"href":"https:\/\/oexpressobr.com.br\/index.php?rest_route=\/wp\/v2\/posts\/4954\/revisions"}],"predecessor-version":[{"id":4956,"href":"https:\/\/oexpressobr.com.br\/index.php?rest_route=\/wp\/v2\/posts\/4954\/revisions\/4956"}],"wp:featuredmedia":[{"embeddable":true,"href":"https:\/\/oexpressobr.com.br\/index.php?rest_route=\/wp\/v2\/media\/4955"}],"wp:attachment":[{"href":"https:\/\/oexpressobr.com.br\/index.php?rest_route=%2Fwp%2Fv2%2Fmedia&parent=4954"}],"wp:term":[{"taxonomy":"category","embeddable":true,"href":"https:\/\/oexpressobr.com.br\/index.php?rest_route=%2Fwp%2Fv2%2Fcategories&post=4954"},{"taxonomy":"post_tag","embeddable":true,"href":"https:\/\/oexpressobr.com.br\/index.php?rest_route=%2Fwp%2Fv2%2Ftags&post=4954"}],"curies":[{"name":"wp","href":"https:\/\/api.w.org\/{rel}","templated":true}]}}