{"id":4957,"date":"2026-03-03T06:07:29","date_gmt":"2026-03-03T09:07:29","guid":{"rendered":"https:\/\/oexpressobr.com.br\/?p=4957"},"modified":"2026-03-03T06:07:34","modified_gmt":"2026-03-03T09:07:34","slug":"alireza-arafi-assume-lideranca-interina-do-ira-apos-morte-de-ali-khamenei-em-ataque-coordenado","status":"publish","type":"post","link":"https:\/\/oexpressobr.com.br\/?p=4957","title":{"rendered":"Alireza Arafi assume lideran\u00e7a interina do Ir\u00e3 ap\u00f3s morte de Ali Khamenei em ataque coordenado"},"content":{"rendered":"\n<p class=\"wp-block-paragraph\">\u200bA Rep\u00fablica Isl\u00e2mica do Ir\u00e3 vive um momento de transi\u00e7\u00e3o hist\u00f3rica e incertezas ap\u00f3s a confirma\u00e7\u00e3o da morte de seu L\u00edder Supremo, o aiatol\u00e1 <strong>Ali Khamenei<\/strong>, ocorrida no \u00faltimo s\u00e1bado (28 de fevereiro). Em uma resposta r\u00e1pida para evitar um v\u00e1cuo de poder, o governo iraniano anunciou o aiatol\u00e1 <strong>Alireza Arafi<\/strong>, de 67 anos, como a figura central do conselho interino que governar\u00e1 o pa\u00eds at\u00e9 a elei\u00e7\u00e3o de um novo sucessor permanente.<\/p>\n\n\n\n<p class=\"wp-block-paragraph\">\u200bKhamenei, que ocupava o posto m\u00e1ximo desde 1989, foi morto durante uma opera\u00e7\u00e3o militar conjunta entre <strong>Estados Unidos<\/strong> e <strong>Israel<\/strong>. O ataque, confirmado pelo presidente norte-americano Donald Trump e pelo primeiro-ministro israelense Benjamin Netanyahu, visou desmantelar o programa nuclear e a estrutura de comando do regime.<\/p>\n\n\n\n<h3 class=\"wp-block-heading\">\u200bO perfil do l\u00edder tempor\u00e1rio<\/h3>\n\n\n\n<p class=\"wp-block-paragraph\">\u200bAlireza Arafi n\u00e3o \u00e9 um desconhecido nos corredores do poder em Teer\u00e3. Considerado um homem de confian\u00e7a de Khamenei, ele possui um perfil que mistura erudi\u00e7\u00e3o teol\u00f3gica com experi\u00eancia administrativa e diplom\u00e1tica:<\/p>\n\n\n\n<ul class=\"wp-block-list\">\n<li>\u200b<strong>Educa\u00e7\u00e3o e Carreira:<\/strong> Nascido em Meybod, Arafi \u00e9 um <em>mujtahid<\/em> (jurista isl\u00e2mico) formado nos prestigiados semin\u00e1rios de Qom. Ele dirigiu a <strong>Universidade Internacional Al-Mustafa<\/strong>, institui\u00e7\u00e3o estrat\u00e9gica para a exporta\u00e7\u00e3o da ideologia do regime.<\/li>\n\n\n\n<li>\u200b<strong>Di\u00e1logo Internacional:<\/strong> Em 2022, protagonizou um evento raro ao se reunir com o <strong>Papa Francisco<\/strong> no Vaticano, sinalizando uma face de interlocu\u00e7\u00e3o externa que o regime agora pode tentar explorar.<\/li>\n\n\n\n<li>\u200b<strong>Controle Institucional:<\/strong> Al\u00e9m de sua fun\u00e7\u00e3o atual, ele integra o <strong>Conselho dos Guardi\u00e3es<\/strong>, \u00f3rg\u00e3o que tem o poder de vetar leis e candidatos pol\u00edticos no pa\u00eds.<\/li>\n<\/ul>\n\n\n\n<h3 class=\"wp-block-heading\">\u200bComo funciona a transi\u00e7\u00e3o<\/h3>\n\n\n\n<p class=\"wp-block-paragraph\">\u200bDe acordo com o Artigo 111 da Constitui\u00e7\u00e3o iraniana, o poder agora \u00e9 exercido por um <strong>Conselho de Lideran\u00e7a Interina<\/strong>, composto por:<\/p>\n\n\n\n<ol class=\"wp-block-list\">\n<li>\u200b<strong>Alireza Arafi<\/strong> (representando a ala clerical);<\/li>\n\n\n\n<li>\u200b<strong>Masoud Pezeshkian<\/strong> (Presidente do Ir\u00e3);<\/li>\n\n\n\n<li>\u200b<strong>Gholamhossein Mohseni-Ejei<\/strong> (Chefe do Judici\u00e1rio).<\/li>\n<\/ol>\n\n\n\n<p class=\"wp-block-paragraph\">\u200bEste triunvirato tem o dever de manter a estabilidade enquanto a <strong>Assembleia de Peritos<\/strong>, formada por 88 cl\u00e9rigos, delibera sobre quem ser\u00e1 o pr\u00f3ximo L\u00edder Supremo vital\u00edcio. Embora o chanceler Abbas Araghchi tenha indicado que a escolha pode ocorrer em poucos dias, analistas internacionais apontam que o enfraquecimento da Guarda Revolucion\u00e1ria e a press\u00e3o militar externa tornam o cen\u00e1rio imprevis\u00edvel.<\/p>\n\n\n\n<blockquote class=\"wp-block-quote is-layout-flow wp-block-quote-is-layout-flow\">\n<p class=\"wp-block-paragraph\">\u200b&#8221;A Rep\u00fablica Isl\u00e2mica considera seu dever leg\u00edtimo vingar os perpetradores deste crime hist\u00f3rico&#8221;, afirmou o presidente Pezeshkian em pronunciamento na TV estatal, refor\u00e7ando que, apesar da transi\u00e7\u00e3o, a postura de confronto com o Ocidente permanece.<\/p>\n<\/blockquote>\n","protected":false},"excerpt":{"rendered":"<p>\u200bA Rep\u00fablica Isl\u00e2mica do Ir\u00e3 vive um momento de transi\u00e7\u00e3o hist\u00f3rica e incertezas ap\u00f3s a confirma\u00e7\u00e3o da morte de seu L\u00edder Supremo, o aiatol\u00e1 Ali [&#8230;]<\/p>\n","protected":false},"author":1,"featured_media":4958,"comment_status":"open","ping_status":"open","sticky":false,"template":"","format":"standard","meta":{"_crdt_document":"","_jetpack_memberships_contains_paid_content":false,"footnotes":"","jetpack_publicize_message":"","jetpack_publicize_feature_enabled":true,"jetpack_social_post_already_shared":true,"jetpack_social_options":{"image_generator_settings":{"template":"highway","default_image_id":0,"font":"","enabled":false},"version":2}},"categories":[15],"tags":[],"class_list":["post-4957","post","type-post","status-publish","format-standard","has-post-thumbnail","hentry","category-internacional"],"jetpack_publicize_connections":[],"jetpack_featured_media_url":"https:\/\/i0.wp.com\/oexpressobr.com.br\/wp-content\/uploads\/2026\/03\/177247385269a5cdfc7f3af_1772473852_3x2_lg.jpg?fit=1024%2C683&ssl=1","jetpack_likes_enabled":true,"jetpack_sharing_enabled":true,"_links":{"self":[{"href":"https:\/\/oexpressobr.com.br\/index.php?rest_route=\/wp\/v2\/posts\/4957","targetHints":{"allow":["GET"]}}],"collection":[{"href":"https:\/\/oexpressobr.com.br\/index.php?rest_route=\/wp\/v2\/posts"}],"about":[{"href":"https:\/\/oexpressobr.com.br\/index.php?rest_route=\/wp\/v2\/types\/post"}],"author":[{"embeddable":true,"href":"https:\/\/oexpressobr.com.br\/index.php?rest_route=\/wp\/v2\/users\/1"}],"replies":[{"embeddable":true,"href":"https:\/\/oexpressobr.com.br\/index.php?rest_route=%2Fwp%2Fv2%2Fcomments&post=4957"}],"version-history":[{"count":1,"href":"https:\/\/oexpressobr.com.br\/index.php?rest_route=\/wp\/v2\/posts\/4957\/revisions"}],"predecessor-version":[{"id":4959,"href":"https:\/\/oexpressobr.com.br\/index.php?rest_route=\/wp\/v2\/posts\/4957\/revisions\/4959"}],"wp:featuredmedia":[{"embeddable":true,"href":"https:\/\/oexpressobr.com.br\/index.php?rest_route=\/wp\/v2\/media\/4958"}],"wp:attachment":[{"href":"https:\/\/oexpressobr.com.br\/index.php?rest_route=%2Fwp%2Fv2%2Fmedia&parent=4957"}],"wp:term":[{"taxonomy":"category","embeddable":true,"href":"https:\/\/oexpressobr.com.br\/index.php?rest_route=%2Fwp%2Fv2%2Fcategories&post=4957"},{"taxonomy":"post_tag","embeddable":true,"href":"https:\/\/oexpressobr.com.br\/index.php?rest_route=%2Fwp%2Fv2%2Ftags&post=4957"}],"curies":[{"name":"wp","href":"https:\/\/api.w.org\/{rel}","templated":true}]}}