{"id":4966,"date":"2026-03-03T06:22:45","date_gmt":"2026-03-03T09:22:45","guid":{"rendered":"https:\/\/oexpressobr.com.br\/?p=4966"},"modified":"2026-03-03T06:22:48","modified_gmt":"2026-03-03T09:22:48","slug":"israel-e-ira-intensificam-guerra-regional-com-bombardeios-em-teera-e-ataques-a-riade","status":"publish","type":"post","link":"https:\/\/oexpressobr.com.br\/?p=4966","title":{"rendered":"Israel e Ir\u00e3 intensificam guerra regional com bombardeios em Teer\u00e3 e ataques a Riade"},"content":{"rendered":"\n<p class=\"wp-block-paragraph\">\u200bA escalada militar no Oriente M\u00e9dio atingiu um novo e perigoso patamar nesta ter\u00e7a-feira, <strong>3 de mar\u00e7o de 2026<\/strong>. O ex\u00e9rcito de Israel lan\u00e7ou uma nova onda de bombardeios contra a capital iraniana, <strong>Teer\u00e3<\/strong>, enquanto as for\u00e7as de <strong>Ir\u00e3<\/strong> responderam com ataques diretos contra a <strong>Ar\u00e1bia Saudita<\/strong> e outros aliados dos Estados Unidos na regi\u00e3o do Golfo.<\/p>\n\n\n\n<h3 class=\"wp-block-heading\">\u200bConflito se espalha para o L\u00edbano e o Golfo<\/h3>\n\n\n\n<p class=\"wp-block-paragraph\">\u200bO <strong>Ex\u00e9rcito de Israel (IDF)<\/strong> confirmou que as opera\u00e7\u00f5es n\u00e3o se limitam ao territ\u00f3rio iraniano. Em uma ofensiva simult\u00e2nea, instala\u00e7\u00f5es do grupo <strong>Hezbollah<\/strong>, no L\u00edbano, foram alvo de ataques a\u00e9reos massivos. Segundo as autoridades israelenses, a a\u00e7\u00e3o visa neutralizar amea\u00e7as imediatas e destruir estoques de m\u00edsseis que poderiam ser usados em retalia\u00e7\u00e3o aos ataques em Teer\u00e3.<\/p>\n\n\n\n<p class=\"wp-block-paragraph\">\u200bNo cen\u00e1rio regional, o Ir\u00e3 intensificou sua contraofensiva. Pela manh\u00e3, a <strong>Embaixada dos Estados Unidos em Riade<\/strong>, na Ar\u00e1bia Saudita, foi atingida por drones, resultando em um inc\u00eandio. Embora o Minist\u00e9rio da Defesa saudita tenha informado que o pr\u00e9dio estava vazio no momento e os danos foram limitados, o epis\u00f3dio marca uma viola\u00e7\u00e3o cr\u00edtica da seguran\u00e7a diplom\u00e1tica na capital saudita.<\/p>\n\n\n\n<h3 class=\"wp-block-heading\">\u200bPrincipais desdobramentos nas \u00faltimas horas:<\/h3>\n\n\n\n<ul class=\"wp-block-list\">\n<li>\u200b<strong>Ataque \u00e0 Embaixada:<\/strong> Drones iranianos atingiram o complexo diplom\u00e1tico dos EUA em Riade; americanos em todo o Reino foram orientados a buscar abrigo imediatamente.<\/li>\n\n\n\n<li>\u200b<strong>Frente Libanesa:<\/strong> Israel emitiu avisos de evacua\u00e7\u00e3o para mais de 50 vilarejos no sul do L\u00edbano e realizou mais de 70 ataques a\u00e9reos, inclusive em \u00e1reas suburbanas de Beirute.<\/li>\n\n\n\n<li>\u200b<strong>Impacto no Petr\u00f3leo:<\/strong> O Ir\u00e3 amea\u00e7ou fechar formalmente o <strong>Estreito de Ormuz<\/strong>, e ataques a refinarias sauditas j\u00e1 provocaram uma alta expressiva nos pre\u00e7os internacionais do barril de petr\u00f3leo.<\/li>\n\n\n\n<li>\u200b<strong>V\u00edtimas:<\/strong> Relatos preliminares indicam que o n\u00famero de mortos na campanha iniciada no \u00faltimo fim de semana j\u00e1 ultrapassa 550 no Ir\u00e3 e dezenas no L\u00edbano.<\/li>\n<\/ul>\n\n\n\n<p class=\"wp-block-paragraph\">\u200bA comunidade internacional observa com temor o que o presidente dos EUA, Donald Trump, descreveu como um conflito que pode durar &#8220;v\u00e1rias semanas&#8221;, enquanto o governo de Israel afirma que continuar\u00e1 a opera\u00e7\u00e3o at\u00e9 que a &#8220;amea\u00e7a existencial&#8221; representada pelo regime iraniano e seus aliados seja removida.<\/p>\n","protected":false},"excerpt":{"rendered":"<p>\u200bA escalada militar no Oriente M\u00e9dio atingiu um novo e perigoso patamar nesta ter\u00e7a-feira, 3 de mar\u00e7o de 2026. O ex\u00e9rcito de Israel lan\u00e7ou uma [&#8230;]<\/p>\n","protected":false},"author":1,"featured_media":4967,"comment_status":"open","ping_status":"open","sticky":false,"template":"","format":"standard","meta":{"_crdt_document":"","_jetpack_memberships_contains_paid_content":false,"footnotes":"","jetpack_publicize_message":"","jetpack_publicize_feature_enabled":true,"jetpack_social_post_already_shared":true,"jetpack_social_options":{"image_generator_settings":{"template":"highway","default_image_id":0,"font":"","enabled":false},"version":2}},"categories":[15],"tags":[],"class_list":["post-4966","post","type-post","status-publish","format-standard","has-post-thumbnail","hentry","category-internacional"],"jetpack_publicize_connections":[],"jetpack_featured_media_url":"https:\/\/i0.wp.com\/oexpressobr.com.br\/wp-content\/uploads\/2026\/03\/177249843669a62e0463ddd_1772498436_3x2_xl.jpg?fit=1200%2C800&ssl=1","jetpack_likes_enabled":true,"jetpack_sharing_enabled":true,"_links":{"self":[{"href":"https:\/\/oexpressobr.com.br\/index.php?rest_route=\/wp\/v2\/posts\/4966","targetHints":{"allow":["GET"]}}],"collection":[{"href":"https:\/\/oexpressobr.com.br\/index.php?rest_route=\/wp\/v2\/posts"}],"about":[{"href":"https:\/\/oexpressobr.com.br\/index.php?rest_route=\/wp\/v2\/types\/post"}],"author":[{"embeddable":true,"href":"https:\/\/oexpressobr.com.br\/index.php?rest_route=\/wp\/v2\/users\/1"}],"replies":[{"embeddable":true,"href":"https:\/\/oexpressobr.com.br\/index.php?rest_route=%2Fwp%2Fv2%2Fcomments&post=4966"}],"version-history":[{"count":1,"href":"https:\/\/oexpressobr.com.br\/index.php?rest_route=\/wp\/v2\/posts\/4966\/revisions"}],"predecessor-version":[{"id":4968,"href":"https:\/\/oexpressobr.com.br\/index.php?rest_route=\/wp\/v2\/posts\/4966\/revisions\/4968"}],"wp:featuredmedia":[{"embeddable":true,"href":"https:\/\/oexpressobr.com.br\/index.php?rest_route=\/wp\/v2\/media\/4967"}],"wp:attachment":[{"href":"https:\/\/oexpressobr.com.br\/index.php?rest_route=%2Fwp%2Fv2%2Fmedia&parent=4966"}],"wp:term":[{"taxonomy":"category","embeddable":true,"href":"https:\/\/oexpressobr.com.br\/index.php?rest_route=%2Fwp%2Fv2%2Fcategories&post=4966"},{"taxonomy":"post_tag","embeddable":true,"href":"https:\/\/oexpressobr.com.br\/index.php?rest_route=%2Fwp%2Fv2%2Ftags&post=4966"}],"curies":[{"name":"wp","href":"https:\/\/api.w.org\/{rel}","templated":true}]}}