{"id":4969,"date":"2026-03-03T06:28:19","date_gmt":"2026-03-03T09:28:19","guid":{"rendered":"https:\/\/oexpressobr.com.br\/?p=4969"},"modified":"2026-03-03T06:28:26","modified_gmt":"2026-03-03T09:28:26","slug":"idosa-de-91-anos-e-voluntarios-unem-forcas-para-reconstruir-asilo-apos-enchente-devastadora-em-uba","status":"publish","type":"post","link":"https:\/\/oexpressobr.com.br\/?p=4969","title":{"rendered":"Idosa de 91 anos e volunt\u00e1rios unem for\u00e7as para reconstruir asilo ap\u00f3s enchente devastadora em Ub\u00e1"},"content":{"rendered":"\n<p class=\"wp-block-paragraph\"><strong>UB\u00c1, MINAS GERAIS<\/strong> \u2013 O que era para ser uma madrugada de descanso transformou-se em um cen\u00e1rio de horror para os moradores do Lar Jo\u00e3o de Freitas, no Centro de Ub\u00e1, na Zona da Mata mineira. Entre os relatos mais emocionantes que emergem ap\u00f3s a trag\u00e9dia clim\u00e1tica que atingiu a regi\u00e3o na \u00faltima semana de fevereiro, destaca-se o de Mar\u00edlia Gomes Belini, de 91 anos. A idosa descreveu o desespero de ver o n\u00edvel da \u00e1gua subir at\u00e9 o teto, deixando-a \u00e0 deriva sobre um colch\u00e3o flutuante.<\/p>\n\n\n\n<p class=\"wp-block-paragraph\">\u200b&#8221;A gente ia morrer. Eu n\u00e3o pensei que n\u00f3s \u00edamos sair vivos de l\u00e1. N\u00e3o tinha condi\u00e7\u00f5es, s\u00f3 por Deus&#8221;, desabafou Mar\u00edlia em entrevista nesta segunda-feira (2). Ela relembrou o momento em que a lama atingiu seu rosto e o barro tomou conta de seu cabelo, enquanto pedia socorro de dentro de uma cama com grade que come\u00e7ou a boiar com a for\u00e7a da inunda\u00e7\u00e3o.<\/p>\n\n\n\n<h3 class=\"wp-block-heading\">\u200bO balan\u00e7o da trag\u00e9dia<\/h3>\n\n\n\n<p class=\"wp-block-paragraph\">\u200bAs chuvas extremas que castigaram a Zona da Mata entre os dias 23 e 24 de fevereiro de 2026 foram hist\u00f3ricas. Em Ub\u00e1, o Rio Ub\u00e1 subiu mais de sete metros, atingindo a marca de 7,82m \u2014 a maior inunda\u00e7\u00e3o dos \u00faltimos 40 anos. O balan\u00e7o mais recente das autoridades confirma <strong>sete mortes<\/strong> no munic\u00edpio e uma pessoa ainda desaparecida. A vizinha Juiz de Fora sofreu um impacto ainda maior, com mais de 65 \u00f3bitos registrados.<\/p>\n\n\n\n<p class=\"wp-block-paragraph\">\u200bNo Lar Jo\u00e3o de Freitas, que tamb\u00e9m abriga a Creche Irthes Therezinha, o preju\u00edzo foi total. A \u00e1gua e a lama destru\u00edram m\u00f3veis, cadeiras de rodas, computadores, freezers e todos os mantimentos da institui\u00e7\u00e3o.<\/p>\n\n\n\n<h3 class=\"wp-block-heading\">\u200bCorrente de solidariedade e recome\u00e7o<\/h3>\n\n\n\n<p class=\"wp-block-paragraph\">\u200bApesar do trauma, o clima agora \u00e9 de reconstru\u00e7\u00e3o. Atualmente abrigada na Casa de Ora\u00e7\u00f5es de Ub\u00e1, Mar\u00edlia Gomes Belini mant\u00e9m a esperan\u00e7a de retornar ao lar nos pr\u00f3ximos dias. &#8220;J\u00e1 est\u00e3o arrumando tudo l\u00e1 para a gente voltar. Tem uma por\u00e7\u00e3o de volunt\u00e1rios, o povo \u00e9 muito bom&#8221;, afirmou a idosa.<\/p>\n\n\n\n<p class=\"wp-block-paragraph\">\u200bA mobiliza\u00e7\u00e3o comunit\u00e1ria tem sido o motor da recupera\u00e7\u00e3o. Dezenas de volunt\u00e1rios trabalham diariamente na limpeza da lama e na pintura do im\u00f3vel para que as 16 idosas atendidas pela institui\u00e7\u00e3o possam retornar.<\/p>\n\n\n\n<h3 class=\"wp-block-heading\">\u200bComo ajudar<\/h3>\n\n\n\n<p class=\"wp-block-paragraph\">\u200bO Lar Jo\u00e3o de Freitas iniciou uma campanha emergencial para arrecadar fundos e donativos. Entre as necessidades urgentes est\u00e3o materiais de constru\u00e7\u00e3o, eletrodom\u00e9sticos, fraldas geri\u00e1tricas e alimentos n\u00e3o perec\u00edveis.<\/p>\n\n\n\n<ul class=\"wp-block-list\">\n<li>\u200b<strong>Doa\u00e7\u00f5es via PIX:<\/strong> larjoaodefreitas66@gmail.com<\/li>\n\n\n\n<li>\u200b<strong>Ponto de entrega em Ub\u00e1:<\/strong> Secretaria Municipal de Desenvolvimento Social ou diretamente no Lar, na Avenida Cristiano Ro\u00e7as.<\/li>\n<\/ul>\n\n\n\n<p class=\"wp-block-paragraph\">\u200bAs autoridades meteorol\u00f3gicas permanecem em alerta, pois o solo na regi\u00e3o continua saturado, mantendo o risco de novos deslizamentos e inunda\u00e7\u00f5es, mesmo com precipita\u00e7\u00f5es de menor intensidade.<\/p>\n","protected":false},"excerpt":{"rendered":"<p>UB\u00c1, MINAS GERAIS \u2013 O que era para ser uma madrugada de descanso transformou-se em um cen\u00e1rio de horror para os moradores do Lar Jo\u00e3o [&#8230;]<\/p>\n","protected":false},"author":1,"featured_media":4970,"comment_status":"open","ping_status":"open","sticky":false,"template":"","format":"standard","meta":{"_crdt_document":"","_jetpack_memberships_contains_paid_content":false,"footnotes":"","jetpack_publicize_message":"","jetpack_publicize_feature_enabled":true,"jetpack_social_post_already_shared":true,"jetpack_social_options":{"image_generator_settings":{"template":"highway","default_image_id":0,"font":"","enabled":false},"version":2}},"categories":[3],"tags":[],"class_list":["post-4969","post","type-post","status-publish","format-standard","has-post-thumbnail","hentry","category-brasil"],"jetpack_publicize_connections":[],"jetpack_featured_media_url":"https:\/\/i0.wp.com\/oexpressobr.com.br\/wp-content\/uploads\/2026\/03\/IMG-20260303-WA0032.jpg?fit=1200%2C800&ssl=1","jetpack_likes_enabled":true,"jetpack_sharing_enabled":true,"_links":{"self":[{"href":"https:\/\/oexpressobr.com.br\/index.php?rest_route=\/wp\/v2\/posts\/4969","targetHints":{"allow":["GET"]}}],"collection":[{"href":"https:\/\/oexpressobr.com.br\/index.php?rest_route=\/wp\/v2\/posts"}],"about":[{"href":"https:\/\/oexpressobr.com.br\/index.php?rest_route=\/wp\/v2\/types\/post"}],"author":[{"embeddable":true,"href":"https:\/\/oexpressobr.com.br\/index.php?rest_route=\/wp\/v2\/users\/1"}],"replies":[{"embeddable":true,"href":"https:\/\/oexpressobr.com.br\/index.php?rest_route=%2Fwp%2Fv2%2Fcomments&post=4969"}],"version-history":[{"count":1,"href":"https:\/\/oexpressobr.com.br\/index.php?rest_route=\/wp\/v2\/posts\/4969\/revisions"}],"predecessor-version":[{"id":4971,"href":"https:\/\/oexpressobr.com.br\/index.php?rest_route=\/wp\/v2\/posts\/4969\/revisions\/4971"}],"wp:featuredmedia":[{"embeddable":true,"href":"https:\/\/oexpressobr.com.br\/index.php?rest_route=\/wp\/v2\/media\/4970"}],"wp:attachment":[{"href":"https:\/\/oexpressobr.com.br\/index.php?rest_route=%2Fwp%2Fv2%2Fmedia&parent=4969"}],"wp:term":[{"taxonomy":"category","embeddable":true,"href":"https:\/\/oexpressobr.com.br\/index.php?rest_route=%2Fwp%2Fv2%2Fcategories&post=4969"},{"taxonomy":"post_tag","embeddable":true,"href":"https:\/\/oexpressobr.com.br\/index.php?rest_route=%2Fwp%2Fv2%2Ftags&post=4969"}],"curies":[{"name":"wp","href":"https:\/\/api.w.org\/{rel}","templated":true}]}}