{"id":4972,"date":"2026-03-03T06:33:42","date_gmt":"2026-03-03T09:33:42","guid":{"rendered":"https:\/\/oexpressobr.com.br\/?p=4972"},"modified":"2026-03-03T06:33:46","modified_gmt":"2026-03-03T09:33:46","slug":"bombeiros-governos-e-sobreviventes-tentam-reconstruir-uba-apos-tragedia-com-72-mortos-na-regiao","status":"publish","type":"post","link":"https:\/\/oexpressobr.com.br\/?p=4972","title":{"rendered":"Bombeiros, governos e sobreviventes tentam reconstruir Ub\u00e1 ap\u00f3s trag\u00e9dia com 72 mortos na regi\u00e3o"},"content":{"rendered":"\n<p class=\"wp-block-paragraph\"><strong>UB\u00c1, MG<\/strong> \u2013 &#8220;Eu fecho os olhos e o pesadelo volta. Sonho que a lama est\u00e1 caindo em mim, que o ch\u00e3o some.&#8221; O relato de uma das desabrigadas em Ub\u00e1 resume o sentimento de centenas de moradores que, sete dias ap\u00f3s o temporal devastador de 23 de fevereiro, ainda n\u00e3o conseguiram retomar a &#8220;normalidade&#8221;. Na Zona da Mata mineira, o trauma \u00e9 agora o principal obst\u00e1culo para quem perdeu casas, parentes e a sensa\u00e7\u00e3o de seguran\u00e7a.<\/p>\n\n\n\n<h3 class=\"wp-block-heading\">\u200bO balan\u00e7o da trag\u00e9dia<\/h3>\n\n\n\n<p class=\"wp-block-paragraph\">\u200bAt\u00e9 esta segunda-feira (2), o n\u00famero total de mortes na regi\u00e3o chegou a 72 pessoas. Em Ub\u00e1, sete v\u00edtimas foram confirmadas, enquanto em Juiz de Fora, a cidade mais atingida, o n\u00famero de \u00f3bitos saltou para 65. As buscas por desaparecidos entraram na fase final ap\u00f3s o Corpo de Bombeiros localizar o \u00faltimo corpo em Juiz de Fora no s\u00e1bado (28). Em Ub\u00e1, as equipes ainda monitoram \u00e1reas de risco e realizam a limpeza pesada com o apoio de m\u00e1quinas enviadas pelo governo estadual.<\/p>\n\n\n\n<h3 class=\"wp-block-heading\">\u200bMedidas e aux\u00edlio financeiro<\/h3>\n\n\n\n<p class=\"wp-block-paragraph\">\u200bO governo federal, por meio do Minist\u00e9rio da Integra\u00e7\u00e3o e do Desenvolvimento Regional, j\u00e1 liberou cerca de R$ 16 milh\u00f5es para a\u00e7\u00f5es de assist\u00eancia e recupera\u00e7\u00e3o imediata. Adicionalmente, o governo de Minas Gerais destinou R$ 13 milh\u00f5es para o refor\u00e7o das equipes da Defesa Civil e compra de equipamentos.<\/p>\n\n\n\n<p class=\"wp-block-paragraph\">\u200bO presidente Lula, que sobrevoou a regi\u00e3o no \u00faltimo fim de semana, anunciou que o modelo de reconstru\u00e7\u00e3o de moradias seguir\u00e1 o padr\u00e3o adotado no Rio Grande do Sul: a &#8220;compra assistida&#8221;. O governo federal pretende arcar com os custos para que fam\u00edlias que perderam suas casas em encostas ou \u00e1reas de inunda\u00e7\u00e3o possam adquirir novos im\u00f3veis em locais seguros, evitando a volta para as zonas de risco.<\/p>\n\n\n\n<h3 class=\"wp-block-heading\">\u200bCidade parada<\/h3>\n\n\n\n<p class=\"wp-block-paragraph\">\u200bEm Ub\u00e1, o decreto de calamidade p\u00fablica continua em vigor. A Prefeitura anunciou que as aulas presenciais em todas as redes (municipal, estadual e privada) permanecer\u00e3o suspensas pelo menos at\u00e9 o dia 6 de mar\u00e7o. A infraestrutura da cidade sofreu danos severos: tr\u00eas pontes foram totalmente destru\u00eddas e o Rio Ub\u00e1 atingiu a marca hist\u00f3rica de 7,82 metros no auge da tempestade, inundando inclusive asilos e funer\u00e1rias.<\/p>\n\n\n\n<h3 class=\"wp-block-heading\">\u200bPr\u00f3ximos passos<\/h3>\n\n\n\n<p class=\"wp-block-paragraph\">\u200bEnquanto a limpeza das ruas avan\u00e7a com o uso de retroescavadeiras e caminh\u00f5es-pipa, a aten\u00e7\u00e3o volta-se para a sa\u00fade mental. Equipes do Minist\u00e9rio da Sa\u00fade foram enviadas \u00e0 Zona da Mata para refor\u00e7ar o atendimento em unidades b\u00e1sicas, que tamb\u00e9m foram atingidas pelas \u00e1guas.<\/p>\n\n\n\n<p class=\"wp-block-paragraph\">\u200bPara os moradores de Ub\u00e1, a reconstru\u00e7\u00e3o f\u00edsica \u00e9 apenas o come\u00e7o. &#8220;A lama a gente limpa com mangueira, mas o medo de cada chuva que come\u00e7a a cair no fim de tarde, esse n\u00e3o sai f\u00e1cil&#8221;, desabafa um morador do bairro Industrial.<\/p>\n\n\n\n<p class=\"wp-block-paragraph\">\u200b<strong>\u00daltimas atualiza\u00e7\u00f5es:<\/strong><\/p>\n\n\n\n<ul class=\"wp-block-list\">\n<li>\u200b<strong>Mortos:<\/strong> 72 (65 em Juiz de Fora; 7 em Ub\u00e1).<\/li>\n\n\n\n<li>\u200b<strong>Desabrigados\/Desalojados:<\/strong> Cerca de 5.500 em toda a regi\u00e3o.<\/li>\n\n\n\n<li>\u200b<strong>Educa\u00e7\u00e3o:<\/strong> Aulas suspensas em Ub\u00e1 at\u00e9 sexta-feira (6).<\/li>\n\n\n\n<li>\u200b<strong>Economia:<\/strong> Saque do FGTS por calamidade e cr\u00e9dito para pequenos empres\u00e1rios est\u00e3o autorizados.<\/li>\n<\/ul>\n","protected":false},"excerpt":{"rendered":"<p>UB\u00c1, MG \u2013 &#8220;Eu fecho os olhos e o pesadelo volta. Sonho que a lama est\u00e1 caindo em mim, que o ch\u00e3o some.&#8221; O relato [&#8230;]<\/p>\n","protected":false},"author":1,"featured_media":4973,"comment_status":"open","ping_status":"open","sticky":false,"template":"","format":"standard","meta":{"_crdt_document":"","_jetpack_memberships_contains_paid_content":false,"footnotes":"","jetpack_publicize_message":"","jetpack_publicize_feature_enabled":true,"jetpack_social_post_already_shared":true,"jetpack_social_options":{"image_generator_settings":{"template":"highway","default_image_id":0,"font":"","enabled":false},"version":2}},"categories":[3],"tags":[],"class_list":["post-4972","post","type-post","status-publish","format-standard","has-post-thumbnail","hentry","category-brasil"],"jetpack_publicize_connections":[],"jetpack_featured_media_url":"https:\/\/i0.wp.com\/oexpressobr.com.br\/wp-content\/uploads\/2026\/03\/IMG-20260303-WA0033.jpg?fit=1200%2C800&ssl=1","jetpack_likes_enabled":true,"jetpack_sharing_enabled":true,"_links":{"self":[{"href":"https:\/\/oexpressobr.com.br\/index.php?rest_route=\/wp\/v2\/posts\/4972","targetHints":{"allow":["GET"]}}],"collection":[{"href":"https:\/\/oexpressobr.com.br\/index.php?rest_route=\/wp\/v2\/posts"}],"about":[{"href":"https:\/\/oexpressobr.com.br\/index.php?rest_route=\/wp\/v2\/types\/post"}],"author":[{"embeddable":true,"href":"https:\/\/oexpressobr.com.br\/index.php?rest_route=\/wp\/v2\/users\/1"}],"replies":[{"embeddable":true,"href":"https:\/\/oexpressobr.com.br\/index.php?rest_route=%2Fwp%2Fv2%2Fcomments&post=4972"}],"version-history":[{"count":1,"href":"https:\/\/oexpressobr.com.br\/index.php?rest_route=\/wp\/v2\/posts\/4972\/revisions"}],"predecessor-version":[{"id":4974,"href":"https:\/\/oexpressobr.com.br\/index.php?rest_route=\/wp\/v2\/posts\/4972\/revisions\/4974"}],"wp:featuredmedia":[{"embeddable":true,"href":"https:\/\/oexpressobr.com.br\/index.php?rest_route=\/wp\/v2\/media\/4973"}],"wp:attachment":[{"href":"https:\/\/oexpressobr.com.br\/index.php?rest_route=%2Fwp%2Fv2%2Fmedia&parent=4972"}],"wp:term":[{"taxonomy":"category","embeddable":true,"href":"https:\/\/oexpressobr.com.br\/index.php?rest_route=%2Fwp%2Fv2%2Fcategories&post=4972"},{"taxonomy":"post_tag","embeddable":true,"href":"https:\/\/oexpressobr.com.br\/index.php?rest_route=%2Fwp%2Fv2%2Ftags&post=4972"}],"curies":[{"name":"wp","href":"https:\/\/api.w.org\/{rel}","templated":true}]}}