{"id":4975,"date":"2026-03-03T06:39:51","date_gmt":"2026-03-03T09:39:51","guid":{"rendered":"https:\/\/oexpressobr.com.br\/?p=4975"},"modified":"2026-03-03T06:39:58","modified_gmt":"2026-03-03T09:39:58","slug":"policia-civil-do-rio-busca-quatro-suspeitos-de-estupro-coletivo-em-copacabana-apos-desabafo-de-mae","status":"publish","type":"post","link":"https:\/\/oexpressobr.com.br\/?p=4975","title":{"rendered":"Pol\u00edcia Civil do Rio busca quatro suspeitos de estupro coletivo em Copacabana ap\u00f3s desabafo de m\u00e3e"},"content":{"rendered":"\n<p class=\"wp-block-paragraph\">A Pol\u00edcia Civil do Rio de Janeiro intensificou, nesta semana, as buscas por quatro jovens, com idades entre 18 e 19 anos, suspeitos de envolvimento em um <strong>estupro coletivo<\/strong> contra uma adolescente de 17 anos. O crime, que ocorreu no bairro de Copacabana, ganhou repercuss\u00e3o nacional ap\u00f3s o depoimento emocionante da m\u00e3e da v\u00edtima, que declarou: <em>&#8220;Eu s\u00f3 quero que eles paguem pelo que fizeram&#8221;<\/em>.<\/p>\n\n\n\n<h3 class=\"wp-block-heading\">\u200bO Caso e a Investiga\u00e7\u00e3o<\/h3>\n\n\n\n<p class=\"wp-block-paragraph\">\u200bSegundo as investiga\u00e7\u00f5es da Delegacia da Crian\u00e7a e do Adolescente V\u00edtima (DCAV), o crime teria ocorrido em um apartamento na Zona Sul. Al\u00e9m dos quatro maiores de idade que est\u00e3o com mandados de pris\u00e3o em aberto, um <strong>adolescente<\/strong> tamb\u00e9m \u00e9 investigado por participa\u00e7\u00e3o no ato.<\/p>\n\n\n\n<p class=\"wp-block-paragraph\">\u200bA v\u00edtima relatou ter sido levada ao local sob falsas promessas e submetida a abusos por m\u00faltiplos agressores. Em depoimento ao <em>Jornal Nacional<\/em>, a m\u00e3e da jovem descreveu o estado emocional da filha:<\/p>\n\n\n\n<blockquote class=\"wp-block-quote is-layout-flow wp-block-quote-is-layout-flow\">\n<p class=\"wp-block-paragraph\">\u200b&#8221;Ela se sentia muito culpada e dizia que queria desistir da vida. \u00c9 uma dor que n\u00e3o passa, e a impunidade s\u00f3 aumenta esse sofrimento.&#8221;<\/p>\n<\/blockquote>\n\n\n\n<h3 class=\"wp-block-heading\">\u200bPanorama da Viol\u00eancia e Medidas Legislativas<\/h3>\n\n\n\n<p class=\"wp-block-paragraph\">\u200bO caso se soma a uma estat\u00edstica alarmante de crimes sexuais no Brasil. Dados recentes de 2025 e in\u00edcio de 2026 apontam que estados como o Piau\u00ed, por exemplo, ainda registram uma m\u00e9dia de dois estupros de vulner\u00e1veis por dia.<\/p>\n\n\n\n<p class=\"wp-block-paragraph\">\u200bEm resposta ao aumento da viol\u00eancia, novas medidas jur\u00eddicas est\u00e3o sendo implementadas em diversas regi\u00f5es:<\/p>\n\n\n\n<ul class=\"wp-block-list\">\n<li>\u200b<strong>Cadastro de Agressores:<\/strong> Projetos de lei avan\u00e7am para criar registros estaduais de ped\u00f3filos e agressores sexuais.<\/li>\n\n\n\n<li>\u200b<strong>Restri\u00e7\u00f5es Contratuais:<\/strong> No Piau\u00ed, foi aprovado recentemente um projeto que impede a contrata\u00e7\u00e3o de condenados por viol\u00eancia (com tr\u00e2nsito em julgado) para eventos financiados com verba p\u00fablica.<\/li>\n\n\n\n<li>\u200b<strong>Fiscaliza\u00e7\u00e3o do Judici\u00e1rio:<\/strong> O Conselho Nacional de Justi\u00e7a (CNJ) tem afastado magistrados sob suspeita de irregularidades ou condutas impr\u00f3prias em julgamentos de crimes sexuais, visando garantir maior rigor e imparcialidade.<\/li>\n<\/ul>\n\n\n\n<h3 class=\"wp-block-heading\">\u200bPr\u00f3ximos Passos Jur\u00eddicos<\/h3>\n\n\n\n<p class=\"wp-block-paragraph\">\u200bOs nomes dos suspeitos do caso de Copacabana ainda s\u00e3o mantidos sob sigilo para n\u00e3o comprometer as dilig\u00eancias em curso. A defesa da fam\u00edlia da v\u00edtima espera que a pris\u00e3o preventiva seja efetuada nos pr\u00f3ximos dias, permitindo que o processo avance para a fase de instru\u00e7\u00e3o e julgamento.<\/p>\n","protected":false},"excerpt":{"rendered":"<p>A Pol\u00edcia Civil do Rio de Janeiro intensificou, nesta semana, as buscas por quatro jovens, com idades entre 18 e 19 anos, suspeitos de envolvimento [&#8230;]<\/p>\n","protected":false},"author":1,"featured_media":4976,"comment_status":"open","ping_status":"open","sticky":false,"template":"","format":"standard","meta":{"_crdt_document":"","_jetpack_memberships_contains_paid_content":false,"footnotes":"","jetpack_publicize_message":"","jetpack_publicize_feature_enabled":true,"jetpack_social_post_already_shared":true,"jetpack_social_options":{"image_generator_settings":{"template":"highway","default_image_id":0,"font":"","enabled":false},"version":2}},"categories":[9],"tags":[],"class_list":["post-4975","post","type-post","status-publish","format-standard","has-post-thumbnail","hentry","category-policia"],"jetpack_publicize_connections":[],"jetpack_featured_media_url":"https:\/\/i0.wp.com\/oexpressobr.com.br\/wp-content\/uploads\/2026\/03\/IMG-20260303-WA0044.jpg?fit=1443%2C859&ssl=1","jetpack_likes_enabled":true,"jetpack_sharing_enabled":true,"_links":{"self":[{"href":"https:\/\/oexpressobr.com.br\/index.php?rest_route=\/wp\/v2\/posts\/4975","targetHints":{"allow":["GET"]}}],"collection":[{"href":"https:\/\/oexpressobr.com.br\/index.php?rest_route=\/wp\/v2\/posts"}],"about":[{"href":"https:\/\/oexpressobr.com.br\/index.php?rest_route=\/wp\/v2\/types\/post"}],"author":[{"embeddable":true,"href":"https:\/\/oexpressobr.com.br\/index.php?rest_route=\/wp\/v2\/users\/1"}],"replies":[{"embeddable":true,"href":"https:\/\/oexpressobr.com.br\/index.php?rest_route=%2Fwp%2Fv2%2Fcomments&post=4975"}],"version-history":[{"count":1,"href":"https:\/\/oexpressobr.com.br\/index.php?rest_route=\/wp\/v2\/posts\/4975\/revisions"}],"predecessor-version":[{"id":4977,"href":"https:\/\/oexpressobr.com.br\/index.php?rest_route=\/wp\/v2\/posts\/4975\/revisions\/4977"}],"wp:featuredmedia":[{"embeddable":true,"href":"https:\/\/oexpressobr.com.br\/index.php?rest_route=\/wp\/v2\/media\/4976"}],"wp:attachment":[{"href":"https:\/\/oexpressobr.com.br\/index.php?rest_route=%2Fwp%2Fv2%2Fmedia&parent=4975"}],"wp:term":[{"taxonomy":"category","embeddable":true,"href":"https:\/\/oexpressobr.com.br\/index.php?rest_route=%2Fwp%2Fv2%2Fcategories&post=4975"},{"taxonomy":"post_tag","embeddable":true,"href":"https:\/\/oexpressobr.com.br\/index.php?rest_route=%2Fwp%2Fv2%2Ftags&post=4975"}],"curies":[{"name":"wp","href":"https:\/\/api.w.org\/{rel}","templated":true}]}}