{"id":4978,"date":"2026-03-03T06:43:51","date_gmt":"2026-03-03T09:43:51","guid":{"rendered":"https:\/\/oexpressobr.com.br\/?p=4978"},"modified":"2026-03-03T06:43:54","modified_gmt":"2026-03-03T09:43:54","slug":"ivete-sangalo-detalha-cirurgia-facial-apos-acidente-domestico-e-tranquiliza-fas","status":"publish","type":"post","link":"https:\/\/oexpressobr.com.br\/?p=4978","title":{"rendered":"Ivete Sangalo detalha cirurgia facial ap\u00f3s acidente dom\u00e9stico e tranquiliza f\u00e3s"},"content":{"rendered":"\n<p class=\"wp-block-paragraph\">A cantora <strong>Ivete Sangalo<\/strong> utilizou suas redes sociais para esclarecer os detalhes de um procedimento cir\u00fargico ao qual foi submetida recentemente. O que parecia ser apenas um susto transformou-se em uma interven\u00e7\u00e3o necess\u00e1ria ap\u00f3s uma queda no banheiro de sua resid\u00eancia, resultando em uma <strong>ruptura \u00f3ssea<\/strong> na face.<\/p>\n\n\n\n<h3 class=\"wp-block-heading\">\u200bO acidente e o diagn\u00f3stico<\/h3>\n\n\n\n<p class=\"wp-block-paragraph\">\u200bSegundo o relato da artista, o incidente ocorreu de forma s\u00fabita. Ao escorregar no banheiro, Ivete sofreu um impacto direto no rosto. Ap\u00f3s exames detalhados, a equipe m\u00e9dica identificou uma fratura que exigia corre\u00e7\u00e3o cir\u00fargica para garantir a plena recupera\u00e7\u00e3o est\u00e9tica e funcional.<\/p>\n\n\n\n<blockquote class=\"wp-block-quote is-layout-flow wp-block-quote-is-layout-flow\">\n<p class=\"wp-block-paragraph\">\u200b&#8221;Foi um susto grande, mas necess\u00e1rio cuidar logo para n\u00e3o ter problemas futuros. A cirurgia foi um sucesso&#8221;, afirmou a cantora em v\u00eddeo.<\/p>\n<\/blockquote>\n\n\n\n<h3 class=\"wp-block-heading\">\u200bEstado de sa\u00fade e recupera\u00e7\u00e3o<\/h3>\n\n\n\n<p class=\"wp-block-paragraph\">\u200bApesar da gravidade do termo &#8220;ruptura de osso&#8221;, Ivete manteve seu tom bem-humorado e otimista, caracter\u00edstica marcante de sua personalidade. Os principais pontos sobre seu estado atual incluem:<\/p>\n\n\n\n<ul class=\"wp-block-list\">\n<li>\u200b<strong>Procedimento bem-sucedido:<\/strong> A cirurgia corretiva ocorreu sem intercorr\u00eancias.<\/li>\n\n\n\n<li>\u200b<strong>Repouso absoluto:<\/strong> A recomenda\u00e7\u00e3o m\u00e9dica \u00e9 de afastamento tempor\u00e1rio de atividades f\u00edsicas intensas.<\/li>\n\n\n\n<li>\u200b<strong>Agenda mantida:<\/strong> At\u00e9 o momento, n\u00e3o houve cancelamento de grandes compromissos a longo prazo, embora o ritmo de ensaios tenha sido adaptado.<\/li>\n<\/ul>\n\n\n\n<h3 class=\"wp-block-heading\">\u200bRepercuss\u00e3o e apoio<\/h3>\n\n\n\n<p class=\"wp-block-paragraph\">\u200bA not\u00edcia gerou uma onda de solidariedade no meio art\u00edstico e entre os seguidores. Nomes conhecidos da m\u00fasica brasileira e milhares de f\u00e3s inundaram as redes sociais com mensagens de &#8220;pronta recupera\u00e7\u00e3o&#8221;. A transpar\u00eancia de Ivete ao falar sobre o acidente dom\u00e9stico \u2014 algo comum, mas perigoso \u2014 serviu tamb\u00e9m como um alerta para seus milh\u00f5es de seguidores sobre cuidados em casa.<\/p>\n","protected":false},"excerpt":{"rendered":"<p>A cantora Ivete Sangalo utilizou suas redes sociais para esclarecer os detalhes de um procedimento cir\u00fargico ao qual foi submetida recentemente. O que parecia ser [&#8230;]<\/p>\n","protected":false},"author":1,"featured_media":4979,"comment_status":"open","ping_status":"open","sticky":false,"template":"","format":"standard","meta":{"_crdt_document":"","_jetpack_memberships_contains_paid_content":false,"footnotes":"","jetpack_publicize_message":"","jetpack_publicize_feature_enabled":true,"jetpack_social_post_already_shared":true,"jetpack_social_options":{"image_generator_settings":{"template":"highway","default_image_id":0,"font":"","enabled":false},"version":2}},"categories":[14],"tags":[],"class_list":["post-4978","post","type-post","status-publish","format-standard","has-post-thumbnail","hentry","category-famosos"],"jetpack_publicize_connections":[],"jetpack_featured_media_url":"https:\/\/i0.wp.com\/oexpressobr.com.br\/wp-content\/uploads\/2026\/03\/IMG-20260303-WA0049.jpg?fit=435%2C459&ssl=1","jetpack_likes_enabled":true,"jetpack_sharing_enabled":true,"_links":{"self":[{"href":"https:\/\/oexpressobr.com.br\/index.php?rest_route=\/wp\/v2\/posts\/4978","targetHints":{"allow":["GET"]}}],"collection":[{"href":"https:\/\/oexpressobr.com.br\/index.php?rest_route=\/wp\/v2\/posts"}],"about":[{"href":"https:\/\/oexpressobr.com.br\/index.php?rest_route=\/wp\/v2\/types\/post"}],"author":[{"embeddable":true,"href":"https:\/\/oexpressobr.com.br\/index.php?rest_route=\/wp\/v2\/users\/1"}],"replies":[{"embeddable":true,"href":"https:\/\/oexpressobr.com.br\/index.php?rest_route=%2Fwp%2Fv2%2Fcomments&post=4978"}],"version-history":[{"count":1,"href":"https:\/\/oexpressobr.com.br\/index.php?rest_route=\/wp\/v2\/posts\/4978\/revisions"}],"predecessor-version":[{"id":4980,"href":"https:\/\/oexpressobr.com.br\/index.php?rest_route=\/wp\/v2\/posts\/4978\/revisions\/4980"}],"wp:featuredmedia":[{"embeddable":true,"href":"https:\/\/oexpressobr.com.br\/index.php?rest_route=\/wp\/v2\/media\/4979"}],"wp:attachment":[{"href":"https:\/\/oexpressobr.com.br\/index.php?rest_route=%2Fwp%2Fv2%2Fmedia&parent=4978"}],"wp:term":[{"taxonomy":"category","embeddable":true,"href":"https:\/\/oexpressobr.com.br\/index.php?rest_route=%2Fwp%2Fv2%2Fcategories&post=4978"},{"taxonomy":"post_tag","embeddable":true,"href":"https:\/\/oexpressobr.com.br\/index.php?rest_route=%2Fwp%2Fv2%2Ftags&post=4978"}],"curies":[{"name":"wp","href":"https:\/\/api.w.org\/{rel}","templated":true}]}}