{"id":498,"date":"2025-12-09T16:56:36","date_gmt":"2025-12-09T19:56:36","guid":{"rendered":"https:\/\/oexpressobr.com.br\/?p=498"},"modified":"2025-12-09T16:56:36","modified_gmt":"2025-12-09T19:56:36","slug":"magalu-inaugura-megaloja-na-avenida-paulista-e-investe-em-nova-estrategia-de-conteudo-e-servicos","status":"publish","type":"post","link":"https:\/\/oexpressobr.com.br\/?p=498","title":{"rendered":"Magalu Inaugura Megaloja na Avenida Paulista e Investe em Nova Estrat\u00e9gia de Conte\u00fado e Servi\u00e7os"},"content":{"rendered":"\n<p class=\"wp-block-paragraph\">A <strong>Magazine Luiza (Magalu)<\/strong> abriu as portas de sua maior loja f\u00edsica, a Galeria Magalu, localizada no ic\u00f4nico Conjunto Nacional, no cora\u00e7\u00e3o da Avenida Paulista, em S\u00e3o Paulo. O empreendimento representa um marco estrat\u00e9gico para a varejista, com um investimento que a empresa estima ser <strong>equivalente ao custo de abertura de 10 lojas tradicionais<\/strong>.<\/p>\n\n\n\n<p class=\"wp-block-paragraph\">\u200bCom um espa\u00e7o que excede <strong>1.800 metros quadrados<\/strong>, a Galeria Magalu n\u00e3o \u00e9 apenas um ponto de venda, mas sim um <strong>hub de experi\u00eancias, servi\u00e7os e conte\u00fado<\/strong>. O projeto visa redefinir o papel da loja f\u00edsica na era do e-commerce, integrando o ambiente digital ao presencial de maneira fluida.<\/p>\n\n\n\n<h3 class=\"wp-block-heading\">\u200b Novo Conceito e Monetiza\u00e7\u00e3o<\/h3>\n\n\n\n<p class=\"wp-block-paragraph\">\u200bO novo espa\u00e7o do Magalu se destaca pela sua versatilidade e pelo modelo de neg\u00f3cio inovador. A loja foi projetada para atuar como um <strong>laborat\u00f3rio de tend\u00eancias e servi\u00e7os<\/strong>, oferecendo \u00e1reas dedicadas \u00e0 <strong>beleza, bem-estar, games, e-sports e produtos de marcas parceiras<\/strong>.<\/p>\n\n\n\n<blockquote class=\"wp-block-quote is-layout-flow wp-block-quote-is-layout-flow\">\n<p class=\"wp-block-paragraph\">\u200b<strong>Destaque:<\/strong> A companhia revelou que a monetiza\u00e7\u00e3o do espa\u00e7o atrav\u00e9s da venda de an\u00fancios \u2014 o chamado <em>retail media<\/em> \u2014 e do aluguel de espa\u00e7os para parceiros estrat\u00e9gicos deve permitir que o capital investido na megaloja seja <strong>recuperado em um prazo de aproximadamente um ano e meio<\/strong>.<\/p>\n<\/blockquote>\n\n\n\n<p class=\"wp-block-paragraph\">\u200bEssa estrat\u00e9gia demonstra o foco da Magalu em transformar seu tr\u00e1fego e espa\u00e7o f\u00edsico em uma fonte de receita adicional robusta, seguindo a tend\u00eancia global de grandes varejistas que monetizam suas plataformas de m\u00eddia.<\/p>\n\n\n\n<h3 class=\"wp-block-heading\">\u200b \u00daltimas Novidades no Ecossistema Magalu<\/h3>\n\n\n\n<p class=\"wp-block-paragraph\">\u200bA abertura da loja na Paulista alinha-se \u00e0 cont\u00ednua evolu\u00e7\u00e3o do <strong>SuperApp e ecossistema digital<\/strong> do Magalu, que busca cada vez mais a diversifica\u00e7\u00e3o al\u00e9m da venda de eletr\u00f4nicos e m\u00f3veis:<\/p>\n\n\n\n<ul class=\"wp-block-list\">\n<li>\u200b<strong>Conte\u00fado e Entretenimento:<\/strong> A Magalu tem investido fortemente em <em>lives commerce<\/em> (com\u00e9rcio por transmiss\u00e3o ao vivo) e na produ\u00e7\u00e3o de conte\u00fado original para atrair e engajar consumidores, com a Galeria servindo como um potencial palco ou est\u00fadio para essas atividades.<\/li>\n\n\n\n<li>\u200b<strong>Servi\u00e7os Financeiros:<\/strong> A expans\u00e3o de servi\u00e7os da <strong>LuizaCred<\/strong>, como a oferta de cr\u00e9dito e a conta digital, complementa a experi\u00eancia, permitindo que os clientes integrem as compras f\u00edsicas e digitais com solu\u00e7\u00f5es financeiras pr\u00f3prias da marca.<\/li>\n\n\n\n<li>\u200b<strong>Log\u00edstica e Entrega:<\/strong> A megaloja tamb\u00e9m atua como um ponto de coleta estrat\u00e9gico em uma \u00e1rea de alt\u00edssimo tr\u00e1fego, otimizando a log\u00edstica de &#8220;\u00faltima milha&#8221; para pedidos feitos online.<\/li>\n<\/ul>\n\n\n\n<p class=\"wp-block-paragraph\">\u200bA inaugura\u00e7\u00e3o da Galeria Magalu na Avenida Paulista, portanto, sinaliza a aposta da empresa em um modelo <em>phygital<\/em> (f\u00edsico + digital) onde o investimento em lojas de grande porte se justifica pela capacidade de gerar n\u00e3o apenas vendas diretas, mas tamb\u00e9m receita de m\u00eddia, engajamento com o SuperApp e experimenta\u00e7\u00e3o de novas tecnologias e servi\u00e7os.<\/p>\n","protected":false},"excerpt":{"rendered":"<p>A Magazine Luiza (Magalu) abriu as portas de sua maior loja f\u00edsica, a Galeria Magalu, localizada no ic\u00f4nico Conjunto Nacional, no cora\u00e7\u00e3o da Avenida Paulista, [&#8230;]<\/p>\n","protected":false},"author":1,"featured_media":499,"comment_status":"open","ping_status":"open","sticky":false,"template":"","format":"standard","meta":{"_crdt_document":"","_jetpack_memberships_contains_paid_content":false,"footnotes":"","jetpack_publicize_message":"","jetpack_publicize_feature_enabled":true,"jetpack_social_post_already_shared":false,"jetpack_social_options":{"image_generator_settings":{"template":"highway","default_image_id":0,"font":"","enabled":false},"version":2}},"categories":[17],"tags":[],"class_list":["post-498","post","type-post","status-publish","format-standard","has-post-thumbnail","hentry","category-comercio"],"jetpack_publicize_connections":[],"jetpack_featured_media_url":"https:\/\/i0.wp.com\/oexpressobr.com.br\/wp-content\/uploads\/2025\/12\/IMG-20251209-WA0224.jpg?fit=750%2C500&ssl=1","jetpack_likes_enabled":true,"jetpack_sharing_enabled":true,"_links":{"self":[{"href":"https:\/\/oexpressobr.com.br\/index.php?rest_route=\/wp\/v2\/posts\/498","targetHints":{"allow":["GET"]}}],"collection":[{"href":"https:\/\/oexpressobr.com.br\/index.php?rest_route=\/wp\/v2\/posts"}],"about":[{"href":"https:\/\/oexpressobr.com.br\/index.php?rest_route=\/wp\/v2\/types\/post"}],"author":[{"embeddable":true,"href":"https:\/\/oexpressobr.com.br\/index.php?rest_route=\/wp\/v2\/users\/1"}],"replies":[{"embeddable":true,"href":"https:\/\/oexpressobr.com.br\/index.php?rest_route=%2Fwp%2Fv2%2Fcomments&post=498"}],"version-history":[{"count":0,"href":"https:\/\/oexpressobr.com.br\/index.php?rest_route=\/wp\/v2\/posts\/498\/revisions"}],"wp:featuredmedia":[{"embeddable":true,"href":"https:\/\/oexpressobr.com.br\/index.php?rest_route=\/wp\/v2\/media\/499"}],"wp:attachment":[{"href":"https:\/\/oexpressobr.com.br\/index.php?rest_route=%2Fwp%2Fv2%2Fmedia&parent=498"}],"wp:term":[{"taxonomy":"category","embeddable":true,"href":"https:\/\/oexpressobr.com.br\/index.php?rest_route=%2Fwp%2Fv2%2Fcategories&post=498"},{"taxonomy":"post_tag","embeddable":true,"href":"https:\/\/oexpressobr.com.br\/index.php?rest_route=%2Fwp%2Fv2%2Ftags&post=498"}],"curies":[{"name":"wp","href":"https:\/\/api.w.org\/{rel}","templated":true}]}}