{"id":4981,"date":"2026-03-03T06:49:56","date_gmt":"2026-03-03T09:49:56","guid":{"rendered":"https:\/\/oexpressobr.com.br\/?p=4981"},"modified":"2026-03-03T06:49:59","modified_gmt":"2026-03-03T09:49:59","slug":"michelle-bolsonaro-justifica-ausencia-em-ato-na-paulista-por-cirurgia-e-cuidados-com-a-familia","status":"publish","type":"post","link":"https:\/\/oexpressobr.com.br\/?p=4981","title":{"rendered":"Michelle Bolsonaro justifica aus\u00eancia em ato na Paulista por cirurgia e cuidados com a fam\u00edlia"},"content":{"rendered":"\n<p class=\"wp-block-paragraph\">\u200bA ex-primeira-dama <strong>Michelle Bolsonaro (PL)<\/strong> utilizou suas redes sociais nesta segunda-feira (2) para esclarecer os motivos de sua aus\u00eancia na manifesta\u00e7\u00e3o realizada na <strong>Avenida Paulista<\/strong>, em S\u00e3o Paulo, no \u00faltimo domingo (1\u00ba). Segundo Michelle, o n\u00e3o comparecimento deveu-se \u00e0 necessidade de repouso ap\u00f3s um <strong>procedimento cir\u00fargico<\/strong> realizado na \u00faltima sexta-feira (27).<\/p>\n\n\n\n<blockquote class=\"wp-block-quote is-layout-flow wp-block-quote-is-layout-flow\">\n<p class=\"wp-block-paragraph\">\u200b&#8221;Passei por um pequeno procedimento cir\u00fargico na \u00faltima sexta-feira. Est\u00e1 tudo bem e, salvo algumas restri\u00e7\u00f5es, sigo com minhas atividades normais&#8221;, afirmou a presidente do PL Mulher em publica\u00e7\u00e3o no Instagram.<\/p>\n<\/blockquote>\n\n\n\n<h3 class=\"wp-block-heading\">\u200bOs bastidores da aus\u00eancia<\/h3>\n\n\n\n<p class=\"wp-block-paragraph\">\u200bA justificativa oficial j\u00e1 havia sido antecipada durante o ato pela deputada federal <strong>Bia Kicis (PL-DF)<\/strong>. No alto de um dos trios el\u00e9tricos, Kicis explicou ao p\u00fablico que, al\u00e9m da pr\u00f3pria recupera\u00e7\u00e3o f\u00edsica, Michelle permaneceu em Bras\u00edlia para prestar assist\u00eancia direta ao ex-presidente <strong>Jair Bolsonaro<\/strong> e \u00e0 filha ca\u00e7ula do casal, <strong>Laura<\/strong>.<\/p>\n\n\n\n<p class=\"wp-block-paragraph\">\u200bA aus\u00eancia de Michelle foi sentida pelos apoiadores, uma vez que ela \u00e9 considerada uma das principais vozes de mobiliza\u00e7\u00e3o do campo da direita. No entanto, o evento seguiu com o protagonismo de outras lideran\u00e7as, como:<\/p>\n\n\n\n<ul class=\"wp-block-list\">\n<li>\u200b<strong>Fl\u00e1vio Bolsonaro:<\/strong> Senador e pr\u00e9-candidato \u00e0 Presid\u00eancia.<\/li>\n\n\n\n<li>\u200b<strong>Nikolas Ferreira:<\/strong> Deputado federal, que prestou homenagem \u00e0 ex-primeira-dama em seu discurso.<\/li>\n\n\n\n<li>\u200b<strong>Romeu Zema:<\/strong> Governador de Minas Gerais.<\/li>\n<\/ul>\n\n\n\n<h3 class=\"wp-block-heading\">\u200bContexto pol\u00edtico e sa\u00fade de Jair Bolsonaro<\/h3>\n\n\n\n<p class=\"wp-block-paragraph\">\u200bA manifesta\u00e7\u00e3o ocorre em um momento em que o cl\u00e3 Bolsonaro busca manter a coes\u00e3o interna diante de rumores de rachas no partido e disputas de protagonismo para as elei\u00e7\u00f5es de 2026.<\/p>\n\n\n\n<p class=\"wp-block-paragraph\">\u200bParalelamente, a sa\u00fade de <strong>Jair Bolsonaro<\/strong> tamb\u00e9m tem sido ponto de aten\u00e7\u00e3o. Recentemente, o ex-presidente passou por procedimentos para tratar de obstru\u00e7\u00f5es intestinais e ader\u00eancias decorrentes do atentado sofrido em 2018. Embora a defesa tenha solicitado pris\u00e3o domiciliar alegando quest\u00f5es de sa\u00fade, o <strong>STF<\/strong> manteve as restri\u00e7\u00f5es atuais, citando relat\u00f3rios que indicam acompanhamento m\u00e9dico cont\u00ednuo, mas sem impedimento para sua perman\u00eancia em Bras\u00edlia.<\/p>\n","protected":false},"excerpt":{"rendered":"<p>\u200bA ex-primeira-dama Michelle Bolsonaro (PL) utilizou suas redes sociais nesta segunda-feira (2) para esclarecer os motivos de sua aus\u00eancia na manifesta\u00e7\u00e3o realizada na Avenida Paulista, [&#8230;]<\/p>\n","protected":false},"author":1,"featured_media":4982,"comment_status":"open","ping_status":"open","sticky":false,"template":"","format":"standard","meta":{"_crdt_document":"","_jetpack_memberships_contains_paid_content":false,"footnotes":"","jetpack_publicize_message":"","jetpack_publicize_feature_enabled":true,"jetpack_social_post_already_shared":true,"jetpack_social_options":{"image_generator_settings":{"template":"highway","default_image_id":0,"font":"","enabled":false},"version":2}},"categories":[7],"tags":[],"class_list":["post-4981","post","type-post","status-publish","format-standard","has-post-thumbnail","hentry","category-politica"],"jetpack_publicize_connections":[],"jetpack_featured_media_url":"https:\/\/i0.wp.com\/oexpressobr.com.br\/wp-content\/uploads\/2026\/03\/IMG-20260303-WA0054.jpg?fit=900%2C600&ssl=1","jetpack_likes_enabled":true,"jetpack_sharing_enabled":true,"_links":{"self":[{"href":"https:\/\/oexpressobr.com.br\/index.php?rest_route=\/wp\/v2\/posts\/4981","targetHints":{"allow":["GET"]}}],"collection":[{"href":"https:\/\/oexpressobr.com.br\/index.php?rest_route=\/wp\/v2\/posts"}],"about":[{"href":"https:\/\/oexpressobr.com.br\/index.php?rest_route=\/wp\/v2\/types\/post"}],"author":[{"embeddable":true,"href":"https:\/\/oexpressobr.com.br\/index.php?rest_route=\/wp\/v2\/users\/1"}],"replies":[{"embeddable":true,"href":"https:\/\/oexpressobr.com.br\/index.php?rest_route=%2Fwp%2Fv2%2Fcomments&post=4981"}],"version-history":[{"count":1,"href":"https:\/\/oexpressobr.com.br\/index.php?rest_route=\/wp\/v2\/posts\/4981\/revisions"}],"predecessor-version":[{"id":4983,"href":"https:\/\/oexpressobr.com.br\/index.php?rest_route=\/wp\/v2\/posts\/4981\/revisions\/4983"}],"wp:featuredmedia":[{"embeddable":true,"href":"https:\/\/oexpressobr.com.br\/index.php?rest_route=\/wp\/v2\/media\/4982"}],"wp:attachment":[{"href":"https:\/\/oexpressobr.com.br\/index.php?rest_route=%2Fwp%2Fv2%2Fmedia&parent=4981"}],"wp:term":[{"taxonomy":"category","embeddable":true,"href":"https:\/\/oexpressobr.com.br\/index.php?rest_route=%2Fwp%2Fv2%2Fcategories&post=4981"},{"taxonomy":"post_tag","embeddable":true,"href":"https:\/\/oexpressobr.com.br\/index.php?rest_route=%2Fwp%2Fv2%2Ftags&post=4981"}],"curies":[{"name":"wp","href":"https:\/\/api.w.org\/{rel}","templated":true}]}}