{"id":4984,"date":"2026-03-03T06:54:42","date_gmt":"2026-03-03T09:54:42","guid":{"rendered":"https:\/\/oexpressobr.com.br\/?p=4984"},"modified":"2026-03-03T06:54:46","modified_gmt":"2026-03-03T09:54:46","slug":"bolsonaro-inclui-flavio-na-equipe-de-defesa-em-processo-sobre-tentativa-de-golpe","status":"publish","type":"post","link":"https:\/\/oexpressobr.com.br\/?p=4984","title":{"rendered":"Bolsonaro inclui Fl\u00e1vio na equipe de defesa em processo sobre tentativa de golpe"},"content":{"rendered":"\n<p class=\"wp-block-paragraph\">\u200bO ex-presidente <strong>Jair Bolsonaro (PL)<\/strong> oficializou, nesta segunda-feira (2), a inclus\u00e3o de seu filho, o senador <strong>Fl\u00e1vio Bolsonaro (PL-RJ)<\/strong>, em sua equipe jur\u00eddica no Supremo Tribunal Federal (STF). A movimenta\u00e7\u00e3o ocorre em um momento cr\u00edtico, com o ex-presidente j\u00e1 condenado em primeira inst\u00e2ncia pela Corte a uma pena de <strong>27 anos e 3 meses de pris\u00e3o<\/strong> no \u00e2mbito das investiga\u00e7\u00f5es sobre a tentativa de golpe de Estado.<\/p>\n\n\n\n<h3 class=\"wp-block-heading\">\u200bEstrat\u00e9gia e livre acesso<\/h3>\n\n\n\n<p class=\"wp-block-paragraph\">\u200bA decis\u00e3o de formalizar Fl\u00e1vio Bolsonaro \u2014 que possui registro na Ordem dos Advogados do Brasil (OAB) \u2014 como um de seus defensores traz implica\u00e7\u00f5es diretas para o cotidiano do ex-presidente, que cumpre pena no complexo da <strong>Papudinha<\/strong>, em Bras\u00edlia.<\/p>\n\n\n\n<ul class=\"wp-block-list\">\n<li>\u200b<strong>Acesso Irrestrito:<\/strong> Como advogado constitu\u00eddo, Fl\u00e1vio passa a ter direito de visitar o pai sem as restri\u00e7\u00f5es impostas a familiares ou parlamentares, contornando limita\u00e7\u00f5es anteriormente estabelecidas pelo ministro relator, <strong>Alexandre de Moraes<\/strong>.<\/li>\n\n\n\n<li>\u200b<strong>Articula\u00e7\u00e3o Pol\u00edtica e Jur\u00eddica:<\/strong> A entrada do senador na defesa \u00e9 vista por analistas como uma tentativa de estreitar a comunica\u00e7\u00e3o entre o n\u00facleo pol\u00edtico da fam\u00edlia e a estrat\u00e9gia t\u00e9cnica de defesa, especialmente durante a fase de recursos no STF.<\/li>\n<\/ul>\n\n\n\n<h3 class=\"wp-block-heading\">\u200bContexto das condena\u00e7\u00f5es<\/h3>\n\n\n\n<p class=\"wp-block-paragraph\">\u200bO processo, que tramita na Primeira Turma do STF, alcan\u00e7ou fases decisivas no in\u00edcio de 2026. Al\u00e9m de Bolsonaro, diversos militares de alta patente e ex-ministros tamb\u00e9m foram condenados por crimes como <strong>aboli\u00e7\u00e3o violenta do Estado Democr\u00e1tico de Direito<\/strong> e <strong>organiza\u00e7\u00e3o criminosa<\/strong>.<\/p>\n\n\n\n<p class=\"wp-block-paragraph\">\u200bRecentemente, a Corte formou maioria para manter as penas de outros envolvidos no chamado &#8220;N\u00facleo 3&#8221; da trama, sinalizando que a tend\u00eancia do tribunal \u00e9 de rigor na manuten\u00e7\u00e3o das senten\u00e7as. A defesa de Bolsonaro, agora com o refor\u00e7o do filho, continua a contestar as provas baseadas em dela\u00e7\u00f5es premiadas e alega falta de acesso integral a documentos sigilosos.<\/p>\n\n\n\n<h3 class=\"wp-block-heading\">\u200bPr\u00f3ximos passos no Judici\u00e1rio<\/h3>\n\n\n\n<p class=\"wp-block-paragraph\">\u200bA PGR (Procuradoria-Geral da Rep\u00fablica) tem se manifestado de forma contr\u00e1ria aos pedidos de pris\u00e3o domiciliar feitos pela defesa anterior, mantendo a posi\u00e7\u00e3o de que a segrega\u00e7\u00e3o cautelar \u00e9 necess\u00e1ria. A expectativa agora gira em torno dos embargos e recursos que ser\u00e3o protocolados pela nova composi\u00e7\u00e3o da banca jur\u00eddica.<\/p>\n\n\n\n<blockquote class=\"wp-block-quote is-layout-flow wp-block-quote-is-layout-flow\">\n<p class=\"wp-block-paragraph\">\u200b<strong>Nota do Editor:<\/strong> A inclus\u00e3o de familiares com registro na OAB em defesas criminais de pol\u00edticos \u00e9 um recurso jur\u00eddico previsto em lei, frequentemente utilizado para facilitar o contato direto entre r\u00e9us presos e seus interlocutores pol\u00edticos.<\/p>\n<\/blockquote>\n","protected":false},"excerpt":{"rendered":"<p>\u200bO ex-presidente Jair Bolsonaro (PL) oficializou, nesta segunda-feira (2), a inclus\u00e3o de seu filho, o senador Fl\u00e1vio Bolsonaro (PL-RJ), em sua equipe jur\u00eddica no Supremo [&#8230;]<\/p>\n","protected":false},"author":1,"featured_media":4985,"comment_status":"open","ping_status":"open","sticky":false,"template":"","format":"standard","meta":{"_crdt_document":"","_jetpack_memberships_contains_paid_content":false,"footnotes":"","jetpack_publicize_message":"","jetpack_publicize_feature_enabled":true,"jetpack_social_post_already_shared":true,"jetpack_social_options":{"image_generator_settings":{"template":"highway","default_image_id":0,"font":"","enabled":false},"version":2}},"categories":[3],"tags":[],"class_list":["post-4984","post","type-post","status-publish","format-standard","has-post-thumbnail","hentry","category-brasil"],"jetpack_publicize_connections":[],"jetpack_featured_media_url":"https:\/\/i0.wp.com\/oexpressobr.com.br\/wp-content\/uploads\/2026\/03\/IMG-20260303-WA0051.jpg?fit=900%2C600&ssl=1","jetpack_likes_enabled":true,"jetpack_sharing_enabled":true,"_links":{"self":[{"href":"https:\/\/oexpressobr.com.br\/index.php?rest_route=\/wp\/v2\/posts\/4984","targetHints":{"allow":["GET"]}}],"collection":[{"href":"https:\/\/oexpressobr.com.br\/index.php?rest_route=\/wp\/v2\/posts"}],"about":[{"href":"https:\/\/oexpressobr.com.br\/index.php?rest_route=\/wp\/v2\/types\/post"}],"author":[{"embeddable":true,"href":"https:\/\/oexpressobr.com.br\/index.php?rest_route=\/wp\/v2\/users\/1"}],"replies":[{"embeddable":true,"href":"https:\/\/oexpressobr.com.br\/index.php?rest_route=%2Fwp%2Fv2%2Fcomments&post=4984"}],"version-history":[{"count":1,"href":"https:\/\/oexpressobr.com.br\/index.php?rest_route=\/wp\/v2\/posts\/4984\/revisions"}],"predecessor-version":[{"id":4986,"href":"https:\/\/oexpressobr.com.br\/index.php?rest_route=\/wp\/v2\/posts\/4984\/revisions\/4986"}],"wp:featuredmedia":[{"embeddable":true,"href":"https:\/\/oexpressobr.com.br\/index.php?rest_route=\/wp\/v2\/media\/4985"}],"wp:attachment":[{"href":"https:\/\/oexpressobr.com.br\/index.php?rest_route=%2Fwp%2Fv2%2Fmedia&parent=4984"}],"wp:term":[{"taxonomy":"category","embeddable":true,"href":"https:\/\/oexpressobr.com.br\/index.php?rest_route=%2Fwp%2Fv2%2Fcategories&post=4984"},{"taxonomy":"post_tag","embeddable":true,"href":"https:\/\/oexpressobr.com.br\/index.php?rest_route=%2Fwp%2Fv2%2Ftags&post=4984"}],"curies":[{"name":"wp","href":"https:\/\/api.w.org\/{rel}","templated":true}]}}