{"id":4987,"date":"2026-03-03T06:58:53","date_gmt":"2026-03-03T09:58:53","guid":{"rendered":"https:\/\/oexpressobr.com.br\/?p=4987"},"modified":"2026-03-03T06:58:57","modified_gmt":"2026-03-03T09:58:57","slug":"mendonca-libera-acesso-da-defesa-de-lulinha-a-inquerito-sobre-fraude-no-inss","status":"publish","type":"post","link":"https:\/\/oexpressobr.com.br\/?p=4987","title":{"rendered":"Mendon\u00e7a libera acesso da defesa de Lulinha a inqu\u00e9rito sobre fraude no INSS"},"content":{"rendered":"\n<p class=\"wp-block-paragraph\">Em um novo desdobramento jur\u00eddico que movimenta os bastidores de Bras\u00edlia, o ministro <strong>Andr\u00e9 Mendon\u00e7a<\/strong>, do Supremo Tribunal Federal (STF), autorizou nesta segunda-feira (2) que a defesa de <strong>F\u00e1bio Lu\u00eds Lula da Silva<\/strong>, o <strong>Lulinha<\/strong>, tenha acesso integral aos autos do inqu\u00e9rito da Pol\u00edcia Federal que investiga uma rede de fraudes bilion\u00e1rias no <strong>INSS<\/strong>.<\/p>\n\n\n\n<p class=\"wp-block-paragraph\">\u200bA decis\u00e3o atende a um pedido protocolado pelos advogados do empres\u00e1rio em janeiro. Lulinha, filho mais velho do presidente Lula, tornou-se um dos focos centrais da investiga\u00e7\u00e3o ap\u00f3s seu nome aparecer em materiais apreendidos pela PF. Mensagens extra\u00eddas do celular de <strong>Ant\u00f4nio Carlos Camilo Antunes<\/strong>, conhecido como &#8220;Careca do INSS&#8221; \u2014 apontado como o principal operador do esquema \u2014, mencionam o repasse de uma suposta &#8220;mesada&#8221; de <strong>R$ 300 mil<\/strong> ao empres\u00e1rio, al\u00e9m do custeio de viagens internacionais.<\/p>\n\n\n\n<h3 class=\"wp-block-heading\">\u200bCerco judicial e pol\u00edtico<\/h3>\n\n\n\n<p class=\"wp-block-paragraph\">\u200bA libera\u00e7\u00e3o do acesso \u00e0 defesa ocorre em um momento de press\u00e3o m\u00e1xima. Na \u00faltima semana de fevereiro, o cen\u00e1rio complicou-se para o filho do presidente em duas frentes:<\/p>\n\n\n\n<ol class=\"wp-block-list\">\n<li>\u200b<strong>Quebra de Sigilo no STF:<\/strong> Revelou-se que o pr\u00f3prio ministro Mendon\u00e7a j\u00e1 havia autorizado, de forma sigilosa em janeiro, a quebra dos sigilos banc\u00e1rio, fiscal e telem\u00e1tico de Lulinha a pedido da PF.<\/li>\n\n\n\n<li>\u200b<strong>Tumulto na CPMI:<\/strong> A Comiss\u00e3o Parlamentar Mista de Inqu\u00e9rito (CPMI) do INSS tamb\u00e9m aprovou a quebra de sigilo do empres\u00e1rio em uma sess\u00e3o ca\u00f3tica, marcada por trocas de agress\u00f5es f\u00edsicas entre parlamentares da base e da oposi\u00e7\u00e3o.<\/li>\n<\/ol>\n\n\n\n<p class=\"wp-block-paragraph\">\u200bA Pol\u00edcia Federal investiga se Lulinha atuou como &#8220;s\u00f3cio oculto&#8221; de Antunes em empresas que lucravam com descontos indevidos em folhas de pagamento de aposentados e pensionistas. At\u00e9 o momento, a corpora\u00e7\u00e3o mant\u00e9m cautela, afirmando que as men\u00e7\u00f5es ao nome do empres\u00e1rio partiram de terceiros e que o rastreamento financeiro \u00e9 essencial para confirmar ou descartar sua participa\u00e7\u00e3o direta.<\/p>\n\n\n\n<h3 class=\"wp-block-heading\">\u200bRea\u00e7\u00f5es e pr\u00f3ximos passos<\/h3>\n\n\n\n<p class=\"wp-block-paragraph\">\u200bA defesa de F\u00e1bio Lu\u00eds nega veementemente qualquer irregularidade e classifica as suspeitas como &#8220;fofocas e vilanias&#8221; baseadas em dados parciais. O presidente Lula, por sua vez, declarou publicamente que, embora acredite na inoc\u00eancia do filho, ele &#8220;pagar\u00e1 o pre\u00e7o&#8221; caso qualquer envolvimento seja comprovado, refor\u00e7ando que a lei deve valer para todos.<\/p>\n\n\n\n<p class=\"wp-block-paragraph\">\u200bNo Congresso, a base governista tenta agora anular a vota\u00e7\u00e3o da CPMI junto ao presidente do Senado, <strong>Davi Alcolumbre<\/strong>, alegando irregularidades na condu\u00e7\u00e3o dos trabalhos pelo senador <strong>Carlos Viana<\/strong> (Podemos-MG).<\/p>\n","protected":false},"excerpt":{"rendered":"<p>Em um novo desdobramento jur\u00eddico que movimenta os bastidores de Bras\u00edlia, o ministro Andr\u00e9 Mendon\u00e7a, do Supremo Tribunal Federal (STF), autorizou nesta segunda-feira (2) que [&#8230;]<\/p>\n","protected":false},"author":1,"featured_media":4988,"comment_status":"open","ping_status":"open","sticky":false,"template":"","format":"standard","meta":{"_crdt_document":"","_jetpack_memberships_contains_paid_content":false,"footnotes":"","jetpack_publicize_message":"","jetpack_publicize_feature_enabled":true,"jetpack_social_post_already_shared":true,"jetpack_social_options":{"image_generator_settings":{"template":"highway","default_image_id":0,"font":"","enabled":false},"version":2}},"categories":[3],"tags":[],"class_list":["post-4987","post","type-post","status-publish","format-standard","has-post-thumbnail","hentry","category-brasil"],"jetpack_publicize_connections":[],"jetpack_featured_media_url":"https:\/\/i0.wp.com\/oexpressobr.com.br\/wp-content\/uploads\/2026\/03\/IMG-20260303-WA0055.jpg?fit=900%2C600&ssl=1","jetpack_likes_enabled":true,"jetpack_sharing_enabled":true,"_links":{"self":[{"href":"https:\/\/oexpressobr.com.br\/index.php?rest_route=\/wp\/v2\/posts\/4987","targetHints":{"allow":["GET"]}}],"collection":[{"href":"https:\/\/oexpressobr.com.br\/index.php?rest_route=\/wp\/v2\/posts"}],"about":[{"href":"https:\/\/oexpressobr.com.br\/index.php?rest_route=\/wp\/v2\/types\/post"}],"author":[{"embeddable":true,"href":"https:\/\/oexpressobr.com.br\/index.php?rest_route=\/wp\/v2\/users\/1"}],"replies":[{"embeddable":true,"href":"https:\/\/oexpressobr.com.br\/index.php?rest_route=%2Fwp%2Fv2%2Fcomments&post=4987"}],"version-history":[{"count":1,"href":"https:\/\/oexpressobr.com.br\/index.php?rest_route=\/wp\/v2\/posts\/4987\/revisions"}],"predecessor-version":[{"id":4989,"href":"https:\/\/oexpressobr.com.br\/index.php?rest_route=\/wp\/v2\/posts\/4987\/revisions\/4989"}],"wp:featuredmedia":[{"embeddable":true,"href":"https:\/\/oexpressobr.com.br\/index.php?rest_route=\/wp\/v2\/media\/4988"}],"wp:attachment":[{"href":"https:\/\/oexpressobr.com.br\/index.php?rest_route=%2Fwp%2Fv2%2Fmedia&parent=4987"}],"wp:term":[{"taxonomy":"category","embeddable":true,"href":"https:\/\/oexpressobr.com.br\/index.php?rest_route=%2Fwp%2Fv2%2Fcategories&post=4987"},{"taxonomy":"post_tag","embeddable":true,"href":"https:\/\/oexpressobr.com.br\/index.php?rest_route=%2Fwp%2Fv2%2Ftags&post=4987"}],"curies":[{"name":"wp","href":"https:\/\/api.w.org\/{rel}","templated":true}]}}