{"id":4990,"date":"2026-03-03T07:03:06","date_gmt":"2026-03-03T10:03:06","guid":{"rendered":"https:\/\/oexpressobr.com.br\/?p=4990"},"modified":"2026-03-03T07:03:10","modified_gmt":"2026-03-03T10:03:10","slug":"flavio-bolsonaro-critica-moraes-apos-nova-negativa-de-prisao-domiciliar-a-jair-bolsonaro-atrocidade","status":"publish","type":"post","link":"https:\/\/oexpressobr.com.br\/?p=4990","title":{"rendered":"Fl\u00e1vio Bolsonaro critica Moraes ap\u00f3s nova negativa de pris\u00e3o domiciliar a Jair Bolsonaro: &#8220;Atrocidade&#8221;"},"content":{"rendered":"\n<p class=\"wp-block-paragraph\">\u200bO senador <strong>Fl\u00e1vio Bolsonaro (PL-RJ)<\/strong> classificou como uma <strong>&#8220;atrocidade&#8221;<\/strong> a decis\u00e3o do ministro <strong>Alexandre de Moraes<\/strong>, do Supremo Tribunal Federal (STF), que negou nesta segunda-feira (2 de mar\u00e7o de 2026) o pedido de pris\u00e3o domiciliar humanit\u00e1ria para o ex-presidente <strong>Jair Bolsonaro<\/strong>. A defesa buscava a transfer\u00eancia alegando necessidade de cuidados m\u00e9dicos espec\u00edficos, mas o magistrado manteve o ex-mandat\u00e1rio na &#8220;Papudinha&#8221;, o Batalh\u00e3o de Pol\u00edcia do Ex\u00e9rcito em Bras\u00edlia.<\/p>\n\n\n\n<h3 class=\"wp-block-heading\">\u200bOs fundamentos da decis\u00e3o<\/h3>\n\n\n\n<p class=\"wp-block-paragraph\">\u200bAo indeferir o pedido, Moraes baseou-se em relat\u00f3rios da per\u00edcia m\u00e9dica da <strong>Pol\u00edcia Federal<\/strong>, que indicaram que o quadro de sa\u00fade de Bolsonaro \u00e9 est\u00e1vel e pode ser plenamente assistido nas instala\u00e7\u00f5es atuais. Segundo o relat\u00f3rio detalhado:<\/p>\n\n\n\n<ul class=\"wp-block-list\">\n<li>\u200b<strong>Assist\u00eancia M\u00e9dica:<\/strong> O ex-presidente passou por <strong>144 atendimentos m\u00e9dicos<\/strong> em um per\u00edodo de 39 dias.<\/li>\n\n\n\n<li>\u200b<strong>Atividade Pol\u00edtica:<\/strong> O ministro destacou que Bolsonaro mant\u00e9m uma <strong>&#8220;intensa atividade pol\u00edtica&#8221;<\/strong> mesmo sob cust\u00f3dia, recebendo visitas frequentes de aliados e familiares, o que contradiria a tese de debilidade extrema.<\/li>\n\n\n\n<li>\u200b<strong>Risco de Fuga:<\/strong> Moraes relembrou epis\u00f3dios de 2025, incluindo a <strong>viola\u00e7\u00e3o da tornozeleira eletr\u00f4nica<\/strong> (que teria sido danificada com um ferro de solda), como justificativa para manter o regime fechado e evitar tentativas de evas\u00e3o.<\/li>\n<\/ul>\n\n\n\n<h3 class=\"wp-block-heading\">\u200bRea\u00e7\u00e3o e estrat\u00e9gia da fam\u00edlia<\/h3>\n\n\n\n<p class=\"wp-block-paragraph\">\u200bFl\u00e1vio Bolsonaro, que recentemente foi inclu\u00eddo na equipe de <strong>advogados do pai<\/strong> para garantir acesso irrestrito \u00e0s instala\u00e7\u00f5es militares, reagiu duramente nas redes sociais e em declara\u00e7\u00f5es \u00e0 imprensa. Para o senador, a manuten\u00e7\u00e3o da pris\u00e3o \u00e9 uma &#8220;persegui\u00e7\u00e3o pol\u00edtica&#8221; que ignora o hist\u00f3rico cl\u00ednico de Jair Bolsonaro.<\/p>\n\n\n\n<blockquote class=\"wp-block-quote is-layout-flow wp-block-quote-is-layout-flow\">\n<p class=\"wp-block-paragraph\">\u200b&#8221;\u00c9 uma atrocidade manter um ex-presidente com hist\u00f3rico de cirurgias complexas em um ambiente prisional, negando-lhe o direito b\u00e1sico de tratar a sa\u00fade em casa&#8221;, afirmou Fl\u00e1vio.<\/p>\n<\/blockquote>\n\n\n\n<h3 class=\"wp-block-heading\">\u200bO cen\u00e1rio atual<\/h3>\n\n\n\n<p class=\"wp-block-paragraph\">\u200bJair Bolsonaro cumpre pena de <strong>27 anos e 3 meses de reclus\u00e3o<\/strong>, decorrente de condena\u00e7\u00f5es relacionadas \u00e0 tentativa de golpe de Estado em 2022. Enquanto a defesa insiste na pauta humanit\u00e1ria, o STF refor\u00e7a que o sistema penitenci\u00e1rio especial onde ele se encontra oferece todas as garantias de dignidade e sa\u00fade.<\/p>\n","protected":false},"excerpt":{"rendered":"<p>\u200bO senador Fl\u00e1vio Bolsonaro (PL-RJ) classificou como uma &#8220;atrocidade&#8221; a decis\u00e3o do ministro Alexandre de Moraes, do Supremo Tribunal Federal (STF), que negou nesta segunda-feira [&#8230;]<\/p>\n","protected":false},"author":1,"featured_media":4991,"comment_status":"open","ping_status":"open","sticky":false,"template":"","format":"standard","meta":{"_crdt_document":"","_jetpack_memberships_contains_paid_content":false,"footnotes":"","jetpack_publicize_message":"","jetpack_publicize_feature_enabled":true,"jetpack_social_post_already_shared":true,"jetpack_social_options":{"image_generator_settings":{"template":"highway","default_image_id":0,"font":"","enabled":false},"version":2}},"categories":[3],"tags":[],"class_list":["post-4990","post","type-post","status-publish","format-standard","has-post-thumbnail","hentry","category-brasil"],"jetpack_publicize_connections":[],"jetpack_featured_media_url":"https:\/\/i0.wp.com\/oexpressobr.com.br\/wp-content\/uploads\/2026\/03\/IMG-20260303-WA0056.jpg?fit=900%2C600&ssl=1","jetpack_likes_enabled":true,"jetpack_sharing_enabled":true,"_links":{"self":[{"href":"https:\/\/oexpressobr.com.br\/index.php?rest_route=\/wp\/v2\/posts\/4990","targetHints":{"allow":["GET"]}}],"collection":[{"href":"https:\/\/oexpressobr.com.br\/index.php?rest_route=\/wp\/v2\/posts"}],"about":[{"href":"https:\/\/oexpressobr.com.br\/index.php?rest_route=\/wp\/v2\/types\/post"}],"author":[{"embeddable":true,"href":"https:\/\/oexpressobr.com.br\/index.php?rest_route=\/wp\/v2\/users\/1"}],"replies":[{"embeddable":true,"href":"https:\/\/oexpressobr.com.br\/index.php?rest_route=%2Fwp%2Fv2%2Fcomments&post=4990"}],"version-history":[{"count":1,"href":"https:\/\/oexpressobr.com.br\/index.php?rest_route=\/wp\/v2\/posts\/4990\/revisions"}],"predecessor-version":[{"id":4992,"href":"https:\/\/oexpressobr.com.br\/index.php?rest_route=\/wp\/v2\/posts\/4990\/revisions\/4992"}],"wp:featuredmedia":[{"embeddable":true,"href":"https:\/\/oexpressobr.com.br\/index.php?rest_route=\/wp\/v2\/media\/4991"}],"wp:attachment":[{"href":"https:\/\/oexpressobr.com.br\/index.php?rest_route=%2Fwp%2Fv2%2Fmedia&parent=4990"}],"wp:term":[{"taxonomy":"category","embeddable":true,"href":"https:\/\/oexpressobr.com.br\/index.php?rest_route=%2Fwp%2Fv2%2Fcategories&post=4990"},{"taxonomy":"post_tag","embeddable":true,"href":"https:\/\/oexpressobr.com.br\/index.php?rest_route=%2Fwp%2Fv2%2Ftags&post=4990"}],"curies":[{"name":"wp","href":"https:\/\/api.w.org\/{rel}","templated":true}]}}