{"id":4993,"date":"2026-03-03T07:08:56","date_gmt":"2026-03-03T10:08:56","guid":{"rendered":"https:\/\/oexpressobr.com.br\/?p=4993"},"modified":"2026-03-03T07:09:00","modified_gmt":"2026-03-03T10:09:00","slug":"camara-aprova-projeto-que-autoriza-instalacao-de-farmacias-em-supermercados-e-texto-segue-para-sancao","status":"publish","type":"post","link":"https:\/\/oexpressobr.com.br\/?p=4993","title":{"rendered":"C\u00e2mara aprova projeto que autoriza instala\u00e7\u00e3o de farm\u00e1cias em supermercados e texto segue para san\u00e7\u00e3o"},"content":{"rendered":"\n<p class=\"wp-block-paragraph\">A C\u00e2mara dos Deputados aprovou, nesta segunda-feira (2 de mar\u00e7o de 2026), o Projeto de Lei 2158\/23, que permite a comercializa\u00e7\u00e3o de medicamentos em supermercados e estabelecimentos similares. A proposta, que j\u00e1 havia passado pelo Senado Federal, segue agora para a san\u00e7\u00e3o do presidente Luiz In\u00e1cio Lula da Silva. O texto final representa um meio-termo entre as reivindica\u00e7\u00f5es do setor varejista e as preocupa\u00e7\u00f5es de \u00f3rg\u00e3os de sa\u00fade.<\/p>\n\n\n\n<p class=\"wp-block-paragraph\">\u200b<strong>Regras para o funcionamento<\/strong><\/p>\n\n\n\n<p class=\"wp-block-paragraph\">Diferente das propostas iniciais que previam a venda de rem\u00e9dios diretamente nas g\u00f4ndolas, o texto aprovado exige que os supermercados instalem \u00e1reas f\u00edsicas delimitadas e exclusivas para a atividade farmac\u00eautica. Na pr\u00e1tica, o estabelecimento dever\u00e1 abrigar uma farm\u00e1cia ou drogaria interna, com ambiente segregado dos demais setores do mercado.<\/p>\n\n\n\n<p class=\"wp-block-paragraph\">\u200bEntre os principais pontos da nova regulamenta\u00e7\u00e3o est\u00e3o:<\/p>\n\n\n\n<ul class=\"wp-block-list\">\n<li>\u200b<strong>Presen\u00e7a de profissional:<\/strong> \u00c9 obrigat\u00f3ria a assist\u00eancia de um farmac\u00eautico respons\u00e1vel durante todo o hor\u00e1rio de funcionamento da unidade.<\/li>\n\n\n\n<li>\u200b<strong>Restri\u00e7\u00e3o de acesso:<\/strong> Os medicamentos n\u00e3o poder\u00e3o ficar expostos ao alcance direto do consumidor (autosservi\u00e7o) fora da \u00e1rea t\u00e9cnica da farm\u00e1cia.<\/li>\n\n\n\n<li>\u200b<strong>Controle sanit\u00e1rio:<\/strong> O estabelecimento deve cumprir todas as exig\u00eancias da Ag\u00eancia Nacional de Vigil\u00e2ncia Sanit\u00e1ria (Anvisa) aplic\u00e1veis \u00e0s farm\u00e1cias convencionais.<\/li>\n<\/ul>\n\n\n\n<p class=\"wp-block-paragraph\">\u200b<strong>Debate entre parlamentares e entidades<\/strong><\/p>\n\n\n\n<p class=\"wp-block-paragraph\">O relator da mat\u00e9ria, deputado Zacharias Calil (Uni\u00e3o-GO), defendeu que a medida amplia o acesso da popula\u00e7\u00e3o a medicamentos, especialmente em regi\u00f5es remotas onde a capilaridade dos supermercados \u00e9 maior que a das redes de drogarias. &#8220;A presen\u00e7a disseminada de mercados pode ser utilizada para facilitar a vida dos usu\u00e1rios&#8221;, afirmou em seu parecer.<\/p>\n\n\n\n<p class=\"wp-block-paragraph\">\u200bPor outro lado, a proposta enfrentou resist\u00eancia de entidades como o Conselho Federal de Farm\u00e1cia (CFF) e de parlamentares da bancada da sa\u00fade. Cr\u00edticos argumentam que a facilita\u00e7\u00e3o pode estimular a automedica\u00e7\u00e3o e banalizar o uso de subst\u00e2ncias qu\u00edmicas. A deputada Maria do Ros\u00e1rio (PT-RS) pontuou durante a vota\u00e7\u00e3o que &#8220;o supermercado n\u00e3o pode virar farm\u00e1cia&#8221;, defendendo que o medicamento deve ser tratado como um insumo de sa\u00fade e n\u00e3o como mercadoria comum.<\/p>\n\n\n\n<p class=\"wp-block-paragraph\">\u200b<strong>Mercado e pr\u00f3ximos passos<\/strong><\/p>\n\n\n\n<p class=\"wp-block-paragraph\">O setor supermercadista, representado pela Abras (Associa\u00e7\u00e3o Brasileira de Supermercados), celebrou a aprova\u00e7\u00e3o como uma vit\u00f3ria para a livre iniciativa e conveni\u00eancia do consumidor. J\u00e1 o mercado financeiro reagiu com estabilidade, uma vez que a exig\u00eancia de uma estrutura de farm\u00e1cia completa dentro dos mercados reduz o impacto imediato sobre as grandes redes de drogarias j\u00e1 estabelecidas.<\/p>\n\n\n\n<p class=\"wp-block-paragraph\">\u200bCaso seja sancionada pelo presidente sem vetos, a lei entrar\u00e1 em vigor conforme os prazos estipulados no texto, alterando a Lei 5.991\/73, que h\u00e1 d\u00e9cadas restringia a venda de f\u00e1rmacos estritamente a farm\u00e1cias e drogarias.<\/p>\n","protected":false},"excerpt":{"rendered":"<p>A C\u00e2mara dos Deputados aprovou, nesta segunda-feira (2 de mar\u00e7o de 2026), o Projeto de Lei 2158\/23, que permite a comercializa\u00e7\u00e3o de medicamentos em supermercados [&#8230;]<\/p>\n","protected":false},"author":1,"featured_media":4994,"comment_status":"open","ping_status":"open","sticky":false,"template":"","format":"standard","meta":{"_crdt_document":"","_jetpack_memberships_contains_paid_content":false,"footnotes":"","jetpack_publicize_message":"","jetpack_publicize_feature_enabled":true,"jetpack_social_post_already_shared":true,"jetpack_social_options":{"image_generator_settings":{"template":"highway","default_image_id":0,"font":"","enabled":false},"version":2}},"categories":[3],"tags":[],"class_list":["post-4993","post","type-post","status-publish","format-standard","has-post-thumbnail","hentry","category-brasil"],"jetpack_publicize_connections":[],"jetpack_featured_media_url":"https:\/\/i0.wp.com\/oexpressobr.com.br\/wp-content\/uploads\/2026\/03\/IMG-20260303-WA0061.jpg?fit=900%2C506&ssl=1","jetpack_likes_enabled":true,"jetpack_sharing_enabled":true,"_links":{"self":[{"href":"https:\/\/oexpressobr.com.br\/index.php?rest_route=\/wp\/v2\/posts\/4993","targetHints":{"allow":["GET"]}}],"collection":[{"href":"https:\/\/oexpressobr.com.br\/index.php?rest_route=\/wp\/v2\/posts"}],"about":[{"href":"https:\/\/oexpressobr.com.br\/index.php?rest_route=\/wp\/v2\/types\/post"}],"author":[{"embeddable":true,"href":"https:\/\/oexpressobr.com.br\/index.php?rest_route=\/wp\/v2\/users\/1"}],"replies":[{"embeddable":true,"href":"https:\/\/oexpressobr.com.br\/index.php?rest_route=%2Fwp%2Fv2%2Fcomments&post=4993"}],"version-history":[{"count":1,"href":"https:\/\/oexpressobr.com.br\/index.php?rest_route=\/wp\/v2\/posts\/4993\/revisions"}],"predecessor-version":[{"id":4995,"href":"https:\/\/oexpressobr.com.br\/index.php?rest_route=\/wp\/v2\/posts\/4993\/revisions\/4995"}],"wp:featuredmedia":[{"embeddable":true,"href":"https:\/\/oexpressobr.com.br\/index.php?rest_route=\/wp\/v2\/media\/4994"}],"wp:attachment":[{"href":"https:\/\/oexpressobr.com.br\/index.php?rest_route=%2Fwp%2Fv2%2Fmedia&parent=4993"}],"wp:term":[{"taxonomy":"category","embeddable":true,"href":"https:\/\/oexpressobr.com.br\/index.php?rest_route=%2Fwp%2Fv2%2Fcategories&post=4993"},{"taxonomy":"post_tag","embeddable":true,"href":"https:\/\/oexpressobr.com.br\/index.php?rest_route=%2Fwp%2Fv2%2Ftags&post=4993"}],"curies":[{"name":"wp","href":"https:\/\/api.w.org\/{rel}","templated":true}]}}