{"id":5000,"date":"2026-03-03T19:46:34","date_gmt":"2026-03-03T22:46:34","guid":{"rendered":"https:\/\/oexpressobr.com.br\/?p=5000"},"modified":"2026-03-03T19:46:53","modified_gmt":"2026-03-03T22:46:53","slug":"trump-ameaca-cortar-comercio-com-espanha-apos-veto-ao-uso-de-bases-contra-o-ira","status":"publish","type":"post","link":"https:\/\/oexpressobr.com.br\/?p=5000","title":{"rendered":"Trump amea\u00e7a cortar com\u00e9rcio com Espanha ap\u00f3s veto ao uso de bases contra o Ir\u00e3"},"content":{"rendered":"\n<p class=\"wp-block-paragraph\">\u200bA tens\u00e3o diplom\u00e1tica entre Washington e Madri atingiu um ponto de ruptura nesta ter\u00e7a-feira, 3 de mar\u00e7o de 2026. O presidente <strong>Donald Trump<\/strong> amea\u00e7ou publicamente encerrar todas as rela\u00e7\u00f5es comerciais com a <strong>Espanha<\/strong>, ap\u00f3s o governo de <strong>Pedro S\u00e1nchez<\/strong> proibir que aeronaves militares dos Estados Unidos utilizassem as bases a\u00e9reas de <strong>Rota<\/strong> e <strong>Mor\u00f3n<\/strong> para opera\u00e7\u00f5es ofensivas contra o <strong>Ir\u00e3<\/strong>.<\/p>\n\n\n\n<p class=\"wp-block-paragraph\">\u200bA declara\u00e7\u00e3o ocorreu durante um encontro na Casa Branca com o chanceler alem\u00e3o, <strong>Friedrich Merz<\/strong>. Trump foi enf\u00e1tico ao criticar a postura espanhola, classificando a lideran\u00e7a do pa\u00eds como &#8220;terr\u00edvel&#8221;.<\/p>\n\n\n\n<h3 class=\"wp-block-heading\">\u200bO estopim da crise<\/h3>\n\n\n\n<p class=\"wp-block-paragraph\">\u200bO governo espanhol, sob a gest\u00e3o do primeiro-ministro Pedro S\u00e1nchez, fundamentou sua recusa na defesa da legalidade internacional. Segundo o ministro das Rela\u00e7\u00f5es Exteriores, <strong>Jos\u00e9 Manuel Albares<\/strong>, as bases s\u00e3o de soberania espanhola e o acordo bilateral com os EUA prev\u00ea o uso apenas em miss\u00f5es que respeitem a <strong>Carta das Na\u00e7\u00f5es Unidas<\/strong>.<\/p>\n\n\n\n<p class=\"wp-block-paragraph\">\u200bComo a atual ofensiva americana contra Teer\u00e3 \u00e9 vista por Madri como uma &#8220;interven\u00e7\u00e3o unilateral e perigosa&#8221;, o acesso foi bloqueado. Em resposta, o Ex\u00e9rcito dos EUA j\u00e1 iniciou a retirada de cerca de 15 aeronaves, incluindo reabastecedores <strong>KC-135 Stratotanker<\/strong>, deslocando-os para outras localidades.<\/p>\n\n\n\n<h3 class=\"wp-block-heading\">\u200bRetalia\u00e7\u00e3o econ\u00f4mica e OTAN<\/h3>\n\n\n\n<p class=\"wp-block-paragraph\">\u200bTrump n\u00e3o limitou suas cr\u00edticas apenas ao epis\u00f3dio das bases. Ele utilizou o momento para pressionar a Espanha sobre os gastos militares na <strong>OTAN<\/strong>, exigindo que os pa\u00edses membros elevem seus investimentos para <strong>5% do PIB<\/strong>.<\/p>\n\n\n\n<blockquote class=\"wp-block-quote is-layout-flow wp-block-quote-is-layout-flow\">\n<p class=\"wp-block-paragraph\">\u200b&#8221;Eu disse a Scott [Bessent, Secret\u00e1rio do Tesouro] para cortar todas as rela\u00e7\u00f5es comerciais com a Espanha&#8221;, afirmou Trump. &#8220;Eles t\u00eam um povo excelente, mas n\u00e3o t\u00eam uma lideran\u00e7a excelente. N\u00e3o t\u00eam nada de que precisemos.&#8221;<\/p>\n<\/blockquote>\n\n\n\n<p class=\"wp-block-paragraph\">\u200bO presidente sugeriu ainda que a Suprema Corte dos EUA j\u00e1 validou sua autoridade para impor embargos e tarifas globais (que podem chegar a 15%), sinalizando que a Espanha poder\u00e1 ser o primeiro alvo dessa nova pol\u00edtica protecionista se n\u00e3o recuar.<\/p>\n\n\n\n<h3 class=\"wp-block-heading\">\u200bContexto regional<\/h3>\n\n\n\n<p class=\"wp-block-paragraph\">\u200bEnquanto a Espanha se isola da estrat\u00e9gia americana, outros aliados como o <strong>Reino Unido<\/strong> adotaram posturas distintas. O premi\u00ea Keir Starmer autorizou o uso de instala\u00e7\u00f5es brit\u00e2nicas para a\u00e7\u00f5es defensivas contra Teer\u00e3, intensificando a press\u00e3o sobre os vizinhos europeus.<\/p>\n\n\n\n<p class=\"wp-block-paragraph\">\u200bA situa\u00e7\u00e3o no Oriente M\u00e9dio permanece vol\u00e1til, com o conflito se expandindo para o sul do L\u00edbano e afetando diretamente os mercados globais de energia e fertilizantes.<\/p>\n","protected":false},"excerpt":{"rendered":"<p>\u200bA tens\u00e3o diplom\u00e1tica entre Washington e Madri atingiu um ponto de ruptura nesta ter\u00e7a-feira, 3 de mar\u00e7o de 2026. O presidente Donald Trump amea\u00e7ou publicamente [&#8230;]<\/p>\n","protected":false},"author":1,"featured_media":5001,"comment_status":"open","ping_status":"open","sticky":false,"template":"","format":"standard","meta":{"_crdt_document":"","_jetpack_memberships_contains_paid_content":false,"footnotes":"","jetpack_publicize_message":"","jetpack_publicize_feature_enabled":true,"jetpack_social_post_already_shared":true,"jetpack_social_options":{"image_generator_settings":{"template":"highway","default_image_id":0,"font":"","enabled":false},"version":2}},"categories":[15],"tags":[],"class_list":["post-5000","post","type-post","status-publish","format-standard","has-post-thumbnail","hentry","category-internacional"],"jetpack_publicize_connections":[],"jetpack_featured_media_url":"https:\/\/i0.wp.com\/oexpressobr.com.br\/wp-content\/uploads\/2026\/03\/IMG-20260303-WA0346.jpg?fit=1200%2C800&ssl=1","jetpack_likes_enabled":true,"jetpack_sharing_enabled":true,"_links":{"self":[{"href":"https:\/\/oexpressobr.com.br\/index.php?rest_route=\/wp\/v2\/posts\/5000","targetHints":{"allow":["GET"]}}],"collection":[{"href":"https:\/\/oexpressobr.com.br\/index.php?rest_route=\/wp\/v2\/posts"}],"about":[{"href":"https:\/\/oexpressobr.com.br\/index.php?rest_route=\/wp\/v2\/types\/post"}],"author":[{"embeddable":true,"href":"https:\/\/oexpressobr.com.br\/index.php?rest_route=\/wp\/v2\/users\/1"}],"replies":[{"embeddable":true,"href":"https:\/\/oexpressobr.com.br\/index.php?rest_route=%2Fwp%2Fv2%2Fcomments&post=5000"}],"version-history":[{"count":1,"href":"https:\/\/oexpressobr.com.br\/index.php?rest_route=\/wp\/v2\/posts\/5000\/revisions"}],"predecessor-version":[{"id":5002,"href":"https:\/\/oexpressobr.com.br\/index.php?rest_route=\/wp\/v2\/posts\/5000\/revisions\/5002"}],"wp:featuredmedia":[{"embeddable":true,"href":"https:\/\/oexpressobr.com.br\/index.php?rest_route=\/wp\/v2\/media\/5001"}],"wp:attachment":[{"href":"https:\/\/oexpressobr.com.br\/index.php?rest_route=%2Fwp%2Fv2%2Fmedia&parent=5000"}],"wp:term":[{"taxonomy":"category","embeddable":true,"href":"https:\/\/oexpressobr.com.br\/index.php?rest_route=%2Fwp%2Fv2%2Fcategories&post=5000"},{"taxonomy":"post_tag","embeddable":true,"href":"https:\/\/oexpressobr.com.br\/index.php?rest_route=%2Fwp%2Fv2%2Ftags&post=5000"}],"curies":[{"name":"wp","href":"https:\/\/api.w.org\/{rel}","templated":true}]}}