{"id":5005,"date":"2026-03-03T19:56:06","date_gmt":"2026-03-03T22:56:06","guid":{"rendered":"https:\/\/oexpressobr.com.br\/?p=5005"},"modified":"2026-03-03T19:56:22","modified_gmt":"2026-03-03T22:56:22","slug":"camara-convoca-mauro-vieira-para-prestar-esclarecimentos-sobre-posicionamento-do-brasil-em-relacao-ao-ira","status":"publish","type":"post","link":"https:\/\/oexpressobr.com.br\/?p=5005","title":{"rendered":"C\u00e2mara convoca Mauro Vieira para prestar esclarecimentos sobre posicionamento do Brasil em rela\u00e7\u00e3o ao Ir\u00e3"},"content":{"rendered":"\n<p class=\"wp-block-paragraph\">A Comiss\u00e3o de Rela\u00e7\u00f5es Exteriores e de Defesa Nacional (CREDN) da C\u00e2mara dos Deputados aprovou, por unanimidade, a convoca\u00e7\u00e3o do Ministro das Rela\u00e7\u00f5es Exteriores, <strong>Mauro Vieira<\/strong>. O chanceler dever\u00e1 explicar as recentes notas oficiais do Itamaraty que repreenderam ataques direcionados ao territ\u00f3rio iraniano, movimento que gerou forte rea\u00e7\u00e3o da oposi\u00e7\u00e3o no Congresso Nacional.<\/p>\n\n\n\n<h3 class=\"wp-block-heading\">\u200bO foco da convoca\u00e7\u00e3o<\/h3>\n\n\n\n<p class=\"wp-block-paragraph\">\u200bO requerimento, de autoria do deputado <strong>Rodrigo Valadares (Uni\u00e3o Brasil-SE)<\/strong>, foi protocolado e aprovado nesta ter\u00e7a-feira (3\/3). A principal motiva\u00e7\u00e3o dos parlamentares \u00e9 o que classificam como um &#8220;desequil\u00edbrio diplom\u00e1tico&#8221; na condu\u00e7\u00e3o da pol\u00edtica externa do governo Lula.<\/p>\n\n\n\n<p class=\"wp-block-paragraph\">\u200bOs pontos centrais que o ministro dever\u00e1 abordar incluem:<\/p>\n\n\n\n<ul class=\"wp-block-list\">\n<li>\u200b<strong>A fundamenta\u00e7\u00e3o jur\u00eddica e pol\u00edtica<\/strong> das notas emitidas pelo Minist\u00e9rio das Rela\u00e7\u00f5es Exteriores.<\/li>\n\n\n\n<li>\u200b<strong>O impacto da postura brasileira<\/strong> nas rela\u00e7\u00f5es bilaterais com aliados tradicionais e no cen\u00e1rio do Oriente M\u00e9dio.<\/li>\n\n\n\n<li>\u200b<strong>A diferencia\u00e7\u00e3o de tratamento<\/strong> dada pelo Brasil a diferentes conflitos geopol\u00edticos recentes.<\/li>\n<\/ul>\n\n\n\n<h3 class=\"wp-block-heading\">\u200bPress\u00e3o da oposi\u00e7\u00e3o e consenso<\/h3>\n\n\n\n<p class=\"wp-block-paragraph\">\u200bEmbora a iniciativa tenha partido da ala oposicionista, a aprova\u00e7\u00e3o por <strong>unanimidade<\/strong> sinaliza que mesmo setores da base aliada buscam maior clareza sobre as diretrizes da diplomacia brasileira. Para Rodrigo Valadares, o Brasil corre o risco de se isolar ou de parecer conivente com regimes autorit\u00e1rios ao criticar a\u00e7\u00f5es defensivas ou ofensivas de forma que, segundo ele, beneficia o Ir\u00e3.<\/p>\n\n\n\n<blockquote class=\"wp-block-quote is-layout-flow wp-block-quote-is-layout-flow\">\n<p class=\"wp-block-paragraph\">\u200b&#8221;Precisamos entender se a nossa pol\u00edtica externa \u00e9 de Estado ou se tornou uma pol\u00edtica de partido. O Brasil sempre prezou pela neutralidade e pelo equil\u00edbrio, e o que vimos nas \u00faltimas manifesta\u00e7\u00f5es foi uma inclina\u00e7\u00e3o que preocupa o Parlamento&#8221;, afirmou o deputado autor do requerimento.<\/p>\n<\/blockquote>\n\n\n\n<h3 class=\"wp-block-heading\">\u200bContexto Diplom\u00e1tico<\/h3>\n\n\n\n<p class=\"wp-block-paragraph\">\u200bO Itamaraty tem defendido, sob a gest\u00e3o de Vieira, a &#8220;solu\u00e7\u00e3o pac\u00edfica de controv\u00e9rsias&#8221; e a &#8220;n\u00e3o interven\u00e7\u00e3o&#8221;, pilares da Constitui\u00e7\u00e3o de 1988. No entanto, a rapidez em repreender ataques que atingiram o Ir\u00e3, comparada ao tom adotado em outros epis\u00f3dios de viol\u00eancia na regi\u00e3o, tornou-se o estopim para esta convoca\u00e7\u00e3o obrigat\u00f3ria.<\/p>\n\n\n\n<p class=\"wp-block-paragraph\">\u200bDiferente do convite, a <strong>convoca\u00e7\u00e3o<\/strong> obriga a presen\u00e7a do ministro sob pena de crime de responsabilidade. A data da audi\u00eancia deve ser definida pela mesa diretora da comiss\u00e3o nos pr\u00f3ximos dias.<\/p>\n","protected":false},"excerpt":{"rendered":"<p>A Comiss\u00e3o de Rela\u00e7\u00f5es Exteriores e de Defesa Nacional (CREDN) da C\u00e2mara dos Deputados aprovou, por unanimidade, a convoca\u00e7\u00e3o do Ministro das Rela\u00e7\u00f5es Exteriores, Mauro [&#8230;]<\/p>\n","protected":false},"author":1,"featured_media":5006,"comment_status":"open","ping_status":"open","sticky":false,"template":"","format":"standard","meta":{"_crdt_document":"","_jetpack_memberships_contains_paid_content":false,"footnotes":"","jetpack_publicize_message":"","jetpack_publicize_feature_enabled":true,"jetpack_social_post_already_shared":true,"jetpack_social_options":{"image_generator_settings":{"template":"highway","default_image_id":0,"font":"","enabled":false},"version":2}},"categories":[3],"tags":[],"class_list":["post-5005","post","type-post","status-publish","format-standard","has-post-thumbnail","hentry","category-brasil"],"jetpack_publicize_connections":[],"jetpack_featured_media_url":"https:\/\/i0.wp.com\/oexpressobr.com.br\/wp-content\/uploads\/2026\/03\/IMG-20260303-WA0344.jpg?fit=1200%2C671&ssl=1","jetpack_likes_enabled":true,"jetpack_sharing_enabled":true,"_links":{"self":[{"href":"https:\/\/oexpressobr.com.br\/index.php?rest_route=\/wp\/v2\/posts\/5005","targetHints":{"allow":["GET"]}}],"collection":[{"href":"https:\/\/oexpressobr.com.br\/index.php?rest_route=\/wp\/v2\/posts"}],"about":[{"href":"https:\/\/oexpressobr.com.br\/index.php?rest_route=\/wp\/v2\/types\/post"}],"author":[{"embeddable":true,"href":"https:\/\/oexpressobr.com.br\/index.php?rest_route=\/wp\/v2\/users\/1"}],"replies":[{"embeddable":true,"href":"https:\/\/oexpressobr.com.br\/index.php?rest_route=%2Fwp%2Fv2%2Fcomments&post=5005"}],"version-history":[{"count":1,"href":"https:\/\/oexpressobr.com.br\/index.php?rest_route=\/wp\/v2\/posts\/5005\/revisions"}],"predecessor-version":[{"id":5007,"href":"https:\/\/oexpressobr.com.br\/index.php?rest_route=\/wp\/v2\/posts\/5005\/revisions\/5007"}],"wp:featuredmedia":[{"embeddable":true,"href":"https:\/\/oexpressobr.com.br\/index.php?rest_route=\/wp\/v2\/media\/5006"}],"wp:attachment":[{"href":"https:\/\/oexpressobr.com.br\/index.php?rest_route=%2Fwp%2Fv2%2Fmedia&parent=5005"}],"wp:term":[{"taxonomy":"category","embeddable":true,"href":"https:\/\/oexpressobr.com.br\/index.php?rest_route=%2Fwp%2Fv2%2Fcategories&post=5005"},{"taxonomy":"post_tag","embeddable":true,"href":"https:\/\/oexpressobr.com.br\/index.php?rest_route=%2Fwp%2Fv2%2Ftags&post=5005"}],"curies":[{"name":"wp","href":"https:\/\/api.w.org\/{rel}","templated":true}]}}