{"id":5019,"date":"2026-03-03T20:28:42","date_gmt":"2026-03-03T23:28:42","guid":{"rendered":"https:\/\/oexpressobr.com.br\/?p=5019"},"modified":"2026-03-03T20:28:57","modified_gmt":"2026-03-03T23:28:57","slug":"nikolas-ferreira-confirma-carona-em-jato-de-banqueiro-investigado-durante-campanha-de-bolsonaro","status":"publish","type":"post","link":"https:\/\/oexpressobr.com.br\/?p=5019","title":{"rendered":"Nikolas Ferreira confirma carona em jato de banqueiro investigado durante campanha de Bolsonaro"},"content":{"rendered":"\n<p class=\"wp-block-paragraph\">\u200bA rela\u00e7\u00e3o entre a pol\u00edtica e o poder econ\u00f4mico volta ao centro dos holofotes com a revela\u00e7\u00e3o de que o deputado federal <strong>Nikolas Ferreira (PL-MG)<\/strong> utilizou a estrutura privada de um dos nomes mais influentes do setor financeiro para fins eleitorais. Em 2022, o parlamentar viajou em um jatinho de propriedade de <strong>Daniel Vorcaro<\/strong>, dono do <strong>Banco Master<\/strong>, acompanhado de lideran\u00e7as evang\u00e9licas para promover a reelei\u00e7\u00e3o do ex-presidente <strong>Jair Bolsonaro<\/strong>.<\/p>\n\n\n\n<h3 class=\"wp-block-heading\">\u200bO voo e a justificativa<\/h3>\n\n\n\n<p class=\"wp-block-paragraph\">\u200bDe acordo com informa\u00e7\u00f5es confirmadas pela assessoria do deputado, as viagens ocorreram no auge da disputa presidencial. Nikolas, que na \u00e9poca despontava como um dos principais cabos eleitorais de Bolsonaro entre os jovens e o p\u00fablico crist\u00e3o, afirmou em nota que <strong>n\u00e3o tinha conhecimento da propriedade da aeronave<\/strong> no momento do embarque.<\/p>\n\n\n\n<p class=\"wp-block-paragraph\">\u200bO parlamentar enfatizou que n\u00e3o possui &#8220;qualquer v\u00ednculo pessoal, comercial ou institucional&#8221; com Vorcaro. A defesa sustenta que a log\u00edstica foi organizada por terceiros e que o foco era exclusivamente a agenda de campanha.<\/p>\n\n\n\n<h3 class=\"wp-block-heading\">\u200bQuem \u00e9 Daniel Vorcaro e o Banco Master?<\/h3>\n\n\n\n<p class=\"wp-block-paragraph\">\u200bO nome de Daniel Vorcaro ganhou as p\u00e1ginas policiais e econ\u00f4micas recentemente. O banqueiro \u00e9 alvo de investiga\u00e7\u00f5es que apuram <strong>fraudes bilion\u00e1rias<\/strong> no sistema financeiro nacional.<\/p>\n\n\n\n<ul class=\"wp-block-list\">\n<li>\u200b<strong>Expans\u00e3o Agressiva:<\/strong> O Banco Master, sob o comando de Vorcaro, registrou um crescimento astron\u00f4mico nos \u00faltimos anos, adquirindo carteiras e institui\u00e7\u00f5es em dificuldades.<\/li>\n\n\n\n<li>\u200b<strong>Investiga\u00e7\u00e3o:<\/strong> As autoridades apuram suspeitas de gest\u00e3o fraudulenta e lavagem de dinheiro, colocando as opera\u00e7\u00f5es da institui\u00e7\u00e3o sob rigoroso escrut\u00ednio do Banco Central e da Pol\u00edcia Federal.<\/li>\n\n\n\n<li>\u200b<strong>Perfil:<\/strong> Conhecido pelo estilo de vida luxuoso, o empres\u00e1rio circula com frequ\u00eancia entre a elite pol\u00edtica de Bras\u00edlia e Belo Horizonte.<\/li>\n<\/ul>\n\n\n\n<h3 class=\"wp-block-heading\">\u200bDesdobramentos e Rea\u00e7\u00f5es<\/h3>\n\n\n\n<p class=\"wp-block-paragraph\">\u200bO uso de transporte privado cedido por empres\u00e1rios para campanhas eleitorais \u00e9 um tema sens\u00edvel na legisla\u00e7\u00e3o brasileira. Se as horas de voo n\u00e3o forem devidamente declaradas como doa\u00e7\u00e3o de campanha na presta\u00e7\u00e3o de contas ao Tribunal Superior Eleitoral (TSE), os envolvidos podem responder por <strong>omiss\u00e3o de gastos<\/strong> (o famoso &#8220;caixa dois&#8221;).<\/p>\n\n\n\n<p class=\"wp-block-paragraph\">\u200bAt\u00e9 o momento, a defesa do Banco Master e de Daniel Vorcaro n\u00e3o comentou especificamente sobre a cess\u00e3o do jato para o grupo de Nikolas Ferreira, limitando-se a negar irregularidades em suas opera\u00e7\u00f5es banc\u00e1rias em outras ocasi\u00f5es.<\/p>\n\n\n\n<blockquote class=\"wp-block-quote is-layout-flow wp-block-quote-is-layout-flow\">\n<p class=\"wp-block-paragraph\">\u200b<strong>Ponto de Aten\u00e7\u00e3o:<\/strong> A conex\u00e3o entre o &#8220;dinheiro novo&#8221; do sistema financeiro e a ala ideol\u00f3gica do Congresso Nacional deve ser um dos fios condutores das pr\u00f3ximas oitivas em comiss\u00f5es de \u00e9tica e controle.<\/p>\n<\/blockquote>\n","protected":false},"excerpt":{"rendered":"<p>\u200bA rela\u00e7\u00e3o entre a pol\u00edtica e o poder econ\u00f4mico volta ao centro dos holofotes com a revela\u00e7\u00e3o de que o deputado federal Nikolas Ferreira (PL-MG) [&#8230;]<\/p>\n","protected":false},"author":1,"featured_media":5020,"comment_status":"open","ping_status":"open","sticky":false,"template":"","format":"standard","meta":{"_crdt_document":"","_jetpack_memberships_contains_paid_content":false,"footnotes":"","jetpack_publicize_message":"","jetpack_publicize_feature_enabled":true,"jetpack_social_post_already_shared":true,"jetpack_social_options":{"image_generator_settings":{"template":"highway","default_image_id":0,"font":"","enabled":false},"version":2}},"categories":[7],"tags":[],"class_list":["post-5019","post","type-post","status-publish","format-standard","has-post-thumbnail","hentry","category-politica"],"jetpack_publicize_connections":[],"jetpack_featured_media_url":"https:\/\/i0.wp.com\/oexpressobr.com.br\/wp-content\/uploads\/2026\/03\/IMG-20260303-WA0399.jpg?fit=800%2C1000&ssl=1","jetpack_likes_enabled":true,"jetpack_sharing_enabled":true,"_links":{"self":[{"href":"https:\/\/oexpressobr.com.br\/index.php?rest_route=\/wp\/v2\/posts\/5019","targetHints":{"allow":["GET"]}}],"collection":[{"href":"https:\/\/oexpressobr.com.br\/index.php?rest_route=\/wp\/v2\/posts"}],"about":[{"href":"https:\/\/oexpressobr.com.br\/index.php?rest_route=\/wp\/v2\/types\/post"}],"author":[{"embeddable":true,"href":"https:\/\/oexpressobr.com.br\/index.php?rest_route=\/wp\/v2\/users\/1"}],"replies":[{"embeddable":true,"href":"https:\/\/oexpressobr.com.br\/index.php?rest_route=%2Fwp%2Fv2%2Fcomments&post=5019"}],"version-history":[{"count":1,"href":"https:\/\/oexpressobr.com.br\/index.php?rest_route=\/wp\/v2\/posts\/5019\/revisions"}],"predecessor-version":[{"id":5021,"href":"https:\/\/oexpressobr.com.br\/index.php?rest_route=\/wp\/v2\/posts\/5019\/revisions\/5021"}],"wp:featuredmedia":[{"embeddable":true,"href":"https:\/\/oexpressobr.com.br\/index.php?rest_route=\/wp\/v2\/media\/5020"}],"wp:attachment":[{"href":"https:\/\/oexpressobr.com.br\/index.php?rest_route=%2Fwp%2Fv2%2Fmedia&parent=5019"}],"wp:term":[{"taxonomy":"category","embeddable":true,"href":"https:\/\/oexpressobr.com.br\/index.php?rest_route=%2Fwp%2Fv2%2Fcategories&post=5019"},{"taxonomy":"post_tag","embeddable":true,"href":"https:\/\/oexpressobr.com.br\/index.php?rest_route=%2Fwp%2Fv2%2Ftags&post=5019"}],"curies":[{"name":"wp","href":"https:\/\/api.w.org\/{rel}","templated":true}]}}