{"id":5023,"date":"2026-03-03T20:34:56","date_gmt":"2026-03-03T23:34:56","guid":{"rendered":"https:\/\/oexpressobr.com.br\/?p=5023"},"modified":"2026-03-03T20:35:10","modified_gmt":"2026-03-03T23:35:10","slug":"jato-de-cristiano-ronaldo-deixa-arabia-saudita-apos-escalada-de-tensoes-no-oriente-medio","status":"publish","type":"post","link":"https:\/\/oexpressobr.com.br\/?p=5023","title":{"rendered":"Jato de Cristiano Ronaldo deixa Ar\u00e1bia Saudita ap\u00f3s escalada de tens\u00f5es no Oriente M\u00e9dio"},"content":{"rendered":"\n<p class=\"wp-block-paragraph\">\u200bA movimenta\u00e7\u00e3o a\u00e9rea na regi\u00e3o do Golfo ganhou um protagonista de peso nas \u00faltimas horas. O jato particular do craque portugu\u00eas <strong>Cristiano Ronaldo<\/strong>, atualmente defendendo as cores do Al-Nassr, decolou de Riade em um momento de extrema sensibilidade geopol\u00edtica. A partida ocorre logo ap\u00f3s o agravamento dos conflitos envolvendo Israel e Ir\u00e3, que colocou em alerta m\u00e1ximo as embaixadas e residentes estrangeiros no territ\u00f3rio saudita.<\/p>\n\n\n\n<h3 class=\"wp-block-heading\">\u200bContexto de seguran\u00e7a e precau\u00e7\u00e3o<\/h3>\n\n\n\n<p class=\"wp-block-paragraph\">\u200bEmbora a assessoria do jogador n\u00e3o tenha emitido um comunicado oficial detalhando o destino ou o motivo espec\u00edfico da viagem, a sa\u00edda coincide com o fechamento tempor\u00e1rio de espa\u00e7os a\u00e9reos vizinhos e o cancelamento de voos comerciais em toda a regi\u00e3o.<\/p>\n\n\n\n<p class=\"wp-block-paragraph\">\u200bPara figuras p\u00fablicas de alto escal\u00e3o como Ronaldo, a log\u00edstica de seguran\u00e7a \u00e9 tratada com prioridade absoluta. Fontes pr\u00f3ximas ao clube indicam que o movimento pode fazer parte de um <strong>plano de conting\u00eancia<\/strong> familiar, visando garantir a integridade de seus filhos e de sua companheira, Georgina Rodr\u00edguez, diante da incerteza do cen\u00e1rio militar local.<\/p>\n\n\n\n<h3 class=\"wp-block-heading\">\u200bImpacto no Al-Nassr e no futebol saudita<\/h3>\n\n\n\n<p class=\"wp-block-paragraph\">\u200bA sa\u00edda do astro levanta quest\u00f5es imediatas sobre o calend\u00e1rio esportivo:<\/p>\n\n\n\n<ul class=\"wp-block-list\">\n<li>\u200b<strong>Treinamentos:<\/strong> O cronograma do Al-Nassr segue, a princ\u00edpio, sem altera\u00e7\u00f5es oficiais, mas a aus\u00eancia do capit\u00e3o gera especula\u00e7\u00f5es sobre a continuidade das rodadas da liga nacional.<\/li>\n\n\n\n<li>\u200b<strong>Log\u00edstica de Elite:<\/strong> O uso de jatos privados tem sido a principal via de sa\u00edda para expatriados de alto patrim\u00f4nio na regi\u00e3o, fugindo da instabilidade das malhas a\u00e9reas comerciais que sofrem com constantes atrasos e desvios.<\/li>\n<\/ul>\n","protected":false},"excerpt":{"rendered":"<p>\u200bA movimenta\u00e7\u00e3o a\u00e9rea na regi\u00e3o do Golfo ganhou um protagonista de peso nas \u00faltimas horas. O jato particular do craque portugu\u00eas Cristiano Ronaldo, atualmente defendendo [&#8230;]<\/p>\n","protected":false},"author":1,"featured_media":5024,"comment_status":"open","ping_status":"open","sticky":false,"template":"","format":"standard","meta":{"_crdt_document":"","_jetpack_memberships_contains_paid_content":false,"footnotes":"","jetpack_publicize_message":"","jetpack_publicize_feature_enabled":true,"jetpack_social_post_already_shared":true,"jetpack_social_options":{"image_generator_settings":{"template":"highway","default_image_id":0,"font":"","enabled":false},"version":2}},"categories":[12],"tags":[],"class_list":["post-5023","post","type-post","status-publish","format-standard","has-post-thumbnail","hentry","category-esporte"],"jetpack_publicize_connections":[],"jetpack_featured_media_url":"https:\/\/i0.wp.com\/oexpressobr.com.br\/wp-content\/uploads\/2026\/03\/IMG-20260303-WA0403.jpg?fit=750%2C500&ssl=1","jetpack_likes_enabled":true,"jetpack_sharing_enabled":true,"_links":{"self":[{"href":"https:\/\/oexpressobr.com.br\/index.php?rest_route=\/wp\/v2\/posts\/5023","targetHints":{"allow":["GET"]}}],"collection":[{"href":"https:\/\/oexpressobr.com.br\/index.php?rest_route=\/wp\/v2\/posts"}],"about":[{"href":"https:\/\/oexpressobr.com.br\/index.php?rest_route=\/wp\/v2\/types\/post"}],"author":[{"embeddable":true,"href":"https:\/\/oexpressobr.com.br\/index.php?rest_route=\/wp\/v2\/users\/1"}],"replies":[{"embeddable":true,"href":"https:\/\/oexpressobr.com.br\/index.php?rest_route=%2Fwp%2Fv2%2Fcomments&post=5023"}],"version-history":[{"count":1,"href":"https:\/\/oexpressobr.com.br\/index.php?rest_route=\/wp\/v2\/posts\/5023\/revisions"}],"predecessor-version":[{"id":5025,"href":"https:\/\/oexpressobr.com.br\/index.php?rest_route=\/wp\/v2\/posts\/5023\/revisions\/5025"}],"wp:featuredmedia":[{"embeddable":true,"href":"https:\/\/oexpressobr.com.br\/index.php?rest_route=\/wp\/v2\/media\/5024"}],"wp:attachment":[{"href":"https:\/\/oexpressobr.com.br\/index.php?rest_route=%2Fwp%2Fv2%2Fmedia&parent=5023"}],"wp:term":[{"taxonomy":"category","embeddable":true,"href":"https:\/\/oexpressobr.com.br\/index.php?rest_route=%2Fwp%2Fv2%2Fcategories&post=5023"},{"taxonomy":"post_tag","embeddable":true,"href":"https:\/\/oexpressobr.com.br\/index.php?rest_route=%2Fwp%2Fv2%2Ftags&post=5023"}],"curies":[{"name":"wp","href":"https:\/\/api.w.org\/{rel}","templated":true}]}}