{"id":5028,"date":"2026-03-03T20:42:49","date_gmt":"2026-03-03T23:42:49","guid":{"rendered":"https:\/\/oexpressobr.com.br\/?p=5028"},"modified":"2026-03-03T20:43:00","modified_gmt":"2026-03-03T23:43:00","slug":"trump-declara-morte-de-liderancas-iranianas-e-afirma-que-e-tarde-demais-para-negociar","status":"publish","type":"post","link":"https:\/\/oexpressobr.com.br\/?p=5028","title":{"rendered":"Trump declara morte de lideran\u00e7as iranianas e afirma que \u00e9 tarde demais para negociar"},"content":{"rendered":"\n<p class=\"wp-block-paragraph\">\u200bO presidente dos Estados Unidos, Donald Trump, subiu o tom da ret\u00f3rica contra o regime de Teer\u00e3 nesta ter\u00e7a-feira (3 de mar\u00e7o de 2026), declarando que a estrutura de comando do Ir\u00e3 foi virtualmente eliminada ap\u00f3s quatro dias de ofensiva militar. Em publica\u00e7\u00f5es em sua rede social, o mandat\u00e1rio afirmou que as figuras que Washington vislumbrava como poss\u00edveis l\u00edderes para um per\u00edodo de transi\u00e7\u00e3o no pa\u00eds est\u00e3o mortas, criando o que chamou de &#8220;v\u00e1cuo de lideran\u00e7a&#8221;.<\/p>\n\n\n\n<p class=\"wp-block-paragraph\">\u200bA declara\u00e7\u00e3o ocorre em um momento cr\u00edtico da <strong>Opera\u00e7\u00e3o Epic Fury<\/strong>, a campanha a\u00e9rea conjunta entre EUA e Israel lan\u00e7ada em 28 de fevereiro. Segundo Trump, o Ir\u00e3 teria tentado abrir canais de di\u00e1logo nas \u00faltimas horas diante do colapso de suas defesas, mas recebeu uma resposta negativa da Casa Branca.<\/p>\n\n\n\n<blockquote class=\"wp-block-quote is-layout-flow wp-block-quote-is-layout-flow\">\n<p class=\"wp-block-paragraph\">\u200b&#8221;A defesa a\u00e9rea, a For\u00e7a A\u00e9rea, a Marinha e a lideran\u00e7a deles se foram. Eles querem conversar. Eu disse: &#8216;Tarde demais!'&#8221;, escreveu o presidente.<\/p>\n<\/blockquote>\n\n\n\n<h3 class=\"wp-block-heading\">\u200bOs principais desdobramentos do conflito<\/h3>\n\n\n\n<p class=\"wp-block-paragraph\">\u200bA escalada militar de 2026 transformou o cen\u00e1rio geopol\u00edtico do Oriente M\u00e9dio em poucos dias. Abaixo, os pontos centrais das \u00faltimas atualiza\u00e7\u00f5es:<\/p>\n\n\n\n<ul class=\"wp-block-list\">\n<li>\u200b<strong>Morte de Ali Khamenei:<\/strong> Ag\u00eancias internacionais e o pr\u00f3prio governo iraniano confirmaram a morte do L\u00edder Supremo, o aiatol\u00e1 Ali Khamenei, al\u00e9m do chefe da Guarda Revolucion\u00e1ria, Mohamad Pakpour.<\/li>\n\n\n\n<li>\u200b<strong>Comando Interino:<\/strong> O aiatol\u00e1 <strong>Alireza Arafi<\/strong>, de 67 anos, assumiu o posto de l\u00edder supremo interino e comanda um conselho para tentar estabilizar o pa\u00eds e escolher um sucessor permanente.<\/li>\n\n\n\n<li>\u200b<strong>Baixas no Alto Escal\u00e3o:<\/strong> Trump afirmou que &#8220;48 l\u00edderes&#8221; desapareceram de uma s\u00f3 vez em ataques de precis\u00e3o. Fontes de intelig\u00eancia indicam que o objetivo dos EUA \u00e9 remover completamente a c\u00fapula dos aiatol\u00e1s.<\/li>\n\n\n\n<li>\u200b<strong>Impacto Econ\u00f4mico:<\/strong> O <strong>Estreito de Ormuz<\/strong>, por onde passa 20% do petr\u00f3leo mundial, foi fechado, provocando uma disparada nos pre\u00e7os internacionais do barril e instabilidade nas bolsas globais.<\/li>\n<\/ul>\n\n\n\n<h3 class=\"wp-block-heading\">\u200bResist\u00eancia e incerteza no p\u00f3s-guerra<\/h3>\n\n\n\n<p class=\"wp-block-paragraph\">\u200bApesar das declara\u00e7\u00f5es de sucesso total por parte de Washington, o cen\u00e1rio interno no Ir\u00e3 \u00e9 de caos e resist\u00eancia. O secret\u00e1rio de Seguran\u00e7a do Ir\u00e3, <strong>Ali Larijani<\/strong>, desmentiu a inten\u00e7\u00e3o de negociar, afirmando que a prioridade de Teer\u00e3 agora \u00e9 a defesa da p\u00e1tria e que a diplomacia com os EUA est\u00e1 &#8220;fora da mesa&#8221;.<\/p>\n\n\n\n<p class=\"wp-block-paragraph\">\u200bEspecialistas em rela\u00e7\u00f5es internacionais alertam para o risco de um conflito prolongado. Embora a superioridade tecnol\u00f3gica americana tenha dizimado as capacidades militares convencionais do Ir\u00e3, a aus\u00eancia de uma alternativa pol\u00edtica clara pode levar a anos de instabilidade e insurg\u00eancia, repetindo erros hist\u00f3ricos de interven\u00e7\u00f5es anteriores no Oriente M\u00e9dio.<\/p>\n","protected":false},"excerpt":{"rendered":"<p>\u200bO presidente dos Estados Unidos, Donald Trump, subiu o tom da ret\u00f3rica contra o regime de Teer\u00e3 nesta ter\u00e7a-feira (3 de mar\u00e7o de 2026), declarando [&#8230;]<\/p>\n","protected":false},"author":1,"featured_media":5029,"comment_status":"open","ping_status":"open","sticky":false,"template":"","format":"standard","meta":{"_crdt_document":"","_jetpack_memberships_contains_paid_content":false,"footnotes":"","jetpack_publicize_message":"","jetpack_publicize_feature_enabled":true,"jetpack_social_post_already_shared":true,"jetpack_social_options":{"image_generator_settings":{"template":"highway","default_image_id":0,"font":"","enabled":false},"version":2}},"categories":[15],"tags":[],"class_list":["post-5028","post","type-post","status-publish","format-standard","has-post-thumbnail","hentry","category-internacional"],"jetpack_publicize_connections":[],"jetpack_featured_media_url":"https:\/\/i0.wp.com\/oexpressobr.com.br\/wp-content\/uploads\/2026\/03\/177255543069a70ca6d669d_1772555430_3x2_xl.jpg?fit=1200%2C800&ssl=1","jetpack_likes_enabled":true,"jetpack_sharing_enabled":true,"_links":{"self":[{"href":"https:\/\/oexpressobr.com.br\/index.php?rest_route=\/wp\/v2\/posts\/5028","targetHints":{"allow":["GET"]}}],"collection":[{"href":"https:\/\/oexpressobr.com.br\/index.php?rest_route=\/wp\/v2\/posts"}],"about":[{"href":"https:\/\/oexpressobr.com.br\/index.php?rest_route=\/wp\/v2\/types\/post"}],"author":[{"embeddable":true,"href":"https:\/\/oexpressobr.com.br\/index.php?rest_route=\/wp\/v2\/users\/1"}],"replies":[{"embeddable":true,"href":"https:\/\/oexpressobr.com.br\/index.php?rest_route=%2Fwp%2Fv2%2Fcomments&post=5028"}],"version-history":[{"count":1,"href":"https:\/\/oexpressobr.com.br\/index.php?rest_route=\/wp\/v2\/posts\/5028\/revisions"}],"predecessor-version":[{"id":5030,"href":"https:\/\/oexpressobr.com.br\/index.php?rest_route=\/wp\/v2\/posts\/5028\/revisions\/5030"}],"wp:featuredmedia":[{"embeddable":true,"href":"https:\/\/oexpressobr.com.br\/index.php?rest_route=\/wp\/v2\/media\/5029"}],"wp:attachment":[{"href":"https:\/\/oexpressobr.com.br\/index.php?rest_route=%2Fwp%2Fv2%2Fmedia&parent=5028"}],"wp:term":[{"taxonomy":"category","embeddable":true,"href":"https:\/\/oexpressobr.com.br\/index.php?rest_route=%2Fwp%2Fv2%2Fcategories&post=5028"},{"taxonomy":"post_tag","embeddable":true,"href":"https:\/\/oexpressobr.com.br\/index.php?rest_route=%2Fwp%2Fv2%2Ftags&post=5028"}],"curies":[{"name":"wp","href":"https:\/\/api.w.org\/{rel}","templated":true}]}}