{"id":504,"date":"2025-12-09T17:10:14","date_gmt":"2025-12-09T20:10:14","guid":{"rendered":"https:\/\/oexpressobr.com.br\/?p=504"},"modified":"2025-12-09T17:10:17","modified_gmt":"2025-12-09T20:10:17","slug":"lula-e-marina-silva-avancam-com-decreto-para-fim-de-combustiveis-fosseis-e-criam-fundo-de-transicao-energetica","status":"publish","type":"post","link":"https:\/\/oexpressobr.com.br\/?p=504","title":{"rendered":"Lula e Marina Silva avan\u00e7am com decreto para fim de combust\u00edveis f\u00f3sseis e criam Fundo de Transi\u00e7\u00e3o Energ\u00e9tica"},"content":{"rendered":"\n<p class=\"wp-block-paragraph\">O presidente Luiz In\u00e1cio Lula da Silva deu um <strong>prazo de 60 dias<\/strong> para que quatro minist\u00e9rios \u2013 Meio Ambiente e Mudan\u00e7a do Clima, Minas e Energia, Fazenda, e Desenvolvimento, Ind\u00fastria, Com\u00e9rcio e Servi\u00e7os \u2013 construam o <strong>mapa do caminho<\/strong> para a elimina\u00e7\u00e3o gradual dos combust\u00edveis f\u00f3sseis no Brasil. O despacho, que formaliza o compromisso assumido ap\u00f3s debates internacionais como a COP30, \u00e9 visto como o <strong>primeiro passo concreto<\/strong> do pa\u00eds para alinhar sua pol\u00edtica energ\u00e9tica interna com as metas clim\u00e1ticas globais de descarboniza\u00e7\u00e3o.<\/p>\n\n\n\n<h3 class=\"wp-block-heading\">\u200bO Plano e o Papel de Marina Silva<\/h3>\n\n\n\n<p class=\"wp-block-paragraph\">\u200bA iniciativa estabelece a cria\u00e7\u00e3o do <strong>Fundo para a Transi\u00e7\u00e3o Energ\u00e9tica<\/strong>, que ser\u00e1 <strong>custeadopor parcela das receitas governamentais<\/strong> provenientes da explora\u00e7\u00e3o de <strong>petr\u00f3leo e g\u00e1s natural<\/strong>. Essa medida \u00e9 central no discurso da ministra do Meio Ambiente e Mudan\u00e7a do Clima, <strong>Marina Silva<\/strong>, que defende o uso dos lucros da atividade f\u00f3ssil para financiar as fontes de energias renov\u00e1veis, como a solar e a e\u00f3lica, e a adapta\u00e7\u00e3o social e econ\u00f4mica das regi\u00f5es afetadas pela mudan\u00e7a.<\/p>\n\n\n\n<p class=\"wp-block-paragraph\">\u201cTudo isso [o planejamento] \u00e9 pensar como isso se planeja no m\u00e9dio e longo prazo para n\u00e3o sofrermos acelerando a mudan\u00e7a, sem que isso signifique gerar preju\u00edzos \u2013 potencializar ganhos, sem gerar preju\u00edzos\u201d, resumiu Marina Silva em entrevista sobre o decreto, destacando a necessidade de uma transi\u00e7\u00e3o justa e com coer\u00eancia entre o discurso e a pr\u00e1tica.<\/p>\n\n\n\n<figure class=\"wp-block-image size-large\"><img data-recalc-dims=\"1\" loading=\"lazy\" width=\"900\" height=\"841\" src=\"https:\/\/i0.wp.com\/oexpressobr.com.br\/wp-content\/uploads\/2025\/12\/image_f09240cd-b558-42a3-80a6-f7ca151b4d54-1024x957.jpg?resize=900%2C841&#038;ssl=1\" alt=\"\" class=\"wp-image-505\" srcset=\"https:\/\/i0.wp.com\/oexpressobr.com.br\/wp-content\/uploads\/2025\/12\/image_f09240cd-b558-42a3-80a6-f7ca151b4d54-scaled.jpg?resize=1024%2C957&amp;ssl=1 1024w, https:\/\/i0.wp.com\/oexpressobr.com.br\/wp-content\/uploads\/2025\/12\/image_f09240cd-b558-42a3-80a6-f7ca151b4d54-scaled.jpg?resize=300%2C280&amp;ssl=1 300w, https:\/\/i0.wp.com\/oexpressobr.com.br\/wp-content\/uploads\/2025\/12\/image_f09240cd-b558-42a3-80a6-f7ca151b4d54-scaled.jpg?resize=768%2C718&amp;ssl=1 768w, https:\/\/i0.wp.com\/oexpressobr.com.br\/wp-content\/uploads\/2025\/12\/image_f09240cd-b558-42a3-80a6-f7ca151b4d54-scaled.jpg?resize=1536%2C1436&amp;ssl=1 1536w, https:\/\/i0.wp.com\/oexpressobr.com.br\/wp-content\/uploads\/2025\/12\/image_f09240cd-b558-42a3-80a6-f7ca151b4d54-scaled.jpg?resize=2048%2C1915&amp;ssl=1 2048w, https:\/\/i0.wp.com\/oexpressobr.com.br\/wp-content\/uploads\/2025\/12\/image_f09240cd-b558-42a3-80a6-f7ca151b4d54-scaled.jpg?resize=428%2C400&amp;ssl=1 428w, https:\/\/i0.wp.com\/oexpressobr.com.br\/wp-content\/uploads\/2025\/12\/image_f09240cd-b558-42a3-80a6-f7ca151b4d54-scaled.jpg?w=1800 1800w\" sizes=\"auto, (max-width: 900px) 100vw, 900px\" \/><\/figure>\n\n\n\n<p class=\"wp-block-paragraph\">O decreto direciona a a\u00e7\u00e3o do governo em duas frentes:<\/p>\n\n\n\n<ol class=\"wp-block-list\">\n<li>\u200bDesenvolvimento do <strong>mapa nacional<\/strong> de transi\u00e7\u00e3o energ\u00e9tica justa.<\/li>\n\n\n\n<li>\u200bTrabalho do embaixador Andr\u00e9 Corr\u00eaa do Lago, presidente da COP30, na elabora\u00e7\u00e3o das <strong>diretrizes globais<\/strong> para a transi\u00e7\u00e3o.<\/li>\n<\/ol>\n\n\n\n<h3 class=\"wp-block-heading\">\u200b O Financiamento da Transi\u00e7\u00e3o<\/h3>\n\n\n\n<p class=\"wp-block-paragraph\">\u200bA destina\u00e7\u00e3o de recursos do petr\u00f3leo para o Fundo da Transi\u00e7\u00e3o Energ\u00e9tica \u00e9 o ponto mais inovador e, ao mesmo tempo, controverso, do plano. A Petrobras, uma estatal que o pr\u00f3prio presidente Lula tem incentivado a se transformar em uma &#8220;empresa de produ\u00e7\u00e3o de energia&#8221; em sentido amplo, desempenha um papel crucial, com seus lucros sendo fundamentais para a capitaliza\u00e7\u00e3o do novo fundo.<\/p>\n\n\n\n<p class=\"wp-block-paragraph\">\u200bA l\u00f3gica \u00e9 usar a riqueza gerada pelo recurso que mais emite gases de efeito estufa para <strong>pagar a conta da descarboniza\u00e7\u00e3o<\/strong>, mitigando o risco de acelera\u00e7\u00e3o da mudan\u00e7a sem um planejamento que ampare a sociedade e a economia.<\/p>\n\n\n\n<h3 class=\"wp-block-heading\">\u200b Outras Medidas Recentes na Transi\u00e7\u00e3o<\/h3>\n\n\n\n<p class=\"wp-block-paragraph\">\u200bParalelamente ao decreto focado nos combust\u00edveis f\u00f3sseis, o governo federal tamb\u00e9m publicou outras medidas que visam modernizar a infraestrutura energ\u00e9tica do pa\u00eds, impulsionando as renov\u00e1veis:<\/p>\n\n\n\n<ul class=\"wp-block-list\">\n<li>\u200b<strong>Pol\u00edtica Nacional de Acesso ao Sistema de Transmiss\u00e3o (PNAST):<\/strong> Decreto que institui as <strong>\u201cTemporadas de Acesso\u201d<\/strong>, um novo mecanismo para a entrada de grandes projetos, como usinas solares e e\u00f3licas, na rede el\u00e9trica. Substituindo a antiga fila por ordem de chegada, a PNAST visa dar mais efici\u00eancia e previsibilidade ao setor, respondendo ao crescimento acelerado das fontes renov\u00e1veis.<\/li>\n\n\n\n<li>\u200b<strong>Regulamenta\u00e7\u00e3o do Hidrog\u00eanio de Baixa Emiss\u00e3o:<\/strong> O Minist\u00e9rio de Minas e Energia anunciou um decreto que regulamenta o hidrog\u00eanio de baixa emiss\u00e3o de carbono, estabelecendo crit\u00e9rios e fomentando hubs de produ\u00e7\u00e3o, essenciais para a descarboniza\u00e7\u00e3o da ind\u00fastria.<\/li>\n<\/ul>\n\n\n\n<p class=\"wp-block-paragraph\">\u200bEssas a\u00e7\u00f5es mostram que, apesar do desafio da elimina\u00e7\u00e3o gradual dos combust\u00edveis f\u00f3sseis, o Brasil est\u00e1 engajado em uma <strong>agenda robusta de transi\u00e7\u00e3o energ\u00e9tica<\/strong>, reconhecendo o potencial da matriz brasileira e o papel de lideran\u00e7a que o pa\u00eds busca no cen\u00e1rio clim\u00e1tico global.<\/p>\n\n\n\n<p class=\"wp-block-paragraph\"><\/p>\n","protected":false},"excerpt":{"rendered":"<p>O presidente Luiz In\u00e1cio Lula da Silva deu um prazo de 60 dias para que quatro minist\u00e9rios \u2013 Meio Ambiente e Mudan\u00e7a do Clima, Minas [&#8230;]<\/p>\n","protected":false},"author":1,"featured_media":506,"comment_status":"open","ping_status":"open","sticky":false,"template":"","format":"standard","meta":{"_crdt_document":"","_jetpack_memberships_contains_paid_content":false,"footnotes":"","jetpack_publicize_message":"","jetpack_publicize_feature_enabled":true,"jetpack_social_post_already_shared":false,"jetpack_social_options":{"image_generator_settings":{"template":"highway","default_image_id":0,"font":"","enabled":false},"version":2}},"categories":[32],"tags":[],"class_list":["post-504","post","type-post","status-publish","format-standard","has-post-thumbnail","hentry","category-meio-ambiente"],"jetpack_publicize_connections":[],"jetpack_featured_media_url":"https:\/\/i0.wp.com\/oexpressobr.com.br\/wp-content\/uploads\/2025\/12\/IMG-20251209-WA0227.jpg?fit=750%2C500&ssl=1","jetpack_likes_enabled":true,"jetpack_sharing_enabled":true,"_links":{"self":[{"href":"https:\/\/oexpressobr.com.br\/index.php?rest_route=\/wp\/v2\/posts\/504","targetHints":{"allow":["GET"]}}],"collection":[{"href":"https:\/\/oexpressobr.com.br\/index.php?rest_route=\/wp\/v2\/posts"}],"about":[{"href":"https:\/\/oexpressobr.com.br\/index.php?rest_route=\/wp\/v2\/types\/post"}],"author":[{"embeddable":true,"href":"https:\/\/oexpressobr.com.br\/index.php?rest_route=\/wp\/v2\/users\/1"}],"replies":[{"embeddable":true,"href":"https:\/\/oexpressobr.com.br\/index.php?rest_route=%2Fwp%2Fv2%2Fcomments&post=504"}],"version-history":[{"count":0,"href":"https:\/\/oexpressobr.com.br\/index.php?rest_route=\/wp\/v2\/posts\/504\/revisions"}],"wp:featuredmedia":[{"embeddable":true,"href":"https:\/\/oexpressobr.com.br\/index.php?rest_route=\/wp\/v2\/media\/506"}],"wp:attachment":[{"href":"https:\/\/oexpressobr.com.br\/index.php?rest_route=%2Fwp%2Fv2%2Fmedia&parent=504"}],"wp:term":[{"taxonomy":"category","embeddable":true,"href":"https:\/\/oexpressobr.com.br\/index.php?rest_route=%2Fwp%2Fv2%2Fcategories&post=504"},{"taxonomy":"post_tag","embeddable":true,"href":"https:\/\/oexpressobr.com.br\/index.php?rest_route=%2Fwp%2Fv2%2Ftags&post=504"}],"curies":[{"name":"wp","href":"https:\/\/api.w.org\/{rel}","templated":true}]}}