{"id":5045,"date":"2026-03-04T05:03:34","date_gmt":"2026-03-04T08:03:34","guid":{"rendered":"https:\/\/oexpressobr.com.br\/?p=5045"},"modified":"2026-03-04T05:03:47","modified_gmt":"2026-03-04T08:03:47","slug":"justica-do-rio-localiza-ratinho-e-exige-provas-sobre-acusacao-contra-chico-buarque","status":"publish","type":"post","link":"https:\/\/oexpressobr.com.br\/?p=5045","title":{"rendered":"Justi\u00e7a do Rio localiza Ratinho e exige provas sobre acusa\u00e7\u00e3o contra Chico Buarque"},"content":{"rendered":"\n<p class=\"wp-block-paragraph\">Ap\u00f3s um impasse que se arrastava por quatro meses, a Justi\u00e7a do Rio de Janeiro conseguiu localizar e citar formalmente o apresentador <strong>Carlos Massa<\/strong>, o <strong>Ratinho<\/strong>, na a\u00e7\u00e3o movida pelo cantor e compositor <strong>Chico Buarque<\/strong>. O apresentador agora possui um prazo de <strong>cinco dias \u00fateis<\/strong> para apresentar provas de que o artista recebe recursos da <strong>Lei Rouanet<\/strong> ou realizar uma retrata\u00e7\u00e3o p\u00fablica.<\/p>\n\n\n\n<h3 class=\"wp-block-heading\">\u200bO foco do embate judicial<\/h3>\n\n\n\n<p class=\"wp-block-paragraph\">\u200bA a\u00e7\u00e3o por danos morais, que tramita na 41\u00aa Vara C\u00edvel do Rio, teve origem em declara\u00e7\u00f5es feitas por Ratinho em setembro de 2025 durante seu programa na r\u00e1dio Massa FM. Na ocasi\u00e3o, o apresentador criticou o posicionamento pol\u00edtico de Chico Buarque, afirmando que o artista &#8220;pega dinheiro da Lei Rouanet&#8221; para defender ideologias de esquerda.<\/p>\n\n\n\n<p class=\"wp-block-paragraph\">\u200bA defesa de Chico Buarque nega categoricamente as acusa\u00e7\u00f5es, sustentando que o cantor n\u00e3o utiliza mecanismos de incentivo fiscal para financiar sua carreira e que as falas de Ratinho configuram <strong>desinforma\u00e7\u00e3o<\/strong> com o intuito de ferir sua honra.<\/p>\n\n\n\n<h3 class=\"wp-block-heading\">\u200bDificuldades na cita\u00e7\u00e3o e desdobramentos<\/h3>\n\n\n\n<p class=\"wp-block-paragraph\">\u200bA cita\u00e7\u00e3o do apresentador tornou-se um desafio para o Judici\u00e1rio fluminense. Foram necess\u00e1rias expedi\u00e7\u00f5es de cartas precat\u00f3rias para o <strong>Paran\u00e1<\/strong> e <strong>S\u00e3o Paulo<\/strong>, com tentativas de localiza\u00e7\u00e3o inclusive na sede do <strong>SBT<\/strong>, em Osasco. No in\u00edcio desta semana, surgiram informa\u00e7\u00f5es de que a Justi\u00e7a encontrava dificuldades em encontrar o comunicador, o que gerou rumores sobre uma poss\u00edvel resist\u00eancia.<\/p>\n\n\n\n<ul class=\"wp-block-list\">\n<li>\u200b<strong>Indeniza\u00e7\u00e3o:<\/strong> O pedido inicial da defesa de Chico Buarque \u00e9 de <strong>R$ 50 mil<\/strong> por danos morais.<\/li>\n\n\n\n<li>\u200b<strong>Outros envolvidos:<\/strong> Al\u00e9m de Ratinho, o youtuber Thiago Asmar (conhecido como &#8220;Pilhado&#8221;) e a suplente de vereadora Samantha Cavalca tamb\u00e9m s\u00e3o citados no processo por coment\u00e1rios semelhantes.<\/li>\n\n\n\n<li>\u200b<strong>Consequ\u00eancias:<\/strong> Caso o apresentador n\u00e3o apresente as provas solicitadas ou ignore o prazo de cinco dias, o magistrado poder\u00e1 adotar medidas mais severas, incluindo multas di\u00e1rias ou outras san\u00e7\u00f5es por desobedi\u00eancia.<\/li>\n<\/ul>\n","protected":false},"excerpt":{"rendered":"<p>Ap\u00f3s um impasse que se arrastava por quatro meses, a Justi\u00e7a do Rio de Janeiro conseguiu localizar e citar formalmente o apresentador Carlos Massa, o [&#8230;]<\/p>\n","protected":false},"author":1,"featured_media":5046,"comment_status":"open","ping_status":"open","sticky":false,"template":"","format":"standard","meta":{"_crdt_document":"","_jetpack_memberships_contains_paid_content":false,"footnotes":"","jetpack_publicize_message":"","jetpack_publicize_feature_enabled":true,"jetpack_social_post_already_shared":true,"jetpack_social_options":{"image_generator_settings":{"template":"highway","default_image_id":0,"font":"","enabled":false},"version":2}},"categories":[14],"tags":[],"class_list":["post-5045","post","type-post","status-publish","format-standard","has-post-thumbnail","hentry","category-famosos"],"jetpack_publicize_connections":[],"jetpack_featured_media_url":"https:\/\/i0.wp.com\/oexpressobr.com.br\/wp-content\/uploads\/2026\/03\/20260303160340_17d83c2104eaaf815dd60a39de1419561cca76e24f3805584927fca4aae7f263.webp?fit=610%2C380&ssl=1","jetpack_likes_enabled":true,"jetpack_sharing_enabled":true,"_links":{"self":[{"href":"https:\/\/oexpressobr.com.br\/index.php?rest_route=\/wp\/v2\/posts\/5045","targetHints":{"allow":["GET"]}}],"collection":[{"href":"https:\/\/oexpressobr.com.br\/index.php?rest_route=\/wp\/v2\/posts"}],"about":[{"href":"https:\/\/oexpressobr.com.br\/index.php?rest_route=\/wp\/v2\/types\/post"}],"author":[{"embeddable":true,"href":"https:\/\/oexpressobr.com.br\/index.php?rest_route=\/wp\/v2\/users\/1"}],"replies":[{"embeddable":true,"href":"https:\/\/oexpressobr.com.br\/index.php?rest_route=%2Fwp%2Fv2%2Fcomments&post=5045"}],"version-history":[{"count":1,"href":"https:\/\/oexpressobr.com.br\/index.php?rest_route=\/wp\/v2\/posts\/5045\/revisions"}],"predecessor-version":[{"id":5047,"href":"https:\/\/oexpressobr.com.br\/index.php?rest_route=\/wp\/v2\/posts\/5045\/revisions\/5047"}],"wp:featuredmedia":[{"embeddable":true,"href":"https:\/\/oexpressobr.com.br\/index.php?rest_route=\/wp\/v2\/media\/5046"}],"wp:attachment":[{"href":"https:\/\/oexpressobr.com.br\/index.php?rest_route=%2Fwp%2Fv2%2Fmedia&parent=5045"}],"wp:term":[{"taxonomy":"category","embeddable":true,"href":"https:\/\/oexpressobr.com.br\/index.php?rest_route=%2Fwp%2Fv2%2Fcategories&post=5045"},{"taxonomy":"post_tag","embeddable":true,"href":"https:\/\/oexpressobr.com.br\/index.php?rest_route=%2Fwp%2Fv2%2Ftags&post=5045"}],"curies":[{"name":"wp","href":"https:\/\/api.w.org\/{rel}","templated":true}]}}