{"id":5049,"date":"2026-03-04T15:34:30","date_gmt":"2026-03-04T18:34:30","guid":{"rendered":"https:\/\/oexpressobr.com.br\/?p=5049"},"modified":"2026-03-04T15:34:43","modified_gmt":"2026-03-04T18:34:43","slug":"flavio-dino-suspende-quebra-de-sigilo-de-roberta-luchsinger","status":"publish","type":"post","link":"https:\/\/oexpressobr.com.br\/?p=5049","title":{"rendered":"Fl\u00e1vio Dino suspende quebra de sigilo de Roberta Luchsinger"},"content":{"rendered":"\n<p class=\"wp-block-paragraph\">Em decis\u00e3o proferida nesta quarta-feira, 4 de mar\u00e7o, o ministro <strong>Fl\u00e1vio Dino<\/strong>, do Supremo Tribunal Federal (STF), suspendeu a efic\u00e1cia da quebra dos sigilos banc\u00e1rio e fiscal da empres\u00e1ria <strong>Roberta Moreira Luchsinger<\/strong>. A medida havia sido determinada pela <strong>CPMI do INSS<\/strong>, que investiga supostas irregularidades em contratos e repasses vinculados \u00e0 autarquia.<\/p>\n\n\n\n<h3 class=\"wp-block-heading\">\u200bOs fundamentos da decis\u00e3o<\/h3>\n\n\n\n<p class=\"wp-block-paragraph\">\u200bDino acolheu o argumento da defesa de que a ordem da Comiss\u00e3o Parlamentar Mista de Inqu\u00e9rito carecia de <strong>fundamenta\u00e7\u00e3o concreta<\/strong>. De acordo com o entendimento do ministro, a quebra de sigilo \u2014 uma medida invasiva aos direitos fundamentais \u2014 exige a demonstra\u00e7\u00e3o de um nexo causal direto entre a conduta do investigado e o objeto do inqu\u00e9rito parlamentar.<\/p>\n\n\n\n<ul class=\"wp-block-list\">\n<li>\u200b<strong>Aus\u00eancia de ind\u00edcios:<\/strong> A defesa alega que Roberta n\u00e3o possui v\u00ednculos com a administra\u00e7\u00e3o p\u00fablica ou com os contratos sob suspeita.<\/li>\n\n\n\n<li>\u200b<strong>Controle jurisdicional:<\/strong> O STF refor\u00e7a que comiss\u00f5es parlamentares, embora tenham poderes de investiga\u00e7\u00e3o pr\u00f3prios de autoridades judiciais, devem respeitar o devido processo legal.<\/li>\n<\/ul>\n\n\n\n<h3 class=\"wp-block-heading\">\u200bO impacto pol\u00edtico e o &#8220;fator Lulinha&#8221;<\/h3>\n\n\n\n<p class=\"wp-block-paragraph\">\u200bEmbora o despacho do ministro n\u00e3o cite nominalmente <strong>F\u00e1bio Lu\u00eds Lula da Silva<\/strong>, filho do presidente da Rep\u00fablica, a decis\u00e3o \u00e9 lida nos bastidores de Bras\u00edlia como uma vit\u00f3ria estrat\u00e9gica para seu entorno.<\/p>\n\n\n\n<p class=\"wp-block-paragraph\">\u200bRoberta Luchsinger \u00e9 publicamente pr\u00f3xima a &#8220;Lulinha&#8221;, e a oposi\u00e7\u00e3o na CPMI buscava, atrav\u00e9s de seus dados financeiros, rastrear poss\u00edveis triangula\u00e7\u00f5es de recursos. Com a suspens\u00e3o, abre-se um <strong>precedente jur\u00eddico<\/strong> importante: outras figuras ligadas ao empres\u00e1rio que tamb\u00e9m foram alvo de requerimentos similares podem agora acionar o STF utilizando a mesma tese de falta de fundamenta\u00e7\u00e3o.<\/p>\n\n\n\n<blockquote class=\"wp-block-quote is-layout-flow wp-block-quote-is-layout-flow\">\n<p class=\"wp-block-paragraph\">\u200b<strong>Nota do Editor:<\/strong> A decis\u00e3o \u00e9 liminar. O m\u00e9rito da quest\u00e3o ainda dever\u00e1 ser analisado pelo plen\u00e1rio da Corte ou pela turma correspondente, o que mant\u00e9m o clima de tens\u00e3o entre o Judici\u00e1rio e a ala de oposi\u00e7\u00e3o no Congresso Nacional.<\/p>\n<\/blockquote>\n","protected":false},"excerpt":{"rendered":"<p>Em decis\u00e3o proferida nesta quarta-feira, 4 de mar\u00e7o, o ministro Fl\u00e1vio Dino, do Supremo Tribunal Federal (STF), suspendeu a efic\u00e1cia da quebra dos sigilos banc\u00e1rio [&#8230;]<\/p>\n","protected":false},"author":1,"featured_media":5050,"comment_status":"open","ping_status":"open","sticky":false,"template":"","format":"standard","meta":{"_crdt_document":"","_jetpack_memberships_contains_paid_content":false,"footnotes":"","jetpack_publicize_message":"","jetpack_publicize_feature_enabled":true,"jetpack_social_post_already_shared":true,"jetpack_social_options":{"image_generator_settings":{"template":"highway","default_image_id":0,"font":"","enabled":false},"version":2}},"categories":[8],"tags":[],"class_list":["post-5049","post","type-post","status-publish","format-standard","has-post-thumbnail","hentry","category-judiciario"],"jetpack_publicize_connections":[],"jetpack_featured_media_url":"https:\/\/i0.wp.com\/oexpressobr.com.br\/wp-content\/uploads\/2026\/03\/IMG-20260304-WA0212.jpg?fit=800%2C1000&ssl=1","jetpack_likes_enabled":true,"jetpack_sharing_enabled":true,"_links":{"self":[{"href":"https:\/\/oexpressobr.com.br\/index.php?rest_route=\/wp\/v2\/posts\/5049","targetHints":{"allow":["GET"]}}],"collection":[{"href":"https:\/\/oexpressobr.com.br\/index.php?rest_route=\/wp\/v2\/posts"}],"about":[{"href":"https:\/\/oexpressobr.com.br\/index.php?rest_route=\/wp\/v2\/types\/post"}],"author":[{"embeddable":true,"href":"https:\/\/oexpressobr.com.br\/index.php?rest_route=\/wp\/v2\/users\/1"}],"replies":[{"embeddable":true,"href":"https:\/\/oexpressobr.com.br\/index.php?rest_route=%2Fwp%2Fv2%2Fcomments&post=5049"}],"version-history":[{"count":1,"href":"https:\/\/oexpressobr.com.br\/index.php?rest_route=\/wp\/v2\/posts\/5049\/revisions"}],"predecessor-version":[{"id":5051,"href":"https:\/\/oexpressobr.com.br\/index.php?rest_route=\/wp\/v2\/posts\/5049\/revisions\/5051"}],"wp:featuredmedia":[{"embeddable":true,"href":"https:\/\/oexpressobr.com.br\/index.php?rest_route=\/wp\/v2\/media\/5050"}],"wp:attachment":[{"href":"https:\/\/oexpressobr.com.br\/index.php?rest_route=%2Fwp%2Fv2%2Fmedia&parent=5049"}],"wp:term":[{"taxonomy":"category","embeddable":true,"href":"https:\/\/oexpressobr.com.br\/index.php?rest_route=%2Fwp%2Fv2%2Fcategories&post=5049"},{"taxonomy":"post_tag","embeddable":true,"href":"https:\/\/oexpressobr.com.br\/index.php?rest_route=%2Fwp%2Fv2%2Ftags&post=5049"}],"curies":[{"name":"wp","href":"https:\/\/api.w.org\/{rel}","templated":true}]}}