{"id":5052,"date":"2026-03-04T15:40:59","date_gmt":"2026-03-04T18:40:59","guid":{"rendered":"https:\/\/oexpressobr.com.br\/?p=5052"},"modified":"2026-03-04T15:41:10","modified_gmt":"2026-03-04T18:41:10","slug":"jose-dumont-e-preso-no-rio-apos-condenacao-definitiva-por-estupro-de-vulneravel","status":"publish","type":"post","link":"https:\/\/oexpressobr.com.br\/?p=5052","title":{"rendered":"Jos\u00e9 Dumont \u00e9 preso no Rio ap\u00f3s condena\u00e7\u00e3o definitiva por estupro de vulner\u00e1vel"},"content":{"rendered":"\n<p class=\"wp-block-paragraph\">O ator <strong>Jos\u00e9 Dumont<\/strong>, de 75 anos, foi preso pela Pol\u00edcia Civil do Rio de Janeiro entre a noite de ter\u00e7a-feira (3) e a manh\u00e3 desta quarta-feira (4) de mar\u00e7o de 2026. A deten\u00e7\u00e3o ocorreu em sua resid\u00eancia, no bairro do Flamengo, em cumprimento a um mandado de pris\u00e3o por <strong>condena\u00e7\u00e3o definitiva<\/strong> (transitada em julgado).<\/p>\n\n\n\n<p class=\"wp-block-paragraph\">\u200bDumont foi sentenciado a uma pena de <strong>nove anos e quatro meses de reclus\u00e3o<\/strong> pelo crime de estupro de vulner\u00e1vel contra um menino que, na \u00e9poca do in\u00edcio das investiga\u00e7\u00f5es em 2022, tinha 11 anos de idade.<\/p>\n\n\n\n<h3 class=\"wp-block-heading\">\u200bDetalhes do caso e investiga\u00e7\u00e3o<\/h3>\n\n\n\n<p class=\"wp-block-paragraph\">\u200bAs investiga\u00e7\u00f5es apontaram que o ator utilizava sua influ\u00eancia e oferecia presentes e ajuda financeira para se aproximar da v\u00edtima. O menino \u00e9 filho de uma vendedora ambulante que trabalhava rotineiramente na porta do pr\u00e9dio onde o artista residia.<\/p>\n\n\n\n<ul class=\"wp-block-list\">\n<li>\u200b<strong>Flagrante por c\u00e2meras:<\/strong> Imagens do circuito interno de seguran\u00e7a do condom\u00ednio foram fundamentais para o processo, registrando investidas f\u00edsicas, beijos e car\u00edcias \u00edntimas.<\/li>\n\n\n\n<li>\u200b<strong>Den\u00fancia de vizinhos:<\/strong> Moradores do edif\u00edcio estranharam a frequ\u00eancia com que crian\u00e7as entravam no apartamento do ator e alertaram as autoridades.<\/li>\n\n\n\n<li>\u200b<strong>Hist\u00f3rico:<\/strong> Al\u00e9m deste caso, em 2023, Dumont j\u00e1 havia sido condenado a um ano de pris\u00e3o em regime aberto pelo armazenamento de mais de 240 arquivos de pornografia infantil em seus dispositivos eletr\u00f4nicos.<\/li>\n<\/ul>\n\n\n\n<h3 class=\"wp-block-heading\">\u200bImpacto na carreira<\/h3>\n\n\n\n<p class=\"wp-block-paragraph\">\u200bConhecido por pap\u00e9is ic\u00f4nicos em produ\u00e7\u00f5es como <em>Pantanal<\/em>, <em>Am\u00e9rica<\/em> e <em>Nos Tempos do Imperador<\/em>, Jos\u00e9 Dumont teve sua trajet\u00f3ria profissional bruscamente interrompida ap\u00f3s a eclos\u00e3o do esc\u00e2ndalo.<\/p>\n\n\n\n<blockquote class=\"wp-block-quote is-layout-flow wp-block-quote-is-layout-flow\">\n<p class=\"wp-block-paragraph\">\u200bNa \u00e9poca da primeira pris\u00e3o preventiva, em 2022, o ator foi imediatamente desligado do elenco da novela <em>Todas as Flores<\/em>, do Globoplay, onde foi substitu\u00eddo por Jackson Antunes. Recentemente, em dezembro de 2025, a TV Globo chegou a cortar cerca de 95% de suas cenas na reprise de <em>Terra Nostra<\/em>.<\/p>\n<\/blockquote>\n\n\n\n<h3 class=\"wp-block-heading\">\u200bSitua\u00e7\u00e3o atual<\/h3>\n\n\n\n<p class=\"wp-block-paragraph\">\u200bAp\u00f3s passar pelos procedimentos legais na Divis\u00e3o de Capturas (Polinter), o ator ser\u00e1 encaminhado ao sistema prisional fluminense para o in\u00edcio do cumprimento da pena. At\u00e9 o momento, a defesa do artista n\u00e3o emitiu novos comunicados sobre a pris\u00e3o definitiva.<\/p>\n","protected":false},"excerpt":{"rendered":"<p>O ator Jos\u00e9 Dumont, de 75 anos, foi preso pela Pol\u00edcia Civil do Rio de Janeiro entre a noite de ter\u00e7a-feira (3) e a manh\u00e3 [&#8230;]<\/p>\n","protected":false},"author":1,"featured_media":5053,"comment_status":"open","ping_status":"open","sticky":false,"template":"","format":"standard","meta":{"_crdt_document":"","_jetpack_memberships_contains_paid_content":false,"footnotes":"","jetpack_publicize_message":"","jetpack_publicize_feature_enabled":true,"jetpack_social_post_already_shared":true,"jetpack_social_options":{"image_generator_settings":{"template":"highway","default_image_id":0,"font":"","enabled":false},"version":2}},"categories":[9],"tags":[],"class_list":["post-5052","post","type-post","status-publish","format-standard","has-post-thumbnail","hentry","category-policia"],"jetpack_publicize_connections":[],"jetpack_featured_media_url":"https:\/\/i0.wp.com\/oexpressobr.com.br\/wp-content\/uploads\/2026\/03\/IMG-20260304-WA0215.jpg?fit=615%2C470&ssl=1","jetpack_likes_enabled":true,"jetpack_sharing_enabled":true,"_links":{"self":[{"href":"https:\/\/oexpressobr.com.br\/index.php?rest_route=\/wp\/v2\/posts\/5052","targetHints":{"allow":["GET"]}}],"collection":[{"href":"https:\/\/oexpressobr.com.br\/index.php?rest_route=\/wp\/v2\/posts"}],"about":[{"href":"https:\/\/oexpressobr.com.br\/index.php?rest_route=\/wp\/v2\/types\/post"}],"author":[{"embeddable":true,"href":"https:\/\/oexpressobr.com.br\/index.php?rest_route=\/wp\/v2\/users\/1"}],"replies":[{"embeddable":true,"href":"https:\/\/oexpressobr.com.br\/index.php?rest_route=%2Fwp%2Fv2%2Fcomments&post=5052"}],"version-history":[{"count":1,"href":"https:\/\/oexpressobr.com.br\/index.php?rest_route=\/wp\/v2\/posts\/5052\/revisions"}],"predecessor-version":[{"id":5054,"href":"https:\/\/oexpressobr.com.br\/index.php?rest_route=\/wp\/v2\/posts\/5052\/revisions\/5054"}],"wp:featuredmedia":[{"embeddable":true,"href":"https:\/\/oexpressobr.com.br\/index.php?rest_route=\/wp\/v2\/media\/5053"}],"wp:attachment":[{"href":"https:\/\/oexpressobr.com.br\/index.php?rest_route=%2Fwp%2Fv2%2Fmedia&parent=5052"}],"wp:term":[{"taxonomy":"category","embeddable":true,"href":"https:\/\/oexpressobr.com.br\/index.php?rest_route=%2Fwp%2Fv2%2Fcategories&post=5052"},{"taxonomy":"post_tag","embeddable":true,"href":"https:\/\/oexpressobr.com.br\/index.php?rest_route=%2Fwp%2Fv2%2Ftags&post=5052"}],"curies":[{"name":"wp","href":"https:\/\/api.w.org\/{rel}","templated":true}]}}