{"id":5061,"date":"2026-03-04T17:28:34","date_gmt":"2026-03-04T20:28:34","guid":{"rendered":"https:\/\/oexpressobr.com.br\/?p=5061"},"modified":"2026-03-04T17:28:46","modified_gmt":"2026-03-04T20:28:46","slug":"lula-critica-omissao-da-onu-e-ironiza-plano-de-trump-para-resort-em-gaza","status":"publish","type":"post","link":"https:\/\/oexpressobr.com.br\/?p=5061","title":{"rendered":"Lula critica omiss\u00e3o da ONU e ironiza plano de Trump para &#8220;resort&#8221; em Gaza"},"content":{"rendered":"\n<p class=\"wp-block-paragraph\">Em um discurso contundente durante a 39\u00aa Confer\u00eancia Regional da Organiza\u00e7\u00e3o das Na\u00e7\u00f5es Unidas para a Alimenta\u00e7\u00e3o e a Agricultura (FAO), realizada nesta quarta-feira (4\/3) em Bras\u00edlia, o presidente Luiz In\u00e1cio Lula da Silva elevou o tom contra a governan\u00e7a global. O mandat\u00e1rio brasileiro acusou a ONU de &#8220;ceder ao fatalismo&#8221; diante dos conflitos armados e dirigiu cr\u00edticas \u00e1cidas ao presidente dos Estados Unidos, Donald Trump, a quem acusou de promover um plano de reconstru\u00e7\u00e3o para a Faixa de Gaza que mais parece um projeto imobili\u00e1rio de luxo.<\/p>\n\n\n\n<p class=\"wp-block-paragraph\">\u200b<strong>Omiss\u00e3o internacional e a &#8220;tirania do veto&#8221;<\/strong><\/p>\n\n\n\n<p class=\"wp-block-paragraph\">Lula reiterou sua frustra\u00e7\u00e3o com a paralisia do Conselho de Seguran\u00e7a da ONU. Segundo o presidente, a entidade perdeu a capacidade de mediar solu\u00e7\u00f5es pac\u00edficas porque os pr\u00f3prios membros permanentes \u2014 os pa\u00edses com poder de veto \u2014 s\u00e3o os maiores produtores de armas e est\u00e3o diretamente envolvidos nos conflitos.<\/p>\n\n\n\n<p class=\"wp-block-paragraph\">\u200b\u201cN\u00e3o precisaria haver fome no mundo se houvesse bom senso entre os governantes\u201d, afirmou Lula, destacando que os US$ 2 trilh\u00f5es gastos anualmente em armamentos e tecnologias de destrui\u00e7\u00e3o poderiam erradicar a fome de 630 milh\u00f5es de pessoas. Ele defendeu que o papel original da ONU, de promover a coopera\u00e7\u00e3o, foi substitu\u00eddo por uma agenda que prioriza o fortalecimento militar em detrimento da seguran\u00e7a alimentar.<\/p>\n\n\n\n<p class=\"wp-block-paragraph\">\u200b<strong>Alfinetada em Trump: &#8220;resort sobre cad\u00e1veres&#8221;<\/strong><\/p>\n\n\n\n<p class=\"wp-block-paragraph\">O alvo mais direto do discurso foi o &#8220;Conselho da Paz&#8221; proposto recentemente por Donald Trump para administrar e reconstruir Gaza. Lula ironizou a est\u00e9tica das propostas que circulam em ambientes pol\u00edticos internacionais, que sugerem a participa\u00e7\u00e3o da iniciativa privada para criar infraestruturas modernas na regi\u00e3o.<\/p>\n\n\n\n<p class=\"wp-block-paragraph\">\u200b\u201cA\u00ed aparece como se fosse um resort para passar as f\u00e9rias no lugar onde est\u00e3o os cad\u00e1veres das mulheres e das crian\u00e7as que morreram\u201d, disparou o presidente. Lula questionou se &#8220;compensou destruir Gaza&#8221; para agora as pot\u00eancias aparecerem &#8220;com pompa&#8221; propondo reconstru\u00e7\u00f5es luxuosas sem garantir o direito de retorno e a moradia digna para a popula\u00e7\u00e3o palestina pobre que foi vitimada pelos bombardeios.<\/p>\n\n\n\n<p class=\"wp-block-paragraph\">\u200b<strong>Brasil como mediador alternativo<\/strong><\/p>\n\n\n\n<p class=\"wp-block-paragraph\">Apesar das cr\u00edticas, Lula mencionou que manteve conversas telef\u00f4nicas recentes com Trump. O brasileiro condicionou a participa\u00e7\u00e3o do Brasil em qualquer esfor\u00e7o de paz \u00e0 inclus\u00e3o de representantes palestinos na mesa de negocia\u00e7\u00f5es, afirmando que &#8220;sem palestinos, n\u00e3o \u00e9 comiss\u00e3o de paz&#8221;.<\/p>\n\n\n\n<p class=\"wp-block-paragraph\">\u200bO presidente brasileiro tamb\u00e9m usou o evento para defender o fim das san\u00e7\u00f5es unilaterais, citando Cuba e Haiti como exemplos de pa\u00edses onde decis\u00f5es pol\u00edticas externas agravam a fome. &#8220;A paz \u00e9 a \u00fanica possibilidade de fazer com que a humanidade avance&#8221;, concluiu, refor\u00e7ando a tese de que o Brasil n\u00e3o se preparar\u00e1 para a guerra, mas para a diplomacia e a produ\u00e7\u00e3o de alimentos.<\/p>\n","protected":false},"excerpt":{"rendered":"<p>Em um discurso contundente durante a 39\u00aa Confer\u00eancia Regional da Organiza\u00e7\u00e3o das Na\u00e7\u00f5es Unidas para a Alimenta\u00e7\u00e3o e a Agricultura (FAO), realizada nesta quarta-feira (4\/3) [&#8230;]<\/p>\n","protected":false},"author":1,"featured_media":5062,"comment_status":"open","ping_status":"open","sticky":false,"template":"","format":"standard","meta":{"_crdt_document":"","_jetpack_memberships_contains_paid_content":false,"footnotes":"","jetpack_publicize_message":"","jetpack_publicize_feature_enabled":true,"jetpack_social_post_already_shared":true,"jetpack_social_options":{"image_generator_settings":{"template":"highway","default_image_id":0,"font":"","enabled":false},"version":2}},"categories":[7],"tags":[],"class_list":["post-5061","post","type-post","status-publish","format-standard","has-post-thumbnail","hentry","category-politica"],"jetpack_publicize_connections":[],"jetpack_featured_media_url":"https:\/\/i0.wp.com\/oexpressobr.com.br\/wp-content\/uploads\/2026\/03\/IMG-20260304-WA0242.jpg?fit=1200%2C800&ssl=1","jetpack_likes_enabled":true,"jetpack_sharing_enabled":true,"_links":{"self":[{"href":"https:\/\/oexpressobr.com.br\/index.php?rest_route=\/wp\/v2\/posts\/5061","targetHints":{"allow":["GET"]}}],"collection":[{"href":"https:\/\/oexpressobr.com.br\/index.php?rest_route=\/wp\/v2\/posts"}],"about":[{"href":"https:\/\/oexpressobr.com.br\/index.php?rest_route=\/wp\/v2\/types\/post"}],"author":[{"embeddable":true,"href":"https:\/\/oexpressobr.com.br\/index.php?rest_route=\/wp\/v2\/users\/1"}],"replies":[{"embeddable":true,"href":"https:\/\/oexpressobr.com.br\/index.php?rest_route=%2Fwp%2Fv2%2Fcomments&post=5061"}],"version-history":[{"count":1,"href":"https:\/\/oexpressobr.com.br\/index.php?rest_route=\/wp\/v2\/posts\/5061\/revisions"}],"predecessor-version":[{"id":5063,"href":"https:\/\/oexpressobr.com.br\/index.php?rest_route=\/wp\/v2\/posts\/5061\/revisions\/5063"}],"wp:featuredmedia":[{"embeddable":true,"href":"https:\/\/oexpressobr.com.br\/index.php?rest_route=\/wp\/v2\/media\/5062"}],"wp:attachment":[{"href":"https:\/\/oexpressobr.com.br\/index.php?rest_route=%2Fwp%2Fv2%2Fmedia&parent=5061"}],"wp:term":[{"taxonomy":"category","embeddable":true,"href":"https:\/\/oexpressobr.com.br\/index.php?rest_route=%2Fwp%2Fv2%2Fcategories&post=5061"},{"taxonomy":"post_tag","embeddable":true,"href":"https:\/\/oexpressobr.com.br\/index.php?rest_route=%2Fwp%2Fv2%2Ftags&post=5061"}],"curies":[{"name":"wp","href":"https:\/\/api.w.org\/{rel}","templated":true}]}}