{"id":5066,"date":"2026-03-04T17:37:01","date_gmt":"2026-03-04T20:37:01","guid":{"rendered":"https:\/\/oexpressobr.com.br\/?p=5066"},"modified":"2026-03-04T17:42:31","modified_gmt":"2026-03-04T20:42:31","slug":"mendonca-autoriza-transferencia-de-vorcaro-e-investigados-para-presidios-estaduais-apos-revelacoes-de-espionagem-contra-interpol-e-pf","status":"publish","type":"post","link":"https:\/\/oexpressobr.com.br\/?p=5066","title":{"rendered":"Mendon\u00e7a autoriza transfer\u00eancia de Vorcaro e investigados para pres\u00eddios estaduais ap\u00f3s revela\u00e7\u00f5es de espionagem contra Interpol e PF"},"content":{"rendered":"\n<p class=\"wp-block-paragraph\">O ministro do Supremo Tribunal Federal (STF), <strong>Andr\u00e9 Mendon\u00e7a<\/strong>, autorizou nesta quarta-feira (4 de mar\u00e7o de 2026) que a Pol\u00edcia Federal realize a transfer\u00eancia do banqueiro <strong>Daniel Vorcaro<\/strong>, dono do Banco Master, e de outros detidos na terceira fase da <strong>Opera\u00e7\u00e3o Compliance Zero<\/strong> para o sistema penitenci\u00e1rio estadual. A decis\u00e3o atende a um pedido da pr\u00f3pria corpora\u00e7\u00e3o, que alegou n\u00e3o possuir estrutura f\u00edsica adequada para manter cust\u00f3dias de longa dura\u00e7\u00e3o em suas superintend\u00eancias.<\/p>\n\n\n\n<p class=\"wp-block-paragraph\">\u200bA medida ocorre em um momento de escalada nas investiga\u00e7\u00f5es, que agora apontam para uma estrutura de espionagem e coa\u00e7\u00e3o sem precedentes no setor financeiro.<\/p>\n\n\n\n<h3 class=\"wp-block-heading\">\u200bInvas\u00e3o a sistemas internacionais e o &#8220;Sic\u00e1rio&#8221;<\/h3>\n\n\n\n<p class=\"wp-block-paragraph\">\u200bDe acordo com os autos do processo, o grupo liderado por Vorcaro \u00e9 suspeito de ter acessado indevidamente sistemas sigilosos da <strong>Pol\u00edcia Federal<\/strong>, do <strong>Minist\u00e9rio P\u00fablico Federal (MPF)<\/strong> e de \u00f3rg\u00e3os de coopera\u00e7\u00e3o internacional, como a <strong>Interpol<\/strong> e o <strong>FBI<\/strong>.<\/p>\n\n\n\n<p class=\"wp-block-paragraph\">\u200bAs investiga\u00e7\u00f5es indicam que as invas\u00f5es eram coordenadas por <strong>Luiz Phillipi Mour\u00e3o<\/strong>, um auxiliar de confian\u00e7a de Vorcaro conhecido internamente pelo codinome <strong>&#8220;Sic\u00e1rio&#8221;<\/strong>. O objetivo seria monitorar o andamento de dilig\u00eancias contra o grupo e identificar antecipadamente alvos de futuras opera\u00e7\u00f5es.<\/p>\n\n\n\n<h3 class=\"wp-block-heading\">\u200b&#8221;A Turma&#8221; e os planos de viol\u00eancia<\/h3>\n\n\n\n<p class=\"wp-block-paragraph\">\u200bA decis\u00e3o de Mendon\u00e7a tamb\u00e9m detalha a exist\u00eancia de uma mil\u00edcia privada apelidada de <strong>&#8220;A Turma&#8221;<\/strong>. Mensagens interceptadas pela PF no celular de Vorcaro revelaram planos de agress\u00e3o f\u00edsica contra jornalistas e desafetos.<\/p>\n\n\n\n<ul class=\"wp-block-list\">\n<li>\u200b<strong>Amea\u00e7as:<\/strong> Em uma das mensagens, o banqueiro menciona o desejo de simular um &#8220;assalto&#8221; contra o jornalista Lauro Jardim para &#8220;quebrar todos os seus dentes&#8221;.<\/li>\n\n\n\n<li>\u200b<strong>Monitoramento:<\/strong> A estrutura era usada para intimidar cr\u00edticos do conglomerado financeiro e ex-funcion\u00e1rios.<\/li>\n<\/ul>\n\n\n\n<h3 class=\"wp-block-heading\">\u200bO Caso Master e o rombo de R$ 22 bilh\u00f5es<\/h3>\n\n\n\n<p class=\"wp-block-paragraph\">\u200bA Opera\u00e7\u00e3o Compliance Zero investiga um esquema de corrup\u00e7\u00e3o institucional voltado \u00e0 coopta\u00e7\u00e3o de servidores do <strong>Banco Central<\/strong>, lavagem de dinheiro e a emiss\u00e3o de t\u00edtulos de cr\u00e9dito falsos.<\/p>\n\n\n\n<blockquote class=\"wp-block-quote is-layout-flow wp-block-quote-is-layout-flow\">\n<p class=\"wp-block-paragraph\">\u200b&#8221;Foram determinadas ordens de sequestro e bloqueio de bens que podem chegar ao montante de <strong>R$ 22 bilh\u00f5es<\/strong>&#8220;, destaca a decis\u00e3o judicial.<\/p>\n<\/blockquote>\n\n\n\n<p class=\"wp-block-paragraph\">\u200bAl\u00e9m de Vorcaro, o pastor e empres\u00e1rio <strong>Fabiano Zettel<\/strong>, cunhado do banqueiro e apontado como um dos principais operadores financeiros do esquema, tamb\u00e9m foi alvo de mandado de pris\u00e3o e se entregou \u00e0s autoridades.<\/p>\n\n\n\n<h3 class=\"wp-block-heading\">\u200bPr\u00f3ximos passos e a defesa<\/h3>\n\n\n\n<p class=\"wp-block-paragraph\">\u200bA <strong>Segunda Turma do STF<\/strong> deve analisar a manuten\u00e7\u00e3o das pris\u00f5es preventivas em plen\u00e1rio virtual nos pr\u00f3ximos dias. Em nota, a defesa de Daniel Vorcaro nega categoricamente todas as acusa\u00e7\u00f5es, afirmando que o empres\u00e1rio sempre colaborou com as autoridades e que a regularidade de sua conduta ser\u00e1 demonstrada ao longo do processo.<\/p>\n","protected":false},"excerpt":{"rendered":"<p>O ministro do Supremo Tribunal Federal (STF), Andr\u00e9 Mendon\u00e7a, autorizou nesta quarta-feira (4 de mar\u00e7o de 2026) que a Pol\u00edcia Federal realize a transfer\u00eancia do [&#8230;]<\/p>\n","protected":false},"author":1,"featured_media":5067,"comment_status":"open","ping_status":"open","sticky":false,"template":"","format":"standard","meta":{"_crdt_document":"","_jetpack_memberships_contains_paid_content":false,"footnotes":"","jetpack_publicize_message":"","jetpack_publicize_feature_enabled":true,"jetpack_social_post_already_shared":true,"jetpack_social_options":{"image_generator_settings":{"template":"highway","default_image_id":0,"font":"","enabled":false},"version":2}},"categories":[9],"tags":[],"class_list":["post-5066","post","type-post","status-publish","format-standard","has-post-thumbnail","hentry","category-policia"],"jetpack_publicize_connections":[],"jetpack_featured_media_url":"https:\/\/i0.wp.com\/oexpressobr.com.br\/wp-content\/uploads\/2026\/03\/177263910269a8537e262b6_1772639102_3x2_xl.jpg?fit=1200%2C800&ssl=1","jetpack_likes_enabled":true,"jetpack_sharing_enabled":true,"_links":{"self":[{"href":"https:\/\/oexpressobr.com.br\/index.php?rest_route=\/wp\/v2\/posts\/5066","targetHints":{"allow":["GET"]}}],"collection":[{"href":"https:\/\/oexpressobr.com.br\/index.php?rest_route=\/wp\/v2\/posts"}],"about":[{"href":"https:\/\/oexpressobr.com.br\/index.php?rest_route=\/wp\/v2\/types\/post"}],"author":[{"embeddable":true,"href":"https:\/\/oexpressobr.com.br\/index.php?rest_route=\/wp\/v2\/users\/1"}],"replies":[{"embeddable":true,"href":"https:\/\/oexpressobr.com.br\/index.php?rest_route=%2Fwp%2Fv2%2Fcomments&post=5066"}],"version-history":[{"count":1,"href":"https:\/\/oexpressobr.com.br\/index.php?rest_route=\/wp\/v2\/posts\/5066\/revisions"}],"predecessor-version":[{"id":5068,"href":"https:\/\/oexpressobr.com.br\/index.php?rest_route=\/wp\/v2\/posts\/5066\/revisions\/5068"}],"wp:featuredmedia":[{"embeddable":true,"href":"https:\/\/oexpressobr.com.br\/index.php?rest_route=\/wp\/v2\/media\/5067"}],"wp:attachment":[{"href":"https:\/\/oexpressobr.com.br\/index.php?rest_route=%2Fwp%2Fv2%2Fmedia&parent=5066"}],"wp:term":[{"taxonomy":"category","embeddable":true,"href":"https:\/\/oexpressobr.com.br\/index.php?rest_route=%2Fwp%2Fv2%2Fcategories&post=5066"},{"taxonomy":"post_tag","embeddable":true,"href":"https:\/\/oexpressobr.com.br\/index.php?rest_route=%2Fwp%2Fv2%2Ftags&post=5066"}],"curies":[{"name":"wp","href":"https:\/\/api.w.org\/{rel}","templated":true}]}}