{"id":5077,"date":"2026-03-05T05:13:36","date_gmt":"2026-03-05T08:13:36","guid":{"rendered":"https:\/\/oexpressobr.com.br\/?p=5077"},"modified":"2026-03-05T05:13:48","modified_gmt":"2026-03-05T08:13:48","slug":"ratinho-jr-e-psd-definem-rumos-para-disputa-presidencial-de-2026-ate-o-fim-de-marco","status":"publish","type":"post","link":"https:\/\/oexpressobr.com.br\/?p=5077","title":{"rendered":"Ratinho Jr. e PSD definem rumos para disputa presidencial de 2026 at\u00e9 o fim de mar\u00e7o"},"content":{"rendered":"\n<p class=\"wp-block-paragraph\">O cen\u00e1rio pol\u00edtico nacional ganhou novos contornos nesta semana com a sinaliza\u00e7\u00e3o do governador do Paran\u00e1, Ratinho Jr. (PSD), sobre o seu futuro eleitoral. Em declara\u00e7\u00f5es recentes durante um evento da Associa\u00e7\u00e3o Brasileira de Bancos (ABBC) em S\u00e3o Paulo, o gestor paranaense estipulou o fim de mar\u00e7o como o prazo limite para que o seu partido, o PSD, defina quem ser\u00e1 o nome da legenda para a sucess\u00e3o do presidente Luiz In\u00e1cio Lula da Silva em 2026.<\/p>\n\n\n\n<p class=\"wp-block-paragraph\">\u200bRatinho Jr. reafirmou que h\u00e1 um consenso interno na sigla, liderada por Gilberto Kassab, de que o PSD ter\u00e1 uma candidatura pr\u00f3pria para o Pal\u00e1cio do Planalto. O governador paranaense disputa a indica\u00e7\u00e3o com outros dois nomes de peso do partido: os governadores Ronaldo Caiado, de Goi\u00e1s, e Eduardo Leite, do Rio Grande do Sul. Segundo ele, o objetivo \u00e9 oferecer uma alternativa de perfil t\u00e9cnico e moderado para romper com a polariza\u00e7\u00e3o que domina o pa\u00eds.<\/p>\n\n\n\n<p class=\"wp-block-paragraph\">\u200b<strong>Presid\u00eancia ou setor privado: sem plano B para o Senado<\/strong><\/p>\n\n\n\n<p class=\"wp-block-paragraph\">\u200bUma das revela\u00e7\u00f5es mais contundentes do governador foi a decis\u00e3o de n\u00e3o concorrer a uma vaga no Senado Federal caso n\u00e3o seja o escolhido para a disputa presidencial. Diferente de outros governadores que utilizam o Senado como um caminho natural ap\u00f3s deixarem seus cargos, Ratinho Jr. afirmou que, se n\u00e3o for candidato a presidente, prefere atuar na coordena\u00e7\u00e3o da campanha de um aliado nas regi\u00f5es Sul e Sudeste ou retornar \u00e0 iniciativa privada.<\/p>\n\n\n\n<p class=\"wp-block-paragraph\">\u200b&#8221;No meu caso, v\u00e3o sair 16 secret\u00e1rios candidatos. Tenho que passar para o meu vice, ele tem que montar o governo dele&#8221;, explicou, referindo-se \u00e0 necessidade de desincompatibiliza\u00e7\u00e3o at\u00e9 4 de abril, conforme exige a legisla\u00e7\u00e3o eleitoral para quem pretende disputar cargos majorit\u00e1rios.<\/p>\n\n\n\n<p class=\"wp-block-paragraph\">\u200b<strong>Articula\u00e7\u00f5es e desempenho nas pesquisas<\/strong><\/p>\n\n\n\n<p class=\"wp-block-paragraph\">\u200bAs \u00faltimas movimenta\u00e7\u00f5es indicam que Ratinho Jr. tem buscado consolidar seu nome como o principal representante da chamada &#8220;terceira via&#8221;. Dados recentes da Paran\u00e1 Pesquisas mostram o governador com crescimento consistente e baixa rejei\u00e7\u00e3o em compara\u00e7\u00e3o aos polos tradicionais da pol\u00edtica brasileira.<\/p>\n\n\n\n<p class=\"wp-block-paragraph\">\u200bAl\u00e9m disso, o cen\u00e1rio no Paran\u00e1 tamb\u00e9m influencia o tabuleiro nacional. O governador tem mantido di\u00e1logos com o senador Fl\u00e1vio Bolsonaro (PL) para discutir alian\u00e7as regionais, visando garantir um palanque forte no estado para o campo conservador, ao mesmo tempo em que tenta viabilizar seu projeto nacional de &#8220;pa\u00eds pot\u00eancia&#8221;.<\/p>\n\n\n\n<p class=\"wp-block-paragraph\">\u200bA decis\u00e3o final do PSD, prevista para ocorrer em conven\u00e7\u00f5es e reuni\u00f5es de c\u00fapula nas pr\u00f3ximas semanas, ser\u00e1 determinante para a configura\u00e7\u00e3o das alian\u00e7as de centro-direita no Brasil. Se Ratinho Jr. for o escolhido, ele apresentar\u00e1 ao eleitorado o modelo de gest\u00e3o implementado no Paran\u00e1, focado em atra\u00e7\u00e3o de investimentos e infraestrutura, como vitrine para sua campanha ao Planalto.<\/p>\n","protected":false},"excerpt":{"rendered":"<p>O cen\u00e1rio pol\u00edtico nacional ganhou novos contornos nesta semana com a sinaliza\u00e7\u00e3o do governador do Paran\u00e1, Ratinho Jr. (PSD), sobre o seu futuro eleitoral. Em [&#8230;]<\/p>\n","protected":false},"author":1,"featured_media":5078,"comment_status":"open","ping_status":"open","sticky":false,"template":"","format":"standard","meta":{"_crdt_document":"","_jetpack_memberships_contains_paid_content":false,"footnotes":"","jetpack_publicize_message":"","jetpack_publicize_feature_enabled":true,"jetpack_social_post_already_shared":true,"jetpack_social_options":{"image_generator_settings":{"template":"highway","default_image_id":0,"font":"","enabled":false},"version":2}},"categories":[7],"tags":[],"class_list":["post-5077","post","type-post","status-publish","format-standard","has-post-thumbnail","hentry","category-politica"],"jetpack_publicize_connections":[],"jetpack_featured_media_url":"https:\/\/i0.wp.com\/oexpressobr.com.br\/wp-content\/uploads\/2026\/03\/IMG-20260305-WA0053.jpg?fit=750%2C500&ssl=1","jetpack_likes_enabled":true,"jetpack_sharing_enabled":true,"_links":{"self":[{"href":"https:\/\/oexpressobr.com.br\/index.php?rest_route=\/wp\/v2\/posts\/5077","targetHints":{"allow":["GET"]}}],"collection":[{"href":"https:\/\/oexpressobr.com.br\/index.php?rest_route=\/wp\/v2\/posts"}],"about":[{"href":"https:\/\/oexpressobr.com.br\/index.php?rest_route=\/wp\/v2\/types\/post"}],"author":[{"embeddable":true,"href":"https:\/\/oexpressobr.com.br\/index.php?rest_route=\/wp\/v2\/users\/1"}],"replies":[{"embeddable":true,"href":"https:\/\/oexpressobr.com.br\/index.php?rest_route=%2Fwp%2Fv2%2Fcomments&post=5077"}],"version-history":[{"count":1,"href":"https:\/\/oexpressobr.com.br\/index.php?rest_route=\/wp\/v2\/posts\/5077\/revisions"}],"predecessor-version":[{"id":5079,"href":"https:\/\/oexpressobr.com.br\/index.php?rest_route=\/wp\/v2\/posts\/5077\/revisions\/5079"}],"wp:featuredmedia":[{"embeddable":true,"href":"https:\/\/oexpressobr.com.br\/index.php?rest_route=\/wp\/v2\/media\/5078"}],"wp:attachment":[{"href":"https:\/\/oexpressobr.com.br\/index.php?rest_route=%2Fwp%2Fv2%2Fmedia&parent=5077"}],"wp:term":[{"taxonomy":"category","embeddable":true,"href":"https:\/\/oexpressobr.com.br\/index.php?rest_route=%2Fwp%2Fv2%2Fcategories&post=5077"},{"taxonomy":"post_tag","embeddable":true,"href":"https:\/\/oexpressobr.com.br\/index.php?rest_route=%2Fwp%2Fv2%2Ftags&post=5077"}],"curies":[{"name":"wp","href":"https:\/\/api.w.org\/{rel}","templated":true}]}}