{"id":508,"date":"2025-12-09T17:14:29","date_gmt":"2025-12-09T20:14:29","guid":{"rendered":"https:\/\/oexpressobr.com.br\/?p=508"},"modified":"2025-12-09T17:14:29","modified_gmt":"2025-12-09T20:14:29","slug":"agro-brasileiro-e-eua-risco-de-perdas-milionarias-em-2026","status":"publish","type":"post","link":"https:\/\/oexpressobr.com.br\/?p=508","title":{"rendered":"Agro Brasileiro e EUA: Risco de Perdas Milion\u00e1rias em 2026"},"content":{"rendered":"\n<p class=\"wp-block-paragraph\">\u200bO agroneg\u00f3cio brasileiro enfrenta uma perspectiva de <strong>perda de R$ 14,8 bilh\u00f5es em 2026<\/strong> se as tarifas impostas pelos Estados Unidos se mantiverem ou se intensificarem. A Confedera\u00e7\u00e3o da Agricultura e Pecu\u00e1ria do Brasil (CNA) aponta para um cen\u00e1rio preocupante, com uma queda acentuada nas exporta\u00e7\u00f5es para o mercado americano nos \u00faltimos meses.<\/p>\n\n\n\n<h3 class=\"wp-block-heading\">\u200bQueda nas Exporta\u00e7\u00f5es e Dados da CNA<\/h3>\n\n\n\n<p class=\"wp-block-paragraph\">\u200bEntre agosto e novembro deste ano, as exporta\u00e7\u00f5es do agro brasileiro para os Estados Unidos registraram uma <strong>queda de 38%<\/strong> em compara\u00e7\u00e3o com o mesmo per\u00edodo de 2024, segundo dados da CNA. Este decl\u00ednio \u00e9 um reflexo direto da imposi\u00e7\u00e3o e da amea\u00e7a de novas tarifas por parte do governo americano, afetando significativamente a balan\u00e7a comercial do setor.<\/p>\n\n\n\n<blockquote class=\"wp-block-quote is-layout-flow wp-block-quote-is-layout-flow\">\n<p class=\"wp-block-paragraph\">\u200bA perda estimada de R$ 14,8 bilh\u00f5es em 2026 representa um impacto severo na economia do agroneg\u00f3cio, um dos pilares da economia nacional.<\/p>\n<\/blockquote>\n\n\n\n<h3 class=\"wp-block-heading\">\u200b\u00daltimas Novidades e Contexto de Tens\u00e3o<\/h3>\n\n\n\n<p class=\"wp-block-paragraph\">\u200bA rela\u00e7\u00e3o comercial entre Brasil e EUA tem sido marcada por tens\u00f5es crescentes, especialmente ap\u00f3s a ado\u00e7\u00e3o de medidas protecionistas pelos americanos.<\/p>\n\n\n\n<ul class=\"wp-block-list\">\n<li>\u200b<strong>Impacto Setorial:<\/strong> Os produtos mais afetados incluem carnes (bovina e de aves), suco de laranja e etanol, onde o Brasil det\u00e9m forte competitividade global.<\/li>\n\n\n\n<li>\u200b<strong>Negocia\u00e7\u00f5es em Curso:<\/strong> Fontes do Minist\u00e9rio da Agricultura e Pecu\u00e1ria (Mapa) indicam que est\u00e3o em andamento <strong>negocia\u00e7\u00f5es de alto n\u00edvel<\/strong> para tentar reverter o quadro tarif\u00e1rio. O foco \u00e9 buscar um acordo que garanta o acesso justo aos produtos brasileiros, argumentando contra a aplica\u00e7\u00e3o de barreiras que, segundo o Brasil, s\u00e3o injustificadas ou desproporcionais.<\/li>\n\n\n\n<li>\u200b<strong>Foco na OMC:<\/strong> H\u00e1 uma discuss\u00e3o interna no governo brasileiro sobre a possibilidade de levar a disputa para a <strong>Organiza\u00e7\u00e3o Mundial do Com\u00e9rcio (OMC)<\/strong>, caso as negocia\u00e7\u00f5es bilaterais n\u00e3o avancem. A estrat\u00e9gia seria contestar a legalidade de algumas tarifas sob as regras do com\u00e9rcio internacional.<\/li>\n<\/ul>\n\n\n\n<h3 class=\"wp-block-heading\">\u200bCen\u00e1rio Futuro e Posicionamento do Setor<\/h3>\n\n\n\n<p class=\"wp-block-paragraph\">\u200bO cen\u00e1rio de R$ 14,8 bilh\u00f5es em risco coloca uma press\u00e3o consider\u00e1vel sobre produtores e exportadores brasileiros. A CNA tem se posicionado ativamente, solicitando uma interven\u00e7\u00e3o mais enf\u00e1tica do governo federal para proteger o mercado.<\/p>\n\n\n\n<p class=\"wp-block-paragraph\">\u200bA incerteza sobre a pol\u00edtica comercial americana, especialmente em um ano pr\u00e9-eleitoral, adiciona complexidade. Analistas de mercado sugerem que o Brasil deve <strong>diversificar ainda mais seus parceiros comerciais<\/strong>, acelerando acordos com mercados asi\u00e1ticos e europeus, para mitigar a depend\u00eancia do mercado norte-americano.<\/p>\n","protected":false},"excerpt":{"rendered":"<p>\u200bO agroneg\u00f3cio brasileiro enfrenta uma perspectiva de perda de R$ 14,8 bilh\u00f5es em 2026 se as tarifas impostas pelos Estados Unidos se mantiverem ou se [&#8230;]<\/p>\n","protected":false},"author":1,"featured_media":509,"comment_status":"open","ping_status":"open","sticky":false,"template":"","format":"standard","meta":{"_crdt_document":"","_jetpack_memberships_contains_paid_content":false,"footnotes":"","jetpack_publicize_message":"","jetpack_publicize_feature_enabled":true,"jetpack_social_post_already_shared":false,"jetpack_social_options":{"image_generator_settings":{"template":"highway","default_image_id":0,"font":"","enabled":false},"version":2}},"categories":[10],"tags":[],"class_list":["post-508","post","type-post","status-publish","format-standard","has-post-thumbnail","hentry","category-economia"],"jetpack_publicize_connections":[],"jetpack_featured_media_url":"https:\/\/i0.wp.com\/oexpressobr.com.br\/wp-content\/uploads\/2025\/12\/IMG-20251209-WA0225.jpg?fit=750%2C500&ssl=1","jetpack_likes_enabled":true,"jetpack_sharing_enabled":true,"_links":{"self":[{"href":"https:\/\/oexpressobr.com.br\/index.php?rest_route=\/wp\/v2\/posts\/508","targetHints":{"allow":["GET"]}}],"collection":[{"href":"https:\/\/oexpressobr.com.br\/index.php?rest_route=\/wp\/v2\/posts"}],"about":[{"href":"https:\/\/oexpressobr.com.br\/index.php?rest_route=\/wp\/v2\/types\/post"}],"author":[{"embeddable":true,"href":"https:\/\/oexpressobr.com.br\/index.php?rest_route=\/wp\/v2\/users\/1"}],"replies":[{"embeddable":true,"href":"https:\/\/oexpressobr.com.br\/index.php?rest_route=%2Fwp%2Fv2%2Fcomments&post=508"}],"version-history":[{"count":0,"href":"https:\/\/oexpressobr.com.br\/index.php?rest_route=\/wp\/v2\/posts\/508\/revisions"}],"wp:featuredmedia":[{"embeddable":true,"href":"https:\/\/oexpressobr.com.br\/index.php?rest_route=\/wp\/v2\/media\/509"}],"wp:attachment":[{"href":"https:\/\/oexpressobr.com.br\/index.php?rest_route=%2Fwp%2Fv2%2Fmedia&parent=508"}],"wp:term":[{"taxonomy":"category","embeddable":true,"href":"https:\/\/oexpressobr.com.br\/index.php?rest_route=%2Fwp%2Fv2%2Fcategories&post=508"},{"taxonomy":"post_tag","embeddable":true,"href":"https:\/\/oexpressobr.com.br\/index.php?rest_route=%2Fwp%2Fv2%2Ftags&post=508"}],"curies":[{"name":"wp","href":"https:\/\/api.w.org\/{rel}","templated":true}]}}