{"id":5081,"date":"2026-03-05T05:22:25","date_gmt":"2026-03-05T08:22:25","guid":{"rendered":"https:\/\/oexpressobr.com.br\/?p=5081"},"modified":"2026-03-05T05:22:39","modified_gmt":"2026-03-05T08:22:39","slug":"lula-cobra-potencias-globais-critica-gastos-militares-e-afirma-que-a-onu-esta-desacreditada","status":"publish","type":"post","link":"https:\/\/oexpressobr.com.br\/?p=5081","title":{"rendered":"Lula cobra pot\u00eancias globais, critica gastos militares e afirma que a ONU est\u00e1 desacreditada"},"content":{"rendered":"\n<p class=\"wp-block-paragraph\">O presidente Luiz In\u00e1cio Lula da Silva subiu o tom nesta quarta-feira (4 de mar\u00e7o de 2026) ao discursar na abertura da 39\u00aa Confer\u00eancia Regional da Organiza\u00e7\u00e3o das Na\u00e7\u00f5es Unidas para a Alimenta\u00e7\u00e3o e a Agricultura (FAO). Em um pronunciamento incisivo no Pal\u00e1cio do Itamaraty, em Bras\u00edlia, o mandat\u00e1rio brasileiro condenou a atual <strong>corrida armamentista global<\/strong> e questionou a efic\u00e1cia das Na\u00e7\u00f5es Unidas na media\u00e7\u00e3o de conflitos internacionais.<\/p>\n\n\n\n<p class=\"wp-block-paragraph\">\u200bLula direcionou cr\u00edticas espec\u00edficas aos cinco membros permanentes do Conselho de Seguran\u00e7a da ONU (Estados Unidos, China, R\u00fassia, Fran\u00e7a e Reino Unido), afirmando que a organiza\u00e7\u00e3o &#8220;est\u00e1 cedendo ao fatalismo dos senhores da guerra&#8221;.<\/p>\n\n\n\n<h3 class=\"wp-block-heading\">\u200bPrioridade: combater a fome em vez de financiar bombas<\/h3>\n\n\n\n<p class=\"wp-block-paragraph\">\u200bO ponto central do discurso foi a disparidade entre o investimento em defesa e a erradica\u00e7\u00e3o da pobreza. Lula citou que o mundo gasta trilh\u00f5es de d\u00f3lares em armamentos, drones e ca\u00e7as caros, enquanto a inseguran\u00e7a alimentar persiste.<\/p>\n\n\n\n<ul class=\"wp-block-list\">\n<li>\u200b<strong>Impacto Econ\u00f4mico:<\/strong> O presidente mencionou que os cerca de <strong>US$ 2,7 trilh\u00f5es<\/strong> investidos anualmente em conflitos seriam suficientes para transformar a realidade de quem vive na pobreza extrema.<\/li>\n\n\n\n<li>\u200b<strong>Irresponsabilidade Pol\u00edtica:<\/strong> &#8220;A fome s\u00f3 existe porque existe uma coisa chamada excesso de irresponsabilidade naqueles que s\u00e3o eleitos para ter responsabilidade&#8221;, declarou.<\/li>\n\n\n\n<li>\u200b<strong>Cr\u00edtica Direta a Donald Trump:<\/strong> Lula citou nominalmente o presidente americano, questionando sua ret\u00f3rica sobre ter o &#8220;maior ex\u00e9rcito do mundo&#8221; em vez de focar na &#8220;maior capacidade de produ\u00e7\u00e3o de alimentos&#8221;.<\/li>\n<\/ul>\n\n\n\n<h3 class=\"wp-block-heading\">\u200bCrise de credibilidade das Na\u00e7\u00f5es Unidas<\/h3>\n\n\n\n<p class=\"wp-block-paragraph\">\u200bPara o presidente brasileiro, a ONU n\u00e3o tem cumprido a carta de sua cria\u00e7\u00e3o (1945). Ele questionou por que a organiza\u00e7\u00e3o ainda n\u00e3o convocou uma confer\u00eancia mundial para tratar dos conflitos em curso, como a guerra entre R\u00fassia e Ucr\u00e2nia, que j\u00e1 se arrasta por quatro anos.<\/p>\n\n\n\n<blockquote class=\"wp-block-quote is-layout-flow wp-block-quote-is-layout-flow\">\n<p class=\"wp-block-paragraph\">\u200b&#8221;A ONU est\u00e1 ficando desacreditada. Ela n\u00e3o est\u00e1 cumprindo aquilo que est\u00e1 escrito na sua carta de cria\u00e7\u00e3o. \u00c9 necess\u00e1rio que a gente n\u00e3o fique impass\u00edvel diante disso.&#8221;<\/p>\n<\/blockquote>\n\n\n\n<h3 class=\"wp-block-heading\">\u200bO cen\u00e1rio dos conflitos em 2026<\/h3>\n\n\n\n<p class=\"wp-block-paragraph\">\u200bLula tamb\u00e9m ironizou a demora para se alcan\u00e7ar um acordo de paz no Leste Europeu, sugerindo que o desfecho \u2014 onde ambos os lados ter\u00e3o de ceder \u2014 j\u00e1 \u00e9 conhecido por todos, mas retardado por interesses pol\u00edticos e militares. Al\u00e9m disso, criticou a gest\u00e3o da crise humanit\u00e1ria em Gaza, classificando como contradit\u00f3ria a postura de l\u00edderes que financiam a destrui\u00e7\u00e3o para, posteriormente, &#8220;aparecerem com pompa&#8221; prometendo a reconstru\u00e7\u00e3o.<\/p>\n","protected":false},"excerpt":{"rendered":"<p>O presidente Luiz In\u00e1cio Lula da Silva subiu o tom nesta quarta-feira (4 de mar\u00e7o de 2026) ao discursar na abertura da 39\u00aa Confer\u00eancia Regional [&#8230;]<\/p>\n","protected":false},"author":1,"featured_media":5082,"comment_status":"open","ping_status":"open","sticky":false,"template":"","format":"standard","meta":{"_crdt_document":"","_jetpack_memberships_contains_paid_content":false,"footnotes":"","jetpack_publicize_message":"","jetpack_publicize_feature_enabled":true,"jetpack_social_post_already_shared":true,"jetpack_social_options":{"image_generator_settings":{"template":"highway","default_image_id":0,"font":"","enabled":false},"version":2}},"categories":[3],"tags":[],"class_list":["post-5081","post","type-post","status-publish","format-standard","has-post-thumbnail","hentry","category-brasil"],"jetpack_publicize_connections":[],"jetpack_featured_media_url":"https:\/\/i0.wp.com\/oexpressobr.com.br\/wp-content\/uploads\/2026\/03\/lula-fao-mc_abr_04032026-16.webp?fit=1170%2C700&ssl=1","jetpack_likes_enabled":true,"jetpack_sharing_enabled":true,"_links":{"self":[{"href":"https:\/\/oexpressobr.com.br\/index.php?rest_route=\/wp\/v2\/posts\/5081","targetHints":{"allow":["GET"]}}],"collection":[{"href":"https:\/\/oexpressobr.com.br\/index.php?rest_route=\/wp\/v2\/posts"}],"about":[{"href":"https:\/\/oexpressobr.com.br\/index.php?rest_route=\/wp\/v2\/types\/post"}],"author":[{"embeddable":true,"href":"https:\/\/oexpressobr.com.br\/index.php?rest_route=\/wp\/v2\/users\/1"}],"replies":[{"embeddable":true,"href":"https:\/\/oexpressobr.com.br\/index.php?rest_route=%2Fwp%2Fv2%2Fcomments&post=5081"}],"version-history":[{"count":1,"href":"https:\/\/oexpressobr.com.br\/index.php?rest_route=\/wp\/v2\/posts\/5081\/revisions"}],"predecessor-version":[{"id":5083,"href":"https:\/\/oexpressobr.com.br\/index.php?rest_route=\/wp\/v2\/posts\/5081\/revisions\/5083"}],"wp:featuredmedia":[{"embeddable":true,"href":"https:\/\/oexpressobr.com.br\/index.php?rest_route=\/wp\/v2\/media\/5082"}],"wp:attachment":[{"href":"https:\/\/oexpressobr.com.br\/index.php?rest_route=%2Fwp%2Fv2%2Fmedia&parent=5081"}],"wp:term":[{"taxonomy":"category","embeddable":true,"href":"https:\/\/oexpressobr.com.br\/index.php?rest_route=%2Fwp%2Fv2%2Fcategories&post=5081"},{"taxonomy":"post_tag","embeddable":true,"href":"https:\/\/oexpressobr.com.br\/index.php?rest_route=%2Fwp%2Fv2%2Ftags&post=5081"}],"curies":[{"name":"wp","href":"https:\/\/api.w.org\/{rel}","templated":true}]}}