{"id":5095,"date":"2026-03-05T05:51:28","date_gmt":"2026-03-05T08:51:28","guid":{"rendered":"https:\/\/oexpressobr.com.br\/?p=5095"},"modified":"2026-03-05T05:51:42","modified_gmt":"2026-03-05T08:51:42","slug":"ultimo-foragido-por-estupro-coletivo-de-adolescente-em-copacabana-se-entrega-a-policia","status":"publish","type":"post","link":"https:\/\/oexpressobr.com.br\/?p=5095","title":{"rendered":"\u00daltimo foragido por estupro coletivo de adolescente em Copacabana se entrega \u00e0 pol\u00edcia"},"content":{"rendered":"\n<p class=\"wp-block-paragraph\">\u200bO \u00faltimo dos quatro jovens foragidos pela Justi\u00e7a no caso do estupro coletivo de uma adolescente de 17 anos, ocorrido em Copacabana, entregou-se \u00e0 Pol\u00edcia Civil do Rio de Janeiro no in\u00edcio da tarde desta quarta-feira (4). Bruno Felipe dos Santos Allegretti, de 18 anos, apresentou-se na 12\u00aa DP (Copacabana) acompanhado de seus advogados, encerrando o ciclo de buscas pelos r\u00e9us principais do crime que chocou o estado.<\/p>\n\n\n\n<p class=\"wp-block-paragraph\">\u200bCom a rendi\u00e7\u00e3o de Bruno, todos os quatro adultos envolvidos \u2014 Mattheus Verissimo Zoel Martins (19), Jo\u00e3o Gabriel Xavier Bertho (19), Vitor Hugo Oliveira Simonin (18) e o pr\u00f3prio Bruno \u2014 est\u00e3o sob cust\u00f3dia do sistema prisional. Eles foram transferidos para o Pres\u00eddio Jos\u00e9 Frederico Marques, em Benfica, na Zona Norte do Rio.<\/p>\n\n\n\n<p class=\"wp-block-paragraph\">\u200b<strong>O caso e a emboscada planejada<\/strong><\/p>\n\n\n\n<p class=\"wp-block-paragraph\">As investiga\u00e7\u00f5es da Pol\u00edcia Civil apontam que o crime, ocorrido em 31 de janeiro em um apartamento na Rua Ministro Viveiros de Castro, foi uma &#8220;emboscada planejada&#8221;. A v\u00edtima foi atra\u00edda ao local por um adolescente de 17 anos, seu ex-namorado, sob o pretexto de um encontro a s\u00f3s. No entanto, ao chegar ao im\u00f3vel \u2014 que pertence \u00e0 fam\u00edlia de Vitor Hugo \u2014, a jovem foi trancada em um quarto e submetida a viol\u00eancia sexual, socos, tapas e chutes praticados pelo grupo.<\/p>\n\n\n\n<p class=\"wp-block-paragraph\">\u200bImagens de c\u00e2meras de seguran\u00e7a foram cruciais para o indiciamento, mostrando o momento em que os jovens entram e saem do pr\u00e9dio. O exame de corpo de delito confirmou a gravidade das agress\u00f5es, identificando hemorragias e les\u00f5es f\u00edsicas compat\u00edveis com o relato da v\u00edtima.<\/p>\n\n\n\n<p class=\"wp-block-paragraph\">\u200b<strong>Novas den\u00fancias e desdobramentos<\/strong><\/p>\n\n\n\n<p class=\"wp-block-paragraph\">A repercuss\u00e3o do caso encorajou outras mulheres a procurarem a pol\u00edcia. Pelo menos duas novas v\u00edtimas relataram ter sofrido abusos semelhantes praticados por integrantes do mesmo grupo em ocasi\u00f5es anteriores, uma delas ocorrida h\u00e1 tr\u00eas anos, quando a denunciante tinha apenas 14 anos. O delegado Angelo Lages, titular da 12\u00aa DP, afirmou que o <em>modus operandi<\/em> descrito pelas novas v\u00edtimas \u00e9 id\u00eantico ao do caso atual.<\/p>\n\n\n\n<p class=\"wp-block-paragraph\">\u200b<strong>Consequ\u00eancias institucionais<\/strong><\/p>\n\n\n\n<p class=\"wp-block-paragraph\">O envolvimento dos jovens gerou rea\u00e7\u00f5es imediatas em suas redes sociais e profissionais:<\/p>\n\n\n\n<ul class=\"wp-block-list\">\n<li>\u200b<strong>Vitor Hugo Oliveira Simonin:<\/strong> \u00c9 filho de um ex-subsecret\u00e1rio de Infraestrutura e Obras do Rio, que foi exonerado do cargo logo ap\u00f3s a divulga\u00e7\u00e3o do caso.<\/li>\n\n\n\n<li>\u200b<strong>Jo\u00e3o Gabriel Xavier Bertho:<\/strong> Teve seu contrato rescindido pelo Serrano Football Club, de Petr\u00f3polis.<\/li>\n\n\n\n<li>\u200b<strong>Bruno Felipe:<\/strong> Foi suspenso por 120 dias pela Universidade Federal do Estado do Rio de Janeiro (Unirio).<\/li>\n<\/ul>\n\n\n\n<p class=\"wp-block-paragraph\">\u200bO adolescente que atraiu a v\u00edtima responde por ato infracional an\u00e1logo ao crime de estupro e seu processo corre em segredo de justi\u00e7a na Vara da Inf\u00e2ncia e da Juventude. J\u00e1 os quatro adultos responder\u00e3o por estupro coletivo qualificado e c\u00e1rcere privado. As defesas dos acusados divergem; enquanto alguns mant\u00eam sil\u00eancio, a defesa de Jo\u00e3o Gabriel nega a participa\u00e7\u00e3o no estupro, alegando que houve consentimento.<\/p>\n","protected":false},"excerpt":{"rendered":"<p>\u200bO \u00faltimo dos quatro jovens foragidos pela Justi\u00e7a no caso do estupro coletivo de uma adolescente de 17 anos, ocorrido em Copacabana, entregou-se \u00e0 Pol\u00edcia [&#8230;]<\/p>\n","protected":false},"author":1,"featured_media":5096,"comment_status":"open","ping_status":"open","sticky":false,"template":"","format":"standard","meta":{"_crdt_document":"","_jetpack_memberships_contains_paid_content":false,"footnotes":"","jetpack_publicize_message":"","jetpack_publicize_feature_enabled":true,"jetpack_social_post_already_shared":true,"jetpack_social_options":{"image_generator_settings":{"template":"highway","default_image_id":0,"font":"","enabled":false},"version":2}},"categories":[9],"tags":[],"class_list":["post-5095","post","type-post","status-publish","format-standard","has-post-thumbnail","hentry","category-policia"],"jetpack_publicize_connections":[],"jetpack_featured_media_url":"https:\/\/i0.wp.com\/oexpressobr.com.br\/wp-content\/uploads\/2026\/03\/d6a0205.webp?fit=1170%2C700&ssl=1","jetpack_likes_enabled":true,"jetpack_sharing_enabled":true,"_links":{"self":[{"href":"https:\/\/oexpressobr.com.br\/index.php?rest_route=\/wp\/v2\/posts\/5095","targetHints":{"allow":["GET"]}}],"collection":[{"href":"https:\/\/oexpressobr.com.br\/index.php?rest_route=\/wp\/v2\/posts"}],"about":[{"href":"https:\/\/oexpressobr.com.br\/index.php?rest_route=\/wp\/v2\/types\/post"}],"author":[{"embeddable":true,"href":"https:\/\/oexpressobr.com.br\/index.php?rest_route=\/wp\/v2\/users\/1"}],"replies":[{"embeddable":true,"href":"https:\/\/oexpressobr.com.br\/index.php?rest_route=%2Fwp%2Fv2%2Fcomments&post=5095"}],"version-history":[{"count":1,"href":"https:\/\/oexpressobr.com.br\/index.php?rest_route=\/wp\/v2\/posts\/5095\/revisions"}],"predecessor-version":[{"id":5097,"href":"https:\/\/oexpressobr.com.br\/index.php?rest_route=\/wp\/v2\/posts\/5095\/revisions\/5097"}],"wp:featuredmedia":[{"embeddable":true,"href":"https:\/\/oexpressobr.com.br\/index.php?rest_route=\/wp\/v2\/media\/5096"}],"wp:attachment":[{"href":"https:\/\/oexpressobr.com.br\/index.php?rest_route=%2Fwp%2Fv2%2Fmedia&parent=5095"}],"wp:term":[{"taxonomy":"category","embeddable":true,"href":"https:\/\/oexpressobr.com.br\/index.php?rest_route=%2Fwp%2Fv2%2Fcategories&post=5095"},{"taxonomy":"post_tag","embeddable":true,"href":"https:\/\/oexpressobr.com.br\/index.php?rest_route=%2Fwp%2Fv2%2Ftags&post=5095"}],"curies":[{"name":"wp","href":"https:\/\/api.w.org\/{rel}","templated":true}]}}