{"id":5099,"date":"2026-03-05T06:14:44","date_gmt":"2026-03-05T09:14:44","guid":{"rendered":"https:\/\/oexpressobr.com.br\/?p=5099"},"modified":"2026-03-05T06:14:58","modified_gmt":"2026-03-05T09:14:58","slug":"gleisi-hoffmann-deixara-secretaria-de-relacoes-institucionais-dia-31-e-sera-sucedida-por-olavo-noleto","status":"publish","type":"post","link":"https:\/\/oexpressobr.com.br\/?p=5099","title":{"rendered":"Gleisi Hoffmann deixar\u00e1 Secretaria de Rela\u00e7\u00f5es Institucionais dia 31 e ser\u00e1 sucedida por Olavo Noleto"},"content":{"rendered":"\n<p class=\"wp-block-paragraph\">A ministra-chefe da Secretaria de Rela\u00e7\u00f5es Institucionais (SRI), Gleisi Hoffmann, confirmou oficialmente nesta quarta-feira (4) que deixar\u00e1 o comando da pasta no dia 31 de mar\u00e7o. A sa\u00edda, articulada diretamente com o presidente Luiz In\u00e1cio Lula da Silva, ocorre para que a petista possa disputar uma vaga no Senado Federal pelo Paran\u00e1 nas elei\u00e7\u00f5es de 2026, cumprindo o prazo de desincompatibiliza\u00e7\u00e3o exigido pela legisla\u00e7\u00e3o eleitoral.<\/p>\n\n\n\n<p class=\"wp-block-paragraph\">\u200bPara o seu lugar, o governo j\u00e1 definiu o nome de Olavo Noleto, atual secret\u00e1rio-executivo do Conselho de Desenvolvimento Econ\u00f4mico Social Sustent\u00e1vel (o &#8220;Conselh\u00e3o&#8221;). Durante evento em Bras\u00edlia voltado a pol\u00edticas de prote\u00e7\u00e3o \u00e0 mulher, Gleisi elogiou seu sucessor, classificando-o como uma escolha natural devido \u00e0 sua vasta experi\u00eancia na articula\u00e7\u00e3o pol\u00edtica e no di\u00e1logo com a sociedade civil. &#8220;A partir do dia 31, voc\u00eas perdem um secret\u00e1rio-executivo, mas ganham um ministro&#8221;, afirmou a atual titular da SRI.<\/p>\n\n\n\n<h3 class=\"wp-block-heading\">\u200b<strong>Estrat\u00e9gia para 2026<\/strong><\/h3>\n\n\n\n<p class=\"wp-block-paragraph\">\u200bA sa\u00edda de Gleisi faz parte de um movimento mais amplo do Pal\u00e1cio do Planalto. Ela \u00e9 uma das principais apostas do Partido dos Trabalhadores para fortalecer a presen\u00e7a da legenda no Sul do pa\u00eds, regi\u00e3o onde a oposi\u00e7\u00e3o mant\u00e9m bases s\u00f3lidas. Ao retornar ao mandato parlamentar e focar na pr\u00e9-candidatura ao Senado, Gleisi busca pavimentar um palanque forte para o projeto de reelei\u00e7\u00e3o de Lula em 2026.<\/p>\n\n\n\n<h3 class=\"wp-block-heading\">\u200b<strong>Legado e transi\u00e7\u00e3o<\/strong><\/h3>\n\n\n\n<p class=\"wp-block-paragraph\">\u200b\u00c0 frente da Secretaria de Rela\u00e7\u00f5es Institucionais desde mar\u00e7o de 2025 \u2014 quando substituiu Alexandre Padilha em uma reforma ministerial \u2014, Gleisi foi respons\u00e1vel por gerenciar a rela\u00e7\u00e3o entre o Executivo e o Congresso Nacional. Sua gest\u00e3o foi marcada pela defesa enf\u00e1tica da agenda econ\u00f4mica do governo e pelo esfor\u00e7o em manter a coes\u00e3o da base aliada em vota\u00e7\u00f5es estrat\u00e9gicas.<\/p>\n\n\n\n<p class=\"wp-block-paragraph\">\u200bA transi\u00e7\u00e3o para Olavo Noleto \u00e9 vista com otimismo pelos l\u00edderes da base governista. Noleto j\u00e1 ocupou cargos de relev\u00e2ncia na pr\u00f3pria SRI em gest\u00f5es anteriores e possui bom tr\u00e2nsito entre movimentos sociais e o setor produtivo.<\/p>\n\n\n\n<h3 class=\"wp-block-heading\">\u200b<strong>Novidades na seguran\u00e7a feminina<\/strong><\/h3>\n\n\n\n<p class=\"wp-block-paragraph\">\u200bEm seu an\u00fancio de despedida, a ministra tamb\u00e9m destacou os \u00faltimos avan\u00e7os de sua gest\u00e3o na \u00e1rea social, como o lan\u00e7amento do programa &#8220;Alerta Mulher Segura&#8221;. O dispositivo permitir\u00e1 que mulheres monitorem agressores por meio de tecnologia integrada, incluindo um bot\u00e3o de p\u00e2nico e conex\u00e3o direta com as for\u00e7as policiais. Segundo Gleisi, garantir a seguran\u00e7a f\u00edsica das mulheres \u00e9 um dos pilares que o governo continuar\u00e1 priorizando ap\u00f3s sua sa\u00edda.<\/p>\n","protected":false},"excerpt":{"rendered":"<p>A ministra-chefe da Secretaria de Rela\u00e7\u00f5es Institucionais (SRI), Gleisi Hoffmann, confirmou oficialmente nesta quarta-feira (4) que deixar\u00e1 o comando da pasta no dia 31 de [&#8230;]<\/p>\n","protected":false},"author":1,"featured_media":5100,"comment_status":"open","ping_status":"open","sticky":false,"template":"","format":"standard","meta":{"_crdt_document":"","_jetpack_memberships_contains_paid_content":false,"footnotes":"","jetpack_publicize_message":"","jetpack_publicize_feature_enabled":true,"jetpack_social_post_already_shared":true,"jetpack_social_options":{"image_generator_settings":{"template":"highway","default_image_id":0,"font":"","enabled":false},"version":2}},"categories":[3],"tags":[],"class_list":["post-5099","post","type-post","status-publish","format-standard","has-post-thumbnail","hentry","category-brasil"],"jetpack_publicize_connections":[],"jetpack_featured_media_url":"https:\/\/i0.wp.com\/oexpressobr.com.br\/wp-content\/uploads\/2026\/03\/pec-seguranca-publica_mcamgo_abr_08042025-3.webp?fit=1170%2C700&ssl=1","jetpack_likes_enabled":true,"jetpack_sharing_enabled":true,"_links":{"self":[{"href":"https:\/\/oexpressobr.com.br\/index.php?rest_route=\/wp\/v2\/posts\/5099","targetHints":{"allow":["GET"]}}],"collection":[{"href":"https:\/\/oexpressobr.com.br\/index.php?rest_route=\/wp\/v2\/posts"}],"about":[{"href":"https:\/\/oexpressobr.com.br\/index.php?rest_route=\/wp\/v2\/types\/post"}],"author":[{"embeddable":true,"href":"https:\/\/oexpressobr.com.br\/index.php?rest_route=\/wp\/v2\/users\/1"}],"replies":[{"embeddable":true,"href":"https:\/\/oexpressobr.com.br\/index.php?rest_route=%2Fwp%2Fv2%2Fcomments&post=5099"}],"version-history":[{"count":1,"href":"https:\/\/oexpressobr.com.br\/index.php?rest_route=\/wp\/v2\/posts\/5099\/revisions"}],"predecessor-version":[{"id":5101,"href":"https:\/\/oexpressobr.com.br\/index.php?rest_route=\/wp\/v2\/posts\/5099\/revisions\/5101"}],"wp:featuredmedia":[{"embeddable":true,"href":"https:\/\/oexpressobr.com.br\/index.php?rest_route=\/wp\/v2\/media\/5100"}],"wp:attachment":[{"href":"https:\/\/oexpressobr.com.br\/index.php?rest_route=%2Fwp%2Fv2%2Fmedia&parent=5099"}],"wp:term":[{"taxonomy":"category","embeddable":true,"href":"https:\/\/oexpressobr.com.br\/index.php?rest_route=%2Fwp%2Fv2%2Fcategories&post=5099"},{"taxonomy":"post_tag","embeddable":true,"href":"https:\/\/oexpressobr.com.br\/index.php?rest_route=%2Fwp%2Fv2%2Ftags&post=5099"}],"curies":[{"name":"wp","href":"https:\/\/api.w.org\/{rel}","templated":true}]}}