{"id":5102,"date":"2026-03-05T06:21:33","date_gmt":"2026-03-05T09:21:33","guid":{"rendered":"https:\/\/oexpressobr.com.br\/?p=5102"},"modified":"2026-03-05T06:21:44","modified_gmt":"2026-03-05T09:21:44","slug":"eua-e-israel-atingem-area-de-patrimonio-da-unesco-em-ataque-que-danificou-palacio-de-golestan","status":"publish","type":"post","link":"https:\/\/oexpressobr.com.br\/?p=5102","title":{"rendered":"EUA e Israel atingem \u00e1rea de patrim\u00f4nio da Unesco em ataque que danificou Pal\u00e1cio de Golestan"},"content":{"rendered":"\n<p class=\"wp-block-paragraph\"><strong>Teer\u00e3<\/strong> \u2014 O <strong>Pal\u00e1cio de Golestan<\/strong>, \u00fanico s\u00edtio em Teer\u00e3 classificado como <strong>Patrim\u00f4nio Mundial pela Unesco<\/strong>, sofreu danos significativos ap\u00f3s bombardeios coordenados por <strong>Estados Unidos<\/strong> e <strong>Israel<\/strong> contra a capital iraniana. O ataque, ocorrido na noite do \u00faltimo domingo (1\u00ba de mar\u00e7o de 2026), atingiu a Pra\u00e7a Arag, localizada na zona de amortecimento do complexo hist\u00f3rico, gerando ondas de choque que estilha\u00e7aram vitrais, portas e os famosos mosaicos de espelhos do pal\u00e1cio.<\/p>\n\n\n\n<h3 class=\"wp-block-heading\">\u200bImpacto ao patrim\u00f4nio hist\u00f3rico<\/h3>\n\n\n\n<p class=\"wp-block-paragraph\">\u200bSegundo relat\u00f3rios das ag\u00eancias de not\u00edcias <em>ISNA<\/em> e <em>Anadolu<\/em>, a explos\u00e3o de m\u00edsseis em pr\u00e9dios governamentais e uma delegacia nas proximidades causou a destrui\u00e7\u00e3o de elementos arquitet\u00f4nicos insubstitu\u00edveis:<\/p>\n\n\n\n<ul class=\"wp-block-list\">\n<li>\u200b<strong>Sala dos Espelhos:<\/strong> Teve quase todas as janelas voltadas para o exterior destru\u00eddas;<\/li>\n\n\n\n<li>\u200b<strong>Trono de M\u00e1rmore:<\/strong> Ornamentos do teto datados de <strong>1750<\/strong> ca\u00edram devido \u00e0 vibra\u00e7\u00e3o;<\/li>\n\n\n\n<li>\u200b<strong>Estrutura:<\/strong> O impacto foi t\u00e3o severo que chegou a levantar partes do asfalto dentro dos jardins do complexo.<\/li>\n<\/ul>\n\n\n\n<p class=\"wp-block-paragraph\">\u200bO ministro do Patrim\u00f4nio Cultural do Ir\u00e3, <strong>Seyed Reza Salehi Amiri<\/strong>, visitou o local e classificou o epis\u00f3dio como um ataque \u00e0 &#8220;identidade nacional e cultural&#8221; do pa\u00eds. As autoridades iranianas j\u00e1 preparam um relat\u00f3rio t\u00e9cnico para ser submetido formalmente \u00e0 Unesco.<\/p>\n\n\n\n<h3 class=\"wp-block-heading\">\u200bRea\u00e7\u00e3o internacional e contexto do conflito<\/h3>\n\n\n\n<p class=\"wp-block-paragraph\">\u200bA Unesco manifestou &#8220;profunda preocupa\u00e7\u00e3o&#8221; e lembrou que os bens culturais s\u00e3o protegidos pelo Direito Internacional, especificamente pela <strong>Conven\u00e7\u00e3o de Haia de 1954<\/strong>. A organiza\u00e7\u00e3o afirmou ter enviado as coordenadas geogr\u00e1ficas de todos os s\u00edtios protegidos \u00e0s for\u00e7as envolvidas para evitar danos, o que n\u00e3o impediu o impacto indireto ao Golestan.<\/p>\n\n\n\n<p class=\"wp-block-paragraph\">\u200bO ataque faz parte de uma escalada militar sem precedentes iniciada no \u00faltimo s\u00e1bado (28 de fevereiro), que, segundo ag\u00eancias internacionais, resultou na morte de l\u00edderes do alto escal\u00e3o iraniano e centenas de civis. O governo dos EUA, sob o segundo mandato de <strong>Donald Trump<\/strong>, justificou as opera\u00e7\u00f5es como resposta ao programa nuclear e ao apoio do Ir\u00e3 a grupos armados na regi\u00e3o.<\/p>\n\n\n\n<h3 class=\"wp-block-heading\">\u200bO que \u00e9 o Pal\u00e1cio de Golestan?<\/h3>\n\n\n\n<ul class=\"wp-block-list\">\n<li>\u200b<strong>Hist\u00f3ria:<\/strong> Erguido pela dinastia <strong>Cajar<\/strong> (1779-1925), o pal\u00e1cio representa a fus\u00e3o da arquitetura tradicional persa com influ\u00eancias europeias.<\/li>\n\n\n\n<li>\u200b<strong>Status:<\/strong> Inscrito na lista da Unesco em <strong>2013<\/strong>, \u00e9 considerado uma obra-prima da era Cajar e um dos monumentos mais antigos de Teer\u00e3.<\/li>\n<\/ul>\n","protected":false},"excerpt":{"rendered":"<p>Teer\u00e3 \u2014 O Pal\u00e1cio de Golestan, \u00fanico s\u00edtio em Teer\u00e3 classificado como Patrim\u00f4nio Mundial pela Unesco, sofreu danos significativos ap\u00f3s bombardeios coordenados por Estados Unidos [&#8230;]<\/p>\n","protected":false},"author":1,"featured_media":5103,"comment_status":"open","ping_status":"open","sticky":false,"template":"","format":"standard","meta":{"_crdt_document":"","_jetpack_memberships_contains_paid_content":false,"footnotes":"","jetpack_publicize_message":"","jetpack_publicize_feature_enabled":true,"jetpack_social_post_already_shared":true,"jetpack_social_options":{"image_generator_settings":{"template":"highway","default_image_id":0,"font":"","enabled":false},"version":2}},"categories":[15],"tags":[],"class_list":["post-5102","post","type-post","status-publish","format-standard","has-post-thumbnail","hentry","category-internacional"],"jetpack_publicize_connections":[],"jetpack_featured_media_url":"https:\/\/i0.wp.com\/oexpressobr.com.br\/wp-content\/uploads\/2026\/03\/2026-03-03t113709z_308762757_rc2zwja4pohm_rtrmadp_3_iran-crisis.webp?fit=1170%2C700&ssl=1","jetpack_likes_enabled":true,"jetpack_sharing_enabled":true,"_links":{"self":[{"href":"https:\/\/oexpressobr.com.br\/index.php?rest_route=\/wp\/v2\/posts\/5102","targetHints":{"allow":["GET"]}}],"collection":[{"href":"https:\/\/oexpressobr.com.br\/index.php?rest_route=\/wp\/v2\/posts"}],"about":[{"href":"https:\/\/oexpressobr.com.br\/index.php?rest_route=\/wp\/v2\/types\/post"}],"author":[{"embeddable":true,"href":"https:\/\/oexpressobr.com.br\/index.php?rest_route=\/wp\/v2\/users\/1"}],"replies":[{"embeddable":true,"href":"https:\/\/oexpressobr.com.br\/index.php?rest_route=%2Fwp%2Fv2%2Fcomments&post=5102"}],"version-history":[{"count":1,"href":"https:\/\/oexpressobr.com.br\/index.php?rest_route=\/wp\/v2\/posts\/5102\/revisions"}],"predecessor-version":[{"id":5104,"href":"https:\/\/oexpressobr.com.br\/index.php?rest_route=\/wp\/v2\/posts\/5102\/revisions\/5104"}],"wp:featuredmedia":[{"embeddable":true,"href":"https:\/\/oexpressobr.com.br\/index.php?rest_route=\/wp\/v2\/media\/5103"}],"wp:attachment":[{"href":"https:\/\/oexpressobr.com.br\/index.php?rest_route=%2Fwp%2Fv2%2Fmedia&parent=5102"}],"wp:term":[{"taxonomy":"category","embeddable":true,"href":"https:\/\/oexpressobr.com.br\/index.php?rest_route=%2Fwp%2Fv2%2Fcategories&post=5102"},{"taxonomy":"post_tag","embeddable":true,"href":"https:\/\/oexpressobr.com.br\/index.php?rest_route=%2Fwp%2Fv2%2Ftags&post=5102"}],"curies":[{"name":"wp","href":"https:\/\/api.w.org\/{rel}","templated":true}]}}