{"id":5105,"date":"2026-03-05T06:28:43","date_gmt":"2026-03-05T09:28:43","guid":{"rendered":"https:\/\/oexpressobr.com.br\/?p=5105"},"modified":"2026-03-05T06:28:52","modified_gmt":"2026-03-05T09:28:52","slug":"segunda-turma-do-stf-decide-referendar-prisao-de-daniel-vorcaro-e-aliados-do-banco-master","status":"publish","type":"post","link":"https:\/\/oexpressobr.com.br\/?p=5105","title":{"rendered":"Segunda Turma do STF decide referendar pris\u00e3o de Daniel Vorcaro e aliados do Banco Master"},"content":{"rendered":"\n<p class=\"wp-block-paragraph\">A Segunda Turma do Supremo Tribunal Federal (STF) marcou para esta sexta-feira, 6 de mar\u00e7o de 2026, o in\u00edcio do julgamento virtual que decidir\u00e1 se mant\u00e9m a pris\u00e3o preventiva do empres\u00e1rio Daniel Vorcaro, dono do Banco Master. A medida, determinada de forma monocr\u00e1tica pelo ministro Andr\u00e9 Mendon\u00e7a, atende a desdobramentos da terceira fase da Opera\u00e7\u00e3o Compliance Zero, deflagrada pela Pol\u00edcia Federal na \u00faltima quarta-feira (4).<\/p>\n\n\n\n<p class=\"wp-block-paragraph\">\u200bO colegiado, composto pelos ministros Andr\u00e9 Mendon\u00e7a (relator), Gilmar Mendes, Luiz Fux, Edson Fachin e Dias Toffoli, analisar\u00e1 o referendo da pris\u00e3o em um ambiente de forte press\u00e3o institucional. O caso tomou novos contornos ap\u00f3s o ministro Dias Toffoli ter deixado a relatoria do processo no m\u00eas passado. A sa\u00edda ocorreu depois de a Pol\u00edcia Federal informar que mensagens encontradas no celular de Vorcaro citavam o magistrado, gerando questionamentos sobre sua isen\u00e7\u00e3o. At\u00e9 o momento, n\u00e3o h\u00e1 confirma\u00e7\u00e3o se Toffoli participar\u00e1 da vota\u00e7\u00e3o ou se declarar\u00e1 impedimento.<\/p>\n\n\n\n<h3 class=\"wp-block-heading\">\u200bA &#8220;mil\u00edcia&#8221; de Vorcaro e as amea\u00e7as<\/h3>\n\n\n\n<p class=\"wp-block-paragraph\">\u200bA nova ordem de pris\u00e3o contra o banqueiro baseia-se em provas extra\u00eddas de dispositivos eletr\u00f4nicos que revelam a exist\u00eancia de uma estrutura apelidada de &#8220;A Turma&#8221;. Segundo as investiga\u00e7\u00f5es da PF, Vorcaro comandava um grupo dedicado a monitorar, intimidar e amea\u00e7ar advers\u00e1rios, ex-empregados e jornalistas que denunciavam irregularidades no Banco Master.<\/p>\n\n\n\n<p class=\"wp-block-paragraph\">\u200bEm mensagens interceptadas, o empres\u00e1rio teria dado ordens expl\u00edcitas para agress\u00f5es f\u00edsicas, chegando a mencionar o desejo de &#8220;quebrar todos os dentes&#8221; de um cr\u00edtico. O ministro Andr\u00e9 Mendon\u00e7a justificou a manuten\u00e7\u00e3o da cust\u00f3dia afirmando que a liberdade dos envolvidos representa um risco \u00e0 ordem p\u00fablica e \u00e0 integridade f\u00edsica de terceiros.<\/p>\n\n\n\n<h3 class=\"wp-block-heading\">\u200bTransfer\u00eancia e desdobramentos<\/h3>\n\n\n\n<p class=\"wp-block-paragraph\">\u200bNesta quarta-feira, a Justi\u00e7a Federal em S\u00e3o Paulo manteve a pris\u00e3o de Vorcaro em audi\u00eancia de cust\u00f3dia e autorizou sua transfer\u00eancia para um pres\u00eddio estadual em Guarulhos, atendendo a um pedido da PF, que alegou falta de estrutura para cust\u00f3dia de longa dura\u00e7\u00e3o em sua superintend\u00eancia.<\/p>\n\n\n\n<p class=\"wp-block-paragraph\">\u200bAl\u00e9m de Daniel Vorcaro, seu cunhado e operador financeiro, Fabiano Zettel, tamb\u00e9m foi alvo de mandado de pris\u00e3o. Outro aliado do banqueiro, identificado pelo codinome &#8220;Sic\u00e1rio&#8221;, foi internado com suspeita de morte cerebral ap\u00f3s uma tentativa de suic\u00eddio na cela logo ap\u00f3s a deten\u00e7\u00e3o.<\/p>\n\n\n\n<p class=\"wp-block-paragraph\">\u200bA defesa de Daniel Vorcaro nega categoricamente todas as acusa\u00e7\u00f5es. Em nota, os advogados afirmam que o empres\u00e1rio sempre esteve \u00e0 disposi\u00e7\u00e3o das autoridades e que o esclarecimento dos fatos demonstrar\u00e1 a regularidade de sua conduta e a inexist\u00eancia de qualquer estrutura de intimida\u00e7\u00e3o. O julgamento no plen\u00e1rio virtual do STF deve ser conclu\u00eddo at\u00e9 o final da pr\u00f3xima semana.<\/p>\n","protected":false},"excerpt":{"rendered":"<p>A Segunda Turma do Supremo Tribunal Federal (STF) marcou para esta sexta-feira, 6 de mar\u00e7o de 2026, o in\u00edcio do julgamento virtual que decidir\u00e1 se [&#8230;]<\/p>\n","protected":false},"author":1,"featured_media":5106,"comment_status":"open","ping_status":"open","sticky":false,"template":"","format":"standard","meta":{"_crdt_document":"","_jetpack_memberships_contains_paid_content":false,"footnotes":"","jetpack_publicize_message":"","jetpack_publicize_feature_enabled":true,"jetpack_social_post_already_shared":true,"jetpack_social_options":{"image_generator_settings":{"template":"highway","default_image_id":0,"font":"","enabled":false},"version":2}},"categories":[8],"tags":[],"class_list":["post-5105","post","type-post","status-publish","format-standard","has-post-thumbnail","hentry","category-judiciario"],"jetpack_publicize_connections":[],"jetpack_featured_media_url":"https:\/\/i0.wp.com\/oexpressobr.com.br\/wp-content\/uploads\/2026\/03\/55088884606_4d87d84586_o.webp?fit=1170%2C700&ssl=1","jetpack_likes_enabled":true,"jetpack_sharing_enabled":true,"_links":{"self":[{"href":"https:\/\/oexpressobr.com.br\/index.php?rest_route=\/wp\/v2\/posts\/5105","targetHints":{"allow":["GET"]}}],"collection":[{"href":"https:\/\/oexpressobr.com.br\/index.php?rest_route=\/wp\/v2\/posts"}],"about":[{"href":"https:\/\/oexpressobr.com.br\/index.php?rest_route=\/wp\/v2\/types\/post"}],"author":[{"embeddable":true,"href":"https:\/\/oexpressobr.com.br\/index.php?rest_route=\/wp\/v2\/users\/1"}],"replies":[{"embeddable":true,"href":"https:\/\/oexpressobr.com.br\/index.php?rest_route=%2Fwp%2Fv2%2Fcomments&post=5105"}],"version-history":[{"count":1,"href":"https:\/\/oexpressobr.com.br\/index.php?rest_route=\/wp\/v2\/posts\/5105\/revisions"}],"predecessor-version":[{"id":5107,"href":"https:\/\/oexpressobr.com.br\/index.php?rest_route=\/wp\/v2\/posts\/5105\/revisions\/5107"}],"wp:featuredmedia":[{"embeddable":true,"href":"https:\/\/oexpressobr.com.br\/index.php?rest_route=\/wp\/v2\/media\/5106"}],"wp:attachment":[{"href":"https:\/\/oexpressobr.com.br\/index.php?rest_route=%2Fwp%2Fv2%2Fmedia&parent=5105"}],"wp:term":[{"taxonomy":"category","embeddable":true,"href":"https:\/\/oexpressobr.com.br\/index.php?rest_route=%2Fwp%2Fv2%2Fcategories&post=5105"},{"taxonomy":"post_tag","embeddable":true,"href":"https:\/\/oexpressobr.com.br\/index.php?rest_route=%2Fwp%2Fv2%2Ftags&post=5105"}],"curies":[{"name":"wp","href":"https:\/\/api.w.org\/{rel}","templated":true}]}}