{"id":511,"date":"2025-12-09T17:26:42","date_gmt":"2025-12-09T20:26:42","guid":{"rendered":"https:\/\/oexpressobr.com.br\/?p=511"},"modified":"2025-12-09T17:26:43","modified_gmt":"2025-12-09T20:26:43","slug":"crise-humanitaria-e-abandono-comunidade-e-professores-do-colegio-indigena-benedito-rokag-denunciam-falta-de-agua-e-merenda-no-parana","status":"publish","type":"post","link":"https:\/\/oexpressobr.com.br\/?p=511","title":{"rendered":"Crise Humanit\u00e1ria e Abandono: Comunidade e professores do Col\u00e9gio Ind\u00edgena Benedito Rokag denunciam falta de \u00e1gua e merenda no Paran\u00e1"},"content":{"rendered":"\n<p class=\"wp-block-paragraph\">A comunidade escolar do Col\u00e9gio Estadual Ind\u00edgena Benedito Rokag, localizado na aldeia ind\u00edgena de Tamarana, na regi\u00e3o norte do Paran\u00e1, tem enfrentado uma grave crise de infraestrutura que levou a unidade de ensino a condi\u00e7\u00f5es insustent\u00e1veis. H\u00e1 cerca de dois meses, aproximadamente duas mil pessoas da comunidade est\u00e3o sem fornecimento de \u00e1gua pot\u00e1vel, um problema agravado pela den\u00fancia de que os rios pr\u00f3ximos estariam contaminados com agrot\u00f3xicos.<\/p>\n\n\n\n<p class=\"wp-block-paragraph\">\u200bA situa\u00e7\u00e3o prec\u00e1ria culminou na interrup\u00e7\u00e3o de servi\u00e7os b\u00e1sicos na escola, que atende a centenas de estudantes. Sem \u00e1gua para o preparo de alimentos e para a higiene b\u00e1sica, os alunos ficaram sem merenda escolar e os banheiros da unidade de ensino se tornaram inutiliz\u00e1veis. Segundo den\u00fancias recentes de professores, alunos e servidores precisam levar a pr\u00f3pria \u00e1gua de casa, medida insustent\u00e1vel para a maioria da popula\u00e7\u00e3o local.<\/p>\n\n\n\n<p class=\"wp-block-paragraph\">\u200b<strong>Press\u00e3o em meio ao caos<\/strong><\/p>\n\n\n\n<p class=\"wp-block-paragraph\">\u200bO cen\u00e1rio de abandono tem sido acompanhado pela press\u00e3o da Secretaria de Estado da Educa\u00e7\u00e3o do Paran\u00e1 (Seed). Conforme relatos, a Seed tem exigido o funcionamento integral do col\u00e9gio, o cumprimento da carga hor\u00e1ria e a recomposi\u00e7\u00e3o das aulas j\u00e1 perdidas, mesmo sem apresentar qualquer solu\u00e7\u00e3o de abastecimento de \u00e1gua.<\/p>\n\n\n\n<p class=\"wp-block-paragraph\">\u200b&#8221;Estamos sendo pressionados a cumprir hor\u00e1rio, fazer recomposi\u00e7\u00e3o de aprendizagem, sendo que o col\u00e9gio n\u00e3o tem \u00e1gua, n\u00e3o tem banheiro funcionando e n\u00e3o tem nem como preparar a merenda dos alunos&#8221;, relatou um professor da unidade. Um v\u00eddeo anexado \u00e0s den\u00fancias mostra um menino ind\u00edgena, com sede, tentando beber \u00e1gua em uma torneira da escola que apenas gotejava.<\/p>\n\n\n\n<p class=\"wp-block-paragraph\">\u200bAl\u00e9m da urg\u00eancia pela \u00e1gua, h\u00e1 questionamentos sobre a gest\u00e3o de recursos. Em visita ao local, um representante da Seed teria alegado que verbas j\u00e1 haviam sido repassadas \u00e0 dire\u00e7\u00e3o da escola e gastas, mas sem apresentar a documenta\u00e7\u00e3o comprobat\u00f3ria exigida pelos professores presentes.<\/p>\n\n\n\n<p class=\"wp-block-paragraph\">\u200bA \u00fanica previs\u00e3o de a\u00e7\u00e3o concreta anunciada pela Seed seria a constru\u00e7\u00e3o de um &#8220;banheiro seco&#8221;, programada para come\u00e7ar somente em 2026. Enquanto isso, a comunidade local tem se mobilizado para buscar \u00e1gua em outros locais, uma medida emergencial que permitiu o retorno do fornecimento de alimenta\u00e7\u00e3o aos alunos na \u00faltima quinta-feira (4).<\/p>\n\n\n\n<p class=\"wp-block-paragraph\">\u200bProfessores e l\u00edderes ind\u00edgenas cobram provid\u00eancias imediatas das autoridades para garantir o direito \u00e0 dignidade, \u00e0 sa\u00fade e \u00e0 educa\u00e7\u00e3o de toda a comunidade, que vive o dilema de manter o ano letivo em meio a condi\u00e7\u00f5es sanit\u00e1rias alarmantes.<\/p>\n\n\n\n<p class=\"wp-block-paragraph\">\u200bEm contraste com a situa\u00e7\u00e3o de calamidade na escola ind\u00edgena, a den\u00fancia aponta para o repasse de R$ 155 milh\u00f5es pelo governo do Paran\u00e1 para tr\u00eas grupos de empresas privadas que administram 82 institui\u00e7\u00f5es no programa &#8220;Parceiro da Escola&#8221; entre janeiro e agosto deste ano.<\/p>\n","protected":false},"excerpt":{"rendered":"<p>A comunidade escolar do Col\u00e9gio Estadual Ind\u00edgena Benedito Rokag, localizado na aldeia ind\u00edgena de Tamarana, na regi\u00e3o norte do Paran\u00e1, tem enfrentado uma grave crise [&#8230;]<\/p>\n","protected":false},"author":1,"featured_media":512,"comment_status":"open","ping_status":"open","sticky":false,"template":"","format":"standard","meta":{"_crdt_document":"","_jetpack_memberships_contains_paid_content":false,"footnotes":"","jetpack_publicize_message":"","jetpack_publicize_feature_enabled":true,"jetpack_social_post_already_shared":false,"jetpack_social_options":{"image_generator_settings":{"template":"highway","default_image_id":0,"font":"","enabled":false},"version":2}},"categories":[6],"tags":[],"class_list":["post-511","post","type-post","status-publish","format-standard","has-post-thumbnail","hentry","category-educacao"],"jetpack_publicize_connections":[],"jetpack_featured_media_url":"https:\/\/i0.wp.com\/oexpressobr.com.br\/wp-content\/uploads\/2025\/12\/WhatsApp-Image-2025-12-05-at-11.19.13.webp?fit=739%2C620&ssl=1","jetpack_likes_enabled":true,"jetpack_sharing_enabled":true,"_links":{"self":[{"href":"https:\/\/oexpressobr.com.br\/index.php?rest_route=\/wp\/v2\/posts\/511","targetHints":{"allow":["GET"]}}],"collection":[{"href":"https:\/\/oexpressobr.com.br\/index.php?rest_route=\/wp\/v2\/posts"}],"about":[{"href":"https:\/\/oexpressobr.com.br\/index.php?rest_route=\/wp\/v2\/types\/post"}],"author":[{"embeddable":true,"href":"https:\/\/oexpressobr.com.br\/index.php?rest_route=\/wp\/v2\/users\/1"}],"replies":[{"embeddable":true,"href":"https:\/\/oexpressobr.com.br\/index.php?rest_route=%2Fwp%2Fv2%2Fcomments&post=511"}],"version-history":[{"count":0,"href":"https:\/\/oexpressobr.com.br\/index.php?rest_route=\/wp\/v2\/posts\/511\/revisions"}],"wp:featuredmedia":[{"embeddable":true,"href":"https:\/\/oexpressobr.com.br\/index.php?rest_route=\/wp\/v2\/media\/512"}],"wp:attachment":[{"href":"https:\/\/oexpressobr.com.br\/index.php?rest_route=%2Fwp%2Fv2%2Fmedia&parent=511"}],"wp:term":[{"taxonomy":"category","embeddable":true,"href":"https:\/\/oexpressobr.com.br\/index.php?rest_route=%2Fwp%2Fv2%2Fcategories&post=511"},{"taxonomy":"post_tag","embeddable":true,"href":"https:\/\/oexpressobr.com.br\/index.php?rest_route=%2Fwp%2Fv2%2Ftags&post=511"}],"curies":[{"name":"wp","href":"https:\/\/api.w.org\/{rel}","templated":true}]}}