{"id":5110,"date":"2026-03-05T06:35:36","date_gmt":"2026-03-05T09:35:36","guid":{"rendered":"https:\/\/oexpressobr.com.br\/?p=5110"},"modified":"2026-03-05T06:35:48","modified_gmt":"2026-03-05T09:35:48","slug":"fenabrave-fiat-e-vw-impulsionam-alta-nos-emplacamentos-em-fevereiro","status":"publish","type":"post","link":"https:\/\/oexpressobr.com.br\/?p=5110","title":{"rendered":"Fenabrave, Fiat e VW impulsionam alta nos emplacamentos em fevereiro"},"content":{"rendered":"\n<p class=\"wp-block-paragraph\"><strong>S\u00c3O PAULO<\/strong> \u2013 O mercado automotivo brasileiro iniciou 2026 com sinais claros de resili\u00eancia e f\u00f4lego renovado. Segundo os dados mais recentes divulgados pela Federa\u00e7\u00e3o Nacional da Distribui\u00e7\u00e3o de Ve\u00edculos Automotores (Fenabrave) nesta quarta-feira (4), os emplacamentos de ve\u00edculos novos no Brasil registraram uma alta de <strong>4,13% em fevereiro<\/strong> na compara\u00e7\u00e3o com o mesmo m\u00eas do ano anterior.<\/p>\n\n\n\n<p class=\"wp-block-paragraph\">\u200bMesmo sendo o m\u00eas mais curto do ano e contando com quatro dias \u00fateis a menos do que janeiro, fevereiro apresentou um crescimento nominal de 2,2% sobre o resultado do m\u00eas imediatamente anterior. O desempenho foi sustentado principalmente pelo setor de autom\u00f3veis e comerciais leves, al\u00e9m de um avan\u00e7o expressivo no segmento de duas rodas.<\/p>\n\n\n\n<h3 class=\"wp-block-heading\">\u200bFiat e Volkswagen dominam o ranking<\/h3>\n\n\n\n<p class=\"wp-block-paragraph\">\u200bA <strong>Fiat Strada<\/strong> segue como o fen\u00f4meno absoluto de vendas no pa\u00eds. A picape n\u00e3o apenas liderou sua categoria, como abriu uma vantagem superior a 3.600 unidades em rela\u00e7\u00e3o ao segundo colocado geral. No ranking de autom\u00f3veis de passeio, o <strong>Volkswagen Polo<\/strong> consolidou-se na lideran\u00e7a, superando rivais diretos e reafirmando a estrat\u00e9gia da marca alem\u00e3 no segmento de hatches compactos.<\/p>\n\n\n\n<p class=\"wp-block-paragraph\">\u200bO &#8220;Top 5&#8221; de modelos mais vendidos em fevereiro foi completado por nomes tradicionais que dominam as vendas diretas e frotas:<\/p>\n\n\n\n<ol class=\"wp-block-list\">\n<li>\u200b<strong>Fiat Strada<\/strong><\/li>\n\n\n\n<li>\u200b<strong>Volkswagen Polo<\/strong><\/li>\n\n\n\n<li>\u200b<strong>Fiat Mobi<\/strong><\/li>\n\n\n\n<li>\u200b<strong>Fiat Argo<\/strong><\/li>\n\n\n\n<li>\u200b<strong>Chevrolet Onix<\/strong><\/li>\n<\/ol>\n\n\n\n<p class=\"wp-block-paragraph\">\u200bEntre os SUVs, o <strong>Volkswagen T-Cross<\/strong> manteve a ponta, seguido de perto pelo novo <strong>Volkswagen Tera<\/strong> e pelo <strong>Hyundai Creta<\/strong>.<\/p>\n\n\n\n<h3 class=\"wp-block-heading\">\u200bO avan\u00e7o da eletrifica\u00e7\u00e3o e o impacto dos programas de cr\u00e9dito<\/h3>\n\n\n\n<p class=\"wp-block-paragraph\">\u200bUm dos destaques do relat\u00f3rio \u00e9 a consolida\u00e7\u00e3o das marcas chinesas e dos ve\u00edculos eletrificados. A <strong>BYD<\/strong> continua liderando o segmento de h\u00edbridos e el\u00e9tricos, com o <strong>Dolphin Mini<\/strong> figurando como o modelo chin\u00eas mais vendido do m\u00eas (11\u00aa posi\u00e7\u00e3o no ranking geral).<\/p>\n\n\n\n<p class=\"wp-block-paragraph\">\u200bDe acordo com o presidente da Fenabrave, o crescimento tamb\u00e9m \u00e9 reflexo de programas como o <strong>Carro Sustent\u00e1vel<\/strong> e o <strong>Move Brasil<\/strong>. Este \u00faltimo, focado na libera\u00e7\u00e3o de cr\u00e9dito, j\u00e1 contratou R$ 4,2 bilh\u00f5es dos R$ 10 bilh\u00f5es previstos, facilitando o acesso ao financiamento para o consumidor final.<\/p>\n\n\n\n<h3 class=\"wp-block-heading\">\u200bMotos: O motor do mercado<\/h3>\n\n\n\n<p class=\"wp-block-paragraph\">\u200bEnquanto o setor de pesados (caminh\u00f5es) ainda busca estabilidade, as motocicletas continuam sendo o grande motor do mercado em 2026. O segmento cresceu quase <strong>10%<\/strong> em rela\u00e7\u00e3o a fevereiro do ano passado. &#8220;A motocicleta consolidou-se como uma solu\u00e7\u00e3o eficiente de mobilidade e ferramenta de trabalho, al\u00e9m de estar se tornando o segundo ve\u00edculo de muitas fam\u00edlias brasileiras&#8221;, pontua a entidade.<\/p>\n\n\n\n<h3 class=\"wp-block-heading\">\u200bProje\u00e7\u00f5es para o ano<\/h3>\n\n\n\n<p class=\"wp-block-paragraph\">\u200bPara o fechamento de 2026, a Fenabrave mant\u00e9m o otimismo, projetando um crescimento global de <strong>6,1%<\/strong> para o setor. A expectativa \u00e9 que o mercado de autom\u00f3veis e comerciais leves alcance a marca de <strong>2,62 milh\u00f5es de unidades<\/strong> comercializadas at\u00e9 dezembro, impulsionado pela melhora gradual nas condi\u00e7\u00f5es de cr\u00e9dito e pela renova\u00e7\u00e3o tecnol\u00f3gica das frotas.<\/p>\n","protected":false},"excerpt":{"rendered":"<p>S\u00c3O PAULO \u2013 O mercado automotivo brasileiro iniciou 2026 com sinais claros de resili\u00eancia e f\u00f4lego renovado. Segundo os dados mais recentes divulgados pela Federa\u00e7\u00e3o [&#8230;]<\/p>\n","protected":false},"author":1,"featured_media":5111,"comment_status":"open","ping_status":"open","sticky":false,"template":"","format":"standard","meta":{"_crdt_document":"","_jetpack_memberships_contains_paid_content":false,"footnotes":"","jetpack_publicize_message":"","jetpack_publicize_feature_enabled":true,"jetpack_social_post_already_shared":true,"jetpack_social_options":{"image_generator_settings":{"template":"highway","default_image_id":0,"font":"","enabled":false},"version":2}},"categories":[3],"tags":[],"class_list":["post-5110","post","type-post","status-publish","format-standard","has-post-thumbnail","hentry","category-brasil"],"jetpack_publicize_connections":[],"jetpack_featured_media_url":"https:\/\/i0.wp.com\/oexpressobr.com.br\/wp-content\/uploads\/2026\/03\/124a8390_0.webp?fit=1170%2C700&ssl=1","jetpack_likes_enabled":true,"jetpack_sharing_enabled":true,"_links":{"self":[{"href":"https:\/\/oexpressobr.com.br\/index.php?rest_route=\/wp\/v2\/posts\/5110","targetHints":{"allow":["GET"]}}],"collection":[{"href":"https:\/\/oexpressobr.com.br\/index.php?rest_route=\/wp\/v2\/posts"}],"about":[{"href":"https:\/\/oexpressobr.com.br\/index.php?rest_route=\/wp\/v2\/types\/post"}],"author":[{"embeddable":true,"href":"https:\/\/oexpressobr.com.br\/index.php?rest_route=\/wp\/v2\/users\/1"}],"replies":[{"embeddable":true,"href":"https:\/\/oexpressobr.com.br\/index.php?rest_route=%2Fwp%2Fv2%2Fcomments&post=5110"}],"version-history":[{"count":1,"href":"https:\/\/oexpressobr.com.br\/index.php?rest_route=\/wp\/v2\/posts\/5110\/revisions"}],"predecessor-version":[{"id":5112,"href":"https:\/\/oexpressobr.com.br\/index.php?rest_route=\/wp\/v2\/posts\/5110\/revisions\/5112"}],"wp:featuredmedia":[{"embeddable":true,"href":"https:\/\/oexpressobr.com.br\/index.php?rest_route=\/wp\/v2\/media\/5111"}],"wp:attachment":[{"href":"https:\/\/oexpressobr.com.br\/index.php?rest_route=%2Fwp%2Fv2%2Fmedia&parent=5110"}],"wp:term":[{"taxonomy":"category","embeddable":true,"href":"https:\/\/oexpressobr.com.br\/index.php?rest_route=%2Fwp%2Fv2%2Fcategories&post=5110"},{"taxonomy":"post_tag","embeddable":true,"href":"https:\/\/oexpressobr.com.br\/index.php?rest_route=%2Fwp%2Fv2%2Ftags&post=5110"}],"curies":[{"name":"wp","href":"https:\/\/api.w.org\/{rel}","templated":true}]}}