{"id":5113,"date":"2026-03-05T06:42:35","date_gmt":"2026-03-05T09:42:35","guid":{"rendered":"https:\/\/oexpressobr.com.br\/?p=5113"},"modified":"2026-03-05T06:42:44","modified_gmt":"2026-03-05T09:42:44","slug":"governo-federal-tres-poderes-e-sociedade-civil-articulam-o-pacto-nacional-pelo-fim-do-feminicidio-e-a-protecao-das-mulheres","status":"publish","type":"post","link":"https:\/\/oexpressobr.com.br\/?p=5113","title":{"rendered":"Governo Federal, Tr\u00eas Poderes e sociedade civil articulam o pacto nacional pelo fim do feminic\u00eddio e a prote\u00e7\u00e3o das mulheres"},"content":{"rendered":"\n<p class=\"wp-block-paragraph\">\u200bO m\u00eas de mar\u00e7o, historicamente marcado pela celebra\u00e7\u00e3o do Dia Internacional da Mulher, consolida-se em 2026 como um per\u00edodo de mobiliza\u00e7\u00e3o intensiva e urg\u00eancia pol\u00edtica no Brasil. Sob a lideran\u00e7a do Minist\u00e9rio das Mulheres e com a participa\u00e7\u00e3o direta da Presid\u00eancia da Rep\u00fablica, do Judici\u00e1rio e do Legislativo, o pa\u00eds inicia uma nova fase de enfrentamento \u00e0 viol\u00eancia de g\u00eanero atrav\u00e9s do <strong>Pacto Nacional Brasil contra o Feminic\u00eddio<\/strong>.<\/p>\n\n\n\n<h3 class=\"wp-block-heading\">\u200bMedidas urgentes e a\u00e7\u00f5es integradas<\/h3>\n\n\n\n<p class=\"wp-block-paragraph\">\u200bA iniciativa busca romper com a\u00e7\u00f5es isoladas, promovendo uma governan\u00e7a permanente entre os Tr\u00eas Poderes. Entre as principais novidades anunciadas nesta semana, destacam-se:<\/p>\n\n\n\n<ul class=\"wp-block-list\">\n<li>\u200b<strong>Mutir\u00e3o Nacional de Pris\u00f5es:<\/strong> Foi anunciado um mutir\u00e3o para o cumprimento de mais de mil mandados de pris\u00e3o contra agressores de mulheres em todo o territ\u00f3rio nacional, visando combater a sensa\u00e7\u00e3o de impunidade.<\/li>\n\n\n\n<li>\u200b<strong>Expans\u00e3o das &#8220;Salas Lil\u00e1s&#8221;:<\/strong> O Governo Federal est\u00e1 ampliando a instala\u00e7\u00e3o de espa\u00e7os de acolhimento humanizado em delegacias e \u00f3rg\u00e3os p\u00fablicos, garantindo que v\u00edtimas de viol\u00eancia tenham atendimento especializado e privativo desde o primeiro contato com as autoridades.<\/li>\n\n\n\n<li>\u200b<strong>Monitoramento e Tecnologia:<\/strong> O fortalecimento do canal &#8220;Zap Delas&#8221; e a amplia\u00e7\u00e3o do uso de tornozeleiras eletr\u00f4nicas para agressores buscam garantir que a Medida Protetiva de Urg\u00eancia (MPU) n\u00e3o seja apenas um documento, mas uma barreira real contra o feminic\u00eddio.<\/li>\n<\/ul>\n\n\n\n<h3 class=\"wp-block-heading\">\u200bO desafio dos n\u00fameros: recordes e alertas<\/h3>\n\n\n\n<p class=\"wp-block-paragraph\">\u200bApesar dos avan\u00e7os legislativos \u2014 como a recente Lei 14.994\/2024, que elevou a pena m\u00e1xima para feminic\u00eddio para at\u00e9 40 anos \u2014, os dados mais recentes do F\u00f3rum Brasileiro de Seguran\u00e7a P\u00fablica (FBSP) revelam um cen\u00e1rio alarmante. Em 2025, o Brasil registrou um aumento de 4,7% nos feminic\u00eddios, totalizando 1.568 v\u00edtimas.<\/p>\n\n\n\n<p class=\"wp-block-paragraph\">\u200bUm dado que preocupa especialistas e autoridades \u00e9 a falha na efic\u00e1cia das medidas protetivas: cerca de 13% das mulheres assassinadas em 2025 j\u00e1 possu\u00edam prote\u00e7\u00e3o judicial vigente no momento do crime. Esse \u00edndice chega a ultrapassar 20% em estados como S\u00e3o Paulo e Mato Grosso, evidenciando a necessidade de fiscaliza\u00e7\u00e3o rigorosa.<\/p>\n\n\n\n<h3 class=\"wp-block-heading\">\u200bAutonomia financeira como pilar de sobreviv\u00eancia<\/h3>\n\n\n\n<p class=\"wp-block-paragraph\">\u200bA ministra das Mulheres, Cida Gon\u00e7alves, e a ministra M\u00e1rcia Lopes t\u00eam enfatizado que o combate \u00e0 viol\u00eancia exige, al\u00e9m de puni\u00e7\u00e3o, a emancipa\u00e7\u00e3o econ\u00f4mica das mulheres. Recentemente, foram refor\u00e7adas diretrizes que garantem:<\/p>\n\n\n\n<ol class=\"wp-block-list\">\n<li>\u200b<strong>Cotas em Contrata\u00e7\u00f5es:<\/strong> Exig\u00eancia de que 8% das vagas em empresas que prestam servi\u00e7os a \u00f3rg\u00e3os p\u00fablicos federais sejam destinadas a mulheres v\u00edtimas de viol\u00eancia dom\u00e9stica.<\/li>\n\n\n\n<li>\u200b<strong>Transpar\u00eancia Salarial:<\/strong> Intensifica\u00e7\u00e3o da fiscaliza\u00e7\u00e3o da Lei de Igualdade Salarial, uma vez que mulheres ainda recebem, em m\u00e9dia, 21,2% menos que homens na mesma fun\u00e7\u00e3o, o que dificulta o rompimento de ciclos de abuso por depend\u00eancia financeira.<\/li>\n<\/ol>\n\n\n\n<h3 class=\"wp-block-heading\">\u200bUma luta cultural<\/h3>\n\n\n\n<p class=\"wp-block-paragraph\">\u200bDurante o lan\u00e7amento de campanhas internacionais como a &#8220;Feminic\u00eddio Nunca Mais&#8221;, a primeira-dama Janja Lula da Silva e lideran\u00e7as do setor de seguran\u00e7a destacaram que a mudan\u00e7a tamb\u00e9m deve ser cultural. O engajamento de homens e a educa\u00e7\u00e3o para o respeito s\u00e3o apontados como as \u00fanicas formas de deter o crescimento da viol\u00eancia letal, que vitima majoritariamente mulheres negras (62,6% dos casos) e ocorre, em sua maior parte, dentro de casa.<\/p>\n\n\n\n<p class=\"wp-block-paragraph\">\u200bCom o pacto firmado, o objetivo \u00e9 que at\u00e9 o final de mar\u00e7o novas metas de preven\u00e7\u00e3o e transpar\u00eancia sejam estabelecidas, transformando o &#8220;Mar\u00e7o de Luta&#8221; em uma pol\u00edtica de Estado cont\u00ednua e eficaz.<\/p>\n","protected":false},"excerpt":{"rendered":"<p>\u200bO m\u00eas de mar\u00e7o, historicamente marcado pela celebra\u00e7\u00e3o do Dia Internacional da Mulher, consolida-se em 2026 como um per\u00edodo de mobiliza\u00e7\u00e3o intensiva e urg\u00eancia pol\u00edtica [&#8230;]<\/p>\n","protected":false},"author":1,"featured_media":5114,"comment_status":"open","ping_status":"open","sticky":false,"template":"","format":"standard","meta":{"_crdt_document":"","_jetpack_memberships_contains_paid_content":false,"footnotes":"","jetpack_publicize_message":"","jetpack_publicize_feature_enabled":true,"jetpack_social_post_already_shared":true,"jetpack_social_options":{"image_generator_settings":{"template":"highway","default_image_id":0,"font":"","enabled":false},"version":2}},"categories":[3],"tags":[],"class_list":["post-5113","post","type-post","status-publish","format-standard","has-post-thumbnail","hentry","category-brasil"],"jetpack_publicize_connections":[],"jetpack_featured_media_url":"https:\/\/i0.wp.com\/oexpressobr.com.br\/wp-content\/uploads\/2026\/03\/mg_9862.webp?fit=1170%2C700&ssl=1","jetpack_likes_enabled":true,"jetpack_sharing_enabled":true,"_links":{"self":[{"href":"https:\/\/oexpressobr.com.br\/index.php?rest_route=\/wp\/v2\/posts\/5113","targetHints":{"allow":["GET"]}}],"collection":[{"href":"https:\/\/oexpressobr.com.br\/index.php?rest_route=\/wp\/v2\/posts"}],"about":[{"href":"https:\/\/oexpressobr.com.br\/index.php?rest_route=\/wp\/v2\/types\/post"}],"author":[{"embeddable":true,"href":"https:\/\/oexpressobr.com.br\/index.php?rest_route=\/wp\/v2\/users\/1"}],"replies":[{"embeddable":true,"href":"https:\/\/oexpressobr.com.br\/index.php?rest_route=%2Fwp%2Fv2%2Fcomments&post=5113"}],"version-history":[{"count":1,"href":"https:\/\/oexpressobr.com.br\/index.php?rest_route=\/wp\/v2\/posts\/5113\/revisions"}],"predecessor-version":[{"id":5115,"href":"https:\/\/oexpressobr.com.br\/index.php?rest_route=\/wp\/v2\/posts\/5113\/revisions\/5115"}],"wp:featuredmedia":[{"embeddable":true,"href":"https:\/\/oexpressobr.com.br\/index.php?rest_route=\/wp\/v2\/media\/5114"}],"wp:attachment":[{"href":"https:\/\/oexpressobr.com.br\/index.php?rest_route=%2Fwp%2Fv2%2Fmedia&parent=5113"}],"wp:term":[{"taxonomy":"category","embeddable":true,"href":"https:\/\/oexpressobr.com.br\/index.php?rest_route=%2Fwp%2Fv2%2Fcategories&post=5113"},{"taxonomy":"post_tag","embeddable":true,"href":"https:\/\/oexpressobr.com.br\/index.php?rest_route=%2Fwp%2Fv2%2Ftags&post=5113"}],"curies":[{"name":"wp","href":"https:\/\/api.w.org\/{rel}","templated":true}]}}