{"id":5121,"date":"2026-03-05T06:59:00","date_gmt":"2026-03-05T09:59:00","guid":{"rendered":"https:\/\/oexpressobr.com.br\/?p=5121"},"modified":"2026-03-05T06:59:11","modified_gmt":"2026-03-05T09:59:11","slug":"observatorio-do-clima-e-entidades-denunciam-avanco-do-pacote-da-destruicao-no-congresso-nacional","status":"publish","type":"post","link":"https:\/\/oexpressobr.com.br\/?p=5121","title":{"rendered":"Observat\u00f3rio do Clima e entidades denunciam avan\u00e7o do Pacote da Destrui\u00e7\u00e3o no Congresso Nacional"},"content":{"rendered":"\n<p class=\"wp-block-paragraph\">\u200bOrganiza\u00e7\u00f5es da sociedade civil e movimentos socioambientais intensificaram, nesta primeira semana de mar\u00e7o de 2026, os alertas sobre o chamado &#8220;Pacote da Destrui\u00e7\u00e3o&#8221;. O grupo, composto por 161 entidades lideradas pelo Observat\u00f3rio do Clima (OC), denuncia que 75% das propostas legislativas consideradas nocivas ao meio ambiente tiveram movimenta\u00e7\u00e3o acelerada no Congresso Nacional ao longo do \u00faltimo ano, amea\u00e7ando reverter d\u00e9cadas de prote\u00e7\u00e3o ecol\u00f3gica e direitos de comunidades tradicionais.<\/p>\n\n\n\n<p class=\"wp-block-paragraph\">\u200bO monitoramento detalhado pela Agenda Parlamentar 2026 revela que cerca de 70 projetos de lei (PLs) e Propostas de Emenda \u00e0 Constitui\u00e7\u00e3o (PECs) comp\u00f5em a lista de riscos cr\u00edticos. Entre os principais pontos de tens\u00e3o, destaca-se a <strong>PEC 48\/2023<\/strong>, que institui o Marco Temporal para a demarca\u00e7\u00e3o de terras ind\u00edgenas. Ap\u00f3s ser aprovada pelo Senado em dezembro de 2025, a proposta aguarda an\u00e1lise na C\u00e2mara dos Deputados, gerando forte resist\u00eancia de lideran\u00e7as ind\u00edgenas e organismos internacionais.<\/p>\n\n\n\n<p class=\"wp-block-paragraph\">\u200bOutro pilar da den\u00fancia \u00e9 o <strong>PL 2159\/2021<\/strong>, apelidado por ambientalistas de &#8220;PL da Devasta\u00e7\u00e3o&#8221;. O texto, que institui a Lei Geral do Licenciamento Ambiental, foi aprovado no Senado em maio de 2025 e sofreu novos avan\u00e7os na C\u00e2mara no segundo semestre. Segundo as organiza\u00e7\u00f5es, a proposta &#8220;implode&#8221; o sistema de fiscaliza\u00e7\u00e3o ao priorizar o autolicenciamento e criar isen\u00e7\u00f5es autom\u00e1ticas para atividades de grande impacto, como obras de infraestrutura e agroneg\u00f3cio.<\/p>\n\n\n\n<p class=\"wp-block-paragraph\">\u200bAl\u00e9m desses, a agenda para 2026 aponta novas amea\u00e7as emergentes:<\/p>\n\n\n\n<ul class=\"wp-block-list\">\n<li>\u200b<strong>PEC 03\/2022:<\/strong> Visa a transfer\u00eancia de terrenos de marinha para entes privados, o que na pr\u00e1tica poderia resultar na privatiza\u00e7\u00e3o de praias.<\/li>\n\n\n\n<li>\u200b<strong>PL 5082\/2025:<\/strong> Prop\u00f5e o enfraquecimento da Taxa de Controle e Fiscaliza\u00e7\u00e3o Ambiental (TCFA), o que reduziria drasticamente o poder de atua\u00e7\u00e3o do Ibama.<\/li>\n\n\n\n<li>\u200b<strong>PL 50\/2025:<\/strong> Viabiliza a minera\u00e7\u00e3o marinha, abrindo uma nova fronteira de explora\u00e7\u00e3o econ\u00f4mica com riscos ainda pouco calculados para o ecossistema oce\u00e2nico.<\/li>\n<\/ul>\n\n\n\n<p class=\"wp-block-paragraph\">\u200bPara Suely Ara\u00fajo, coordenadora de pol\u00edticas p\u00fablicas do Observat\u00f3rio do Clima, o cen\u00e1rio \u00e9 de &#8220;ataques permanentes e fracionados&#8221; que buscam desidratar a legisla\u00e7\u00e3o ambiental por meio de pequenas altera\u00e7\u00f5es em diversas frentes. As entidades argumentam que a flexibiliza\u00e7\u00e3o das normas ocorre em um momento cr\u00edtico de emerg\u00eancia clim\u00e1tica, agravando a vulnerabilidade do pa\u00eds diante de eventos extremos, como as inunda\u00e7\u00f5es e secas severas registradas recentemente.<\/p>\n\n\n\n<p class=\"wp-block-paragraph\">\u200bA mobiliza\u00e7\u00e3o das organiza\u00e7\u00f5es agora foca em sensibilizar a opini\u00e3o p\u00fablica e pressionar os parlamentares antes do recesso eleitoral de 2026, per\u00edodo em que a tramita\u00e7\u00e3o de projetos pol\u00eamicos costuma ser acelerada. O objetivo \u00e9 impedir que o Brasil consolide retrocessos que possam comprometer metas internacionais de descarboniza\u00e7\u00e3o e a preserva\u00e7\u00e3o de biomas essenciais como a Amaz\u00f4nia, o Cerrado e o Pantanal.<\/p>\n","protected":false},"excerpt":{"rendered":"<p>\u200bOrganiza\u00e7\u00f5es da sociedade civil e movimentos socioambientais intensificaram, nesta primeira semana de mar\u00e7o de 2026, os alertas sobre o chamado &#8220;Pacote da Destrui\u00e7\u00e3o&#8221;. O grupo, [&#8230;]<\/p>\n","protected":false},"author":1,"featured_media":5122,"comment_status":"open","ping_status":"open","sticky":false,"template":"","format":"standard","meta":{"_crdt_document":"","_jetpack_memberships_contains_paid_content":false,"footnotes":"","jetpack_publicize_message":"","jetpack_publicize_feature_enabled":true,"jetpack_social_post_already_shared":true,"jetpack_social_options":{"image_generator_settings":{"template":"highway","default_image_id":0,"font":"","enabled":false},"version":2}},"categories":[32],"tags":[],"class_list":["post-5121","post","type-post","status-publish","format-standard","has-post-thumbnail","hentry","category-meio-ambiente"],"jetpack_publicize_connections":[],"jetpack_featured_media_url":"https:\/\/i0.wp.com\/oexpressobr.com.br\/wp-content\/uploads\/2026\/03\/img_4841.jpg?fit=1170%2C700&ssl=1","jetpack_likes_enabled":true,"jetpack_sharing_enabled":true,"_links":{"self":[{"href":"https:\/\/oexpressobr.com.br\/index.php?rest_route=\/wp\/v2\/posts\/5121","targetHints":{"allow":["GET"]}}],"collection":[{"href":"https:\/\/oexpressobr.com.br\/index.php?rest_route=\/wp\/v2\/posts"}],"about":[{"href":"https:\/\/oexpressobr.com.br\/index.php?rest_route=\/wp\/v2\/types\/post"}],"author":[{"embeddable":true,"href":"https:\/\/oexpressobr.com.br\/index.php?rest_route=\/wp\/v2\/users\/1"}],"replies":[{"embeddable":true,"href":"https:\/\/oexpressobr.com.br\/index.php?rest_route=%2Fwp%2Fv2%2Fcomments&post=5121"}],"version-history":[{"count":1,"href":"https:\/\/oexpressobr.com.br\/index.php?rest_route=\/wp\/v2\/posts\/5121\/revisions"}],"predecessor-version":[{"id":5123,"href":"https:\/\/oexpressobr.com.br\/index.php?rest_route=\/wp\/v2\/posts\/5121\/revisions\/5123"}],"wp:featuredmedia":[{"embeddable":true,"href":"https:\/\/oexpressobr.com.br\/index.php?rest_route=\/wp\/v2\/media\/5122"}],"wp:attachment":[{"href":"https:\/\/oexpressobr.com.br\/index.php?rest_route=%2Fwp%2Fv2%2Fmedia&parent=5121"}],"wp:term":[{"taxonomy":"category","embeddable":true,"href":"https:\/\/oexpressobr.com.br\/index.php?rest_route=%2Fwp%2Fv2%2Fcategories&post=5121"},{"taxonomy":"post_tag","embeddable":true,"href":"https:\/\/oexpressobr.com.br\/index.php?rest_route=%2Fwp%2Fv2%2Ftags&post=5121"}],"curies":[{"name":"wp","href":"https:\/\/api.w.org\/{rel}","templated":true}]}}