{"id":5126,"date":"2026-03-05T07:08:45","date_gmt":"2026-03-05T10:08:45","guid":{"rendered":"https:\/\/oexpressobr.com.br\/?p=5126"},"modified":"2026-03-05T07:08:56","modified_gmt":"2026-03-05T10:08:56","slug":"estados-unidos-se-dividem-entre-ofensiva-militar-e-cautela-diplomatica-no-conflito-contra-o-ira","status":"publish","type":"post","link":"https:\/\/oexpressobr.com.br\/?p=5126","title":{"rendered":"Estados Unidos se dividem entre ofensiva militar e cautela diplom\u00e1tica no conflito contra o Ir\u00e3"},"content":{"rendered":"\n<p class=\"wp-block-paragraph\">\u200bA escalada das tens\u00f5es entre os Estados Unidos e o Ir\u00e3 atingiu um novo patamar cr\u00edtico nesta primeira semana de mar\u00e7o de 2026. Ap\u00f3s a confirma\u00e7\u00e3o de ataques a\u00e9reos americanos contra instala\u00e7\u00f5es nucleares e alvos estrat\u00e9gicos em territ\u00f3rio iraniano, o cen\u00e1rio pol\u00edtico interno em Washington revela uma na\u00e7\u00e3o profundamente fraturada. Enquanto o governo de Donald Trump defende as opera\u00e7\u00f5es como medidas preventivas essenciais, uma parcela significativa da opini\u00e3o p\u00fablica e da classe pol\u00edtica expressa ceticismo quanto aos custos humanos e econ\u00f4micos de uma guerra prolongada.<\/p>\n\n\n\n<p class=\"wp-block-paragraph\">\u200b<strong>A ofensiva de Trump e a resposta de Teer\u00e3<\/strong><\/p>\n\n\n\n<p class=\"wp-block-paragraph\">Recentemente, o presidente Donald Trump justificou a intensifica\u00e7\u00e3o dos bombardeios como uma necessidade para neutralizar a capacidade do Ir\u00e3 de produzir armas nucleares e proteger bases americanas no Oriente M\u00e9dio. O governo afirma que a estrat\u00e9gia de &#8220;press\u00e3o m\u00e1xima&#8221; foi levada ao limite ap\u00f3s o fracasso de negocia\u00e7\u00f5es diplom\u00e1ticas recentes. &#8220;Nossa \u00faltima chance \u00e9 garantir que o Ir\u00e3 nunca tenha armas nucleares&#8221;, declarou Trump, estabelecendo prazos curtos para uma rendi\u00e7\u00e3o diplom\u00e1tica de Teer\u00e3 que, at\u00e9 o momento, n\u00e3o ocorreu.<\/p>\n\n\n\n<p class=\"wp-block-paragraph\">\u200bEm contrapartida, a lideran\u00e7a iraniana, agora sob o comando interino de Alireza Arafi ap\u00f3s relatos da morte de figuras do alto escal\u00e3o, mant\u00e9m uma postura de resist\u00eancia. Teer\u00e3 amea\u00e7a utilizar o Estreito de Ormuz \u2014 por onde passa cerca de 20% do petr\u00f3leo mundial \u2014 como arma econ\u00f4mica, o que j\u00e1 provocou altas imediatas no pre\u00e7o do barril de petr\u00f3leo, superando os US$ 80 e impactando mercados globais, incluindo gigantes da tecnologia como Nvidia e Amazon, que fecharam escrit\u00f3rios no Golfo.<\/p>\n\n\n\n<p class=\"wp-block-paragraph\">\u200b<strong>Divis\u00e3o interna e opini\u00e3o p\u00fablica<\/strong><\/p>\n\n\n\n<p class=\"wp-block-paragraph\">Pesquisas de opini\u00e3o realizadas nos \u00faltimos dias (mar\u00e7o de 2026) mostram um pa\u00eds polarizado. De acordo com dados da Reuters\/Ipsos e Poder360:<\/p>\n\n\n\n<ul class=\"wp-block-list\">\n<li>\u200b<strong>Aprova\u00e7\u00e3o em queda:<\/strong> Apenas 41% dos americanos aprovam a decis\u00e3o inicial de atacar o Ir\u00e3, enquanto 59% desaprovam uma opera\u00e7\u00e3o militar em larga escala.<\/li>\n\n\n\n<li>\u200b<strong>Ceticismo diplom\u00e1tico:<\/strong> Somente 27% dos entrevistados acreditam que o governo esgotou todas as vias diplom\u00e1ticas antes de recorrer \u00e0 for\u00e7a.<\/li>\n\n\n\n<li>\u200b<strong>Divis\u00e3o partid\u00e1ria:<\/strong> Cerca de 77% dos republicanos apoiam as a\u00e7\u00f5es de Trump, em contraste com apenas 18% dos democratas e 32% dos independentes.<\/li>\n<\/ul>\n\n\n\n<p class=\"wp-block-paragraph\">\u200b<strong>Riscos e incertezas futuras<\/strong><\/p>\n\n\n\n<p class=\"wp-block-paragraph\">Analistas militares alertam para o risco de uma &#8220;guerra de atrito&#8221;. Diferente de conflitos anteriores, como no Iraque, o Ir\u00e3 possui uma estrutura de defesa mais robusta e uma rede de aliados regionais (o chamado &#8220;Eixo da Resist\u00eancia&#8221;) que pode ampliar o conflito para pa\u00edses vizinhos como L\u00edbano, Iraque e Jord\u00e2nia.<\/p>\n\n\n\n<p class=\"wp-block-paragraph\">\u200bInternamente, a base &#8220;Am\u00e9rica Primeiro&#8221; de Trump tamb\u00e9m apresenta fissuras; figuras influentes como Steve Bannon alertaram para os perigos de os EUA se atolarem em mais uma guerra intermin\u00e1vel no Oriente M\u00e9dio, o que poderia comprometer a agenda dom\u00e9stica e econ\u00f4mica do governo.<\/p>\n\n\n\n<p class=\"wp-block-paragraph\">\u200bEnquanto a Casa Branca sinaliza que a &#8220;grande onda&#8221; de ataques ainda est\u00e1 por vir, a comunidade internacional, liderada pela Uni\u00e3o Europeia e pa\u00edses como o Brasil, clama por conten\u00e7\u00e3o. O futuro da ordem global e a estabilidade econ\u00f4mica dos Estados Unidos dependem agora de qu\u00e3o longe Washington est\u00e1 disposto a ir nesta queda de bra\u00e7o com Teer\u00e3.<\/p>\n","protected":false},"excerpt":{"rendered":"<p>\u200bA escalada das tens\u00f5es entre os Estados Unidos e o Ir\u00e3 atingiu um novo patamar cr\u00edtico nesta primeira semana de mar\u00e7o de 2026. Ap\u00f3s a [&#8230;]<\/p>\n","protected":false},"author":1,"featured_media":5127,"comment_status":"open","ping_status":"open","sticky":false,"template":"","format":"standard","meta":{"_crdt_document":"","_jetpack_memberships_contains_paid_content":false,"footnotes":"","jetpack_publicize_message":"","jetpack_publicize_feature_enabled":true,"jetpack_social_post_already_shared":true,"jetpack_social_options":{"image_generator_settings":{"template":"highway","default_image_id":0,"font":"","enabled":false},"version":2}},"categories":[15],"tags":[],"class_list":["post-5126","post","type-post","status-publish","format-standard","has-post-thumbnail","hentry","category-internacional"],"jetpack_publicize_connections":[],"jetpack_featured_media_url":"https:\/\/i0.wp.com\/oexpressobr.com.br\/wp-content\/uploads\/2026\/03\/2026-02-28t020344z_1233186423_rc2pujad4f1j_rtrmadp_3_usa-trump.webp?fit=1170%2C700&ssl=1","jetpack_likes_enabled":true,"jetpack_sharing_enabled":true,"_links":{"self":[{"href":"https:\/\/oexpressobr.com.br\/index.php?rest_route=\/wp\/v2\/posts\/5126","targetHints":{"allow":["GET"]}}],"collection":[{"href":"https:\/\/oexpressobr.com.br\/index.php?rest_route=\/wp\/v2\/posts"}],"about":[{"href":"https:\/\/oexpressobr.com.br\/index.php?rest_route=\/wp\/v2\/types\/post"}],"author":[{"embeddable":true,"href":"https:\/\/oexpressobr.com.br\/index.php?rest_route=\/wp\/v2\/users\/1"}],"replies":[{"embeddable":true,"href":"https:\/\/oexpressobr.com.br\/index.php?rest_route=%2Fwp%2Fv2%2Fcomments&post=5126"}],"version-history":[{"count":1,"href":"https:\/\/oexpressobr.com.br\/index.php?rest_route=\/wp\/v2\/posts\/5126\/revisions"}],"predecessor-version":[{"id":5128,"href":"https:\/\/oexpressobr.com.br\/index.php?rest_route=\/wp\/v2\/posts\/5126\/revisions\/5128"}],"wp:featuredmedia":[{"embeddable":true,"href":"https:\/\/oexpressobr.com.br\/index.php?rest_route=\/wp\/v2\/media\/5127"}],"wp:attachment":[{"href":"https:\/\/oexpressobr.com.br\/index.php?rest_route=%2Fwp%2Fv2%2Fmedia&parent=5126"}],"wp:term":[{"taxonomy":"category","embeddable":true,"href":"https:\/\/oexpressobr.com.br\/index.php?rest_route=%2Fwp%2Fv2%2Fcategories&post=5126"},{"taxonomy":"post_tag","embeddable":true,"href":"https:\/\/oexpressobr.com.br\/index.php?rest_route=%2Fwp%2Fv2%2Ftags&post=5126"}],"curies":[{"name":"wp","href":"https:\/\/api.w.org\/{rel}","templated":true}]}}