{"id":5131,"date":"2026-03-05T07:21:55","date_gmt":"2026-03-05T10:21:55","guid":{"rendered":"https:\/\/oexpressobr.com.br\/?p=5131"},"modified":"2026-03-05T07:22:03","modified_gmt":"2026-03-05T10:22:03","slug":"queda-de-energia-causa-morte-de-20-mil-frangos","status":"publish","type":"post","link":"https:\/\/oexpressobr.com.br\/?p=5131","title":{"rendered":"Queda de energia causa morte de 20 mil frangos"},"content":{"rendered":"\n<p class=\"wp-block-paragraph\">Uma falha no fornecimento de eletricidade interrompeu o sistema de climatiza\u00e7\u00e3o de um avi\u00e1rio na comunidade de <strong>Santa Rosa do Oco\u00ed<\/strong>, em S\u00e3o Miguel do Igua\u00e7u, no oeste do Paran\u00e1, resultando na morte de <strong>20 mil aves<\/strong> na \u00faltima ter\u00e7a-feira (3). A fam\u00edlia Bogo, propriet\u00e1ria da granja, estima um preju\u00edzo financeiro superior a <strong>R$ 150 mil<\/strong>.<\/p>\n\n\n\n<h3 class=\"wp-block-heading\">\u200bO incidente e os impactos<\/h3>\n\n\n\n<p class=\"wp-block-paragraph\">\u200bAs aves, que estavam com 26 dias de vida, morreram por estresse t\u00e9rmico em quest\u00e3o de minutos ap\u00f3s a interrup\u00e7\u00e3o da ventila\u00e7\u00e3o. Segundo a produtora <strong>Cec\u00edlia Borgo<\/strong>, a rede el\u00e9trica apresentou oscila\u00e7\u00f5es que impediram o funcionamento adequado do gerador da propriedade.<\/p>\n\n\n\n<blockquote class=\"wp-block-quote is-layout-flow wp-block-quote-is-layout-flow\">\n<p class=\"wp-block-paragraph\">\u200b&#8221;A luz deu v\u00e1rias oscila\u00e7\u00f5es e o gerador come\u00e7ou a funcionar. Em quest\u00e3o de 20 minutos, os frangos j\u00e1 estavam praticamente todos mortos. Sem ventila\u00e7\u00e3o, o ambiente esquenta r\u00e1pido demais&#8221;, relatou a produtora.<\/p>\n<\/blockquote>\n\n\n\n<h3 class=\"wp-block-heading\">\u200bPosicionamento da Copel<\/h3>\n\n\n\n<p class=\"wp-block-paragraph\">\u200bA Companhia Paranaense de Energia (Copel) informou que o desligamento foi causado pelo <strong>rompimento de um cabo<\/strong>, o que deixou a unidade sem energia por 17 minutos (entre 11h16 e 11h33). A concession\u00e1ria destacou que as redes a\u00e9reas est\u00e3o sujeitas a interfer\u00eancias externas, como vegeta\u00e7\u00e3o, e que tem investido em tecnologias para minimizar esses epis\u00f3dios.<\/p>\n\n\n\n<h3 class=\"wp-block-heading\">\u200bContexto: crise de energia no campo paranaense<\/h3>\n\n\n\n<p class=\"wp-block-paragraph\">\u200bO caso em S\u00e3o Miguel do Igua\u00e7u n\u00e3o \u00e9 isolado. Em mar\u00e7o de 2026, o agroneg\u00f3cio paranaense enfrenta um gargalo estrutural cr\u00edtico:<\/p>\n\n\n\n<ul class=\"wp-block-list\">\n<li>\u200b<strong>Piscicultura em crise:<\/strong> Recentemente, um produtor em Tup\u00e3ssi (PR) registrou a perda de <strong>900 toneladas de til\u00e1pias<\/strong> (preju\u00edzo de R$ 9 milh\u00f5es) tamb\u00e9m por falhas na rede el\u00e9trica.<\/li>\n\n\n\n<li>\u200b<strong>Press\u00e3o do setor:<\/strong> A Federa\u00e7\u00e3o da Agricultura do Estado do Paran\u00e1 (FAEP) tem intensificado as cobran\u00e7as \u00e0 Copel, apontando que, embora a empresa registre lucros bilion\u00e1rios, a qualidade do servi\u00e7o no meio rural tem apresentado queda, com demora no atendimento t\u00e9cnico.<\/li>\n\n\n\n<li>\u200b<strong>Custos extras:<\/strong> Para tentar proteger a produ\u00e7\u00e3o, avicultores est\u00e3o elevando seus custos operacionais com o uso cont\u00ednuo de geradores a diesel, o que pode refletir no pre\u00e7o final do frango ao consumidor.<\/li>\n<\/ul>\n","protected":false},"excerpt":{"rendered":"<p>Uma falha no fornecimento de eletricidade interrompeu o sistema de climatiza\u00e7\u00e3o de um avi\u00e1rio na comunidade de Santa Rosa do Oco\u00ed, em S\u00e3o Miguel do [&#8230;]<\/p>\n","protected":false},"author":1,"featured_media":5132,"comment_status":"open","ping_status":"open","sticky":false,"template":"","format":"standard","meta":{"_crdt_document":"","_jetpack_memberships_contains_paid_content":false,"footnotes":"","jetpack_publicize_message":"","jetpack_publicize_feature_enabled":true,"jetpack_social_post_already_shared":true,"jetpack_social_options":{"image_generator_settings":{"template":"highway","default_image_id":0,"font":"","enabled":false},"version":2}},"categories":[5],"tags":[],"class_list":["post-5131","post","type-post","status-publish","format-standard","has-post-thumbnail","hentry","category-parana"],"jetpack_publicize_connections":[],"jetpack_featured_media_url":"https:\/\/i0.wp.com\/oexpressobr.com.br\/wp-content\/uploads\/2026\/03\/g1-pr-44-.jpeg?fit=984%2C553&ssl=1","jetpack_likes_enabled":true,"jetpack_sharing_enabled":true,"_links":{"self":[{"href":"https:\/\/oexpressobr.com.br\/index.php?rest_route=\/wp\/v2\/posts\/5131","targetHints":{"allow":["GET"]}}],"collection":[{"href":"https:\/\/oexpressobr.com.br\/index.php?rest_route=\/wp\/v2\/posts"}],"about":[{"href":"https:\/\/oexpressobr.com.br\/index.php?rest_route=\/wp\/v2\/types\/post"}],"author":[{"embeddable":true,"href":"https:\/\/oexpressobr.com.br\/index.php?rest_route=\/wp\/v2\/users\/1"}],"replies":[{"embeddable":true,"href":"https:\/\/oexpressobr.com.br\/index.php?rest_route=%2Fwp%2Fv2%2Fcomments&post=5131"}],"version-history":[{"count":1,"href":"https:\/\/oexpressobr.com.br\/index.php?rest_route=\/wp\/v2\/posts\/5131\/revisions"}],"predecessor-version":[{"id":5133,"href":"https:\/\/oexpressobr.com.br\/index.php?rest_route=\/wp\/v2\/posts\/5131\/revisions\/5133"}],"wp:featuredmedia":[{"embeddable":true,"href":"https:\/\/oexpressobr.com.br\/index.php?rest_route=\/wp\/v2\/media\/5132"}],"wp:attachment":[{"href":"https:\/\/oexpressobr.com.br\/index.php?rest_route=%2Fwp%2Fv2%2Fmedia&parent=5131"}],"wp:term":[{"taxonomy":"category","embeddable":true,"href":"https:\/\/oexpressobr.com.br\/index.php?rest_route=%2Fwp%2Fv2%2Fcategories&post=5131"},{"taxonomy":"post_tag","embeddable":true,"href":"https:\/\/oexpressobr.com.br\/index.php?rest_route=%2Fwp%2Fv2%2Ftags&post=5131"}],"curies":[{"name":"wp","href":"https:\/\/api.w.org\/{rel}","templated":true}]}}