{"id":5137,"date":"2026-03-05T07:33:18","date_gmt":"2026-03-05T10:33:18","guid":{"rendered":"https:\/\/oexpressobr.com.br\/?p=5137"},"modified":"2026-03-05T07:33:28","modified_gmt":"2026-03-05T10:33:28","slug":"mourao-morre-apos-tentativa-de-suicidio-em-cela-da-policia-federal","status":"publish","type":"post","link":"https:\/\/oexpressobr.com.br\/?p=5137","title":{"rendered":"Mour\u00e3o morre ap\u00f3s tentativa de suic\u00eddio em cela da Pol\u00edcia Federal"},"content":{"rendered":"\n<p class=\"wp-block-paragraph\">\u200bO investigado Luiz Phillipi Machado de Moraes Mour\u00e3o, de 43 anos, apontado pela Pol\u00edcia Federal como o bra\u00e7o direito e &#8220;sic\u00e1rio&#8221; do banqueiro Daniel Vorcaro, dono do Banco Master, teve sua morte confirmada ap\u00f3s uma tentativa de suic\u00eddio na \u00faltima quarta-feira (4). Mour\u00e3o estava sob cust\u00f3dia na Superintend\u00eancia Regional da PF em Belo Horizonte, Minas Gerais, no \u00e2mbito da terceira fase da Opera\u00e7\u00e3o Compliance Zero.<\/p>\n\n\n\n<p class=\"wp-block-paragraph\">\u200bDe acordo com informa\u00e7\u00f5es oficiais, agentes federais encontraram Mour\u00e3o desacordado em sua cela por volta das 15h, logo ap\u00f3s o t\u00e9rmino de uma oitiva com seus advogados. A equipe realizou manobras de reanima\u00e7\u00e3o e acionou o SAMU, que o encaminhou ao Hospital Jo\u00e3o XXIII. No entanto, o hospital deu in\u00edcio ao protocolo de morte cerebral ainda na noite de quarta-feira, e o \u00f3bito foi posteriormente confirmado.<\/p>\n\n\n\n<h3 class=\"wp-block-heading\">\u200bQuem era o &#8216;Sic\u00e1rio&#8217; e sua liga\u00e7\u00e3o com Vorcaro<\/h3>\n\n\n\n<p class=\"wp-block-paragraph\">\u200bConhecido pelo apelido de &#8220;Sic\u00e1rio&#8221;, Luiz Phillipi era pe\u00e7a-chave nas investiga\u00e7\u00f5es sobre o Banco Master. Segundo o relat\u00f3rio da Pol\u00edcia Federal, ele chefiava um grupo clandestino denominado &#8220;A Turma&#8221;, respons\u00e1vel por intimidar desafetos, monitorar concorrentes e perseguir jornalistas cr\u00edticos ao banqueiro.<\/p>\n\n\n\n<p class=\"wp-block-paragraph\">\u200bAs investiga\u00e7\u00f5es do STF, relatadas pelo ministro Andr\u00e9 Mendon\u00e7a, revelaram mensagens alarmantes entre Mour\u00e3o e Daniel Vorcaro. Em um dos di\u00e1logos, Vorcaro teria expressado o desejo de &#8220;dar um pau&#8221; e &#8220;quebrar todos os dentes&#8221; do jornalista Lauro Jardim, do jornal <em>O Globo<\/em>, durante um suposto assalto simulado. Mour\u00e3o respondia \u00e0s ordens de monitoramento e coa\u00e7\u00e3o com prontid\u00e3o, chegando a pesquisar endere\u00e7os de ex-funcion\u00e1rios e at\u00e9 de uma empregada dom\u00e9stica que o banqueiro desejava &#8220;moer&#8221;.<\/p>\n\n\n\n<h3 class=\"wp-block-heading\">\u200bA Opera\u00e7\u00e3o Compliance Zero<\/h3>\n\n\n\n<p class=\"wp-block-paragraph\">\u200bA pris\u00e3o de Mour\u00e3o e a nova pris\u00e3o preventiva de Daniel Vorcaro ocorreram devido a novas evid\u00eancias de que o grupo mantinha uma estrutura de &#8220;mil\u00edcia privada&#8221; para garantir a impunidade e o silenciamento de testemunhas. Al\u00e9m das amea\u00e7as f\u00edsicas, a PF sustenta que Mour\u00e3o tinha acesso ilegal a sistemas restritos de \u00f3rg\u00e3os p\u00fablicos e at\u00e9 de institui\u00e7\u00f5es internacionais como a Interpol e o FBI.<\/p>\n\n\n\n<p class=\"wp-block-paragraph\">\u200bA Pol\u00edcia Federal comunicou o falecimento ao gabinete do ministro Andr\u00e9 Mendon\u00e7a e informou que abrir\u00e1 um procedimento administrativo para apurar as circunst\u00e2ncias do ocorrido dentro da carceragem. Registros em v\u00eddeo da din\u00e2mica do incidente ser\u00e3o entregues \u00e0 justi\u00e7a. A morte de Mour\u00e3o \u00e9 vista como um golpe nas investiga\u00e7\u00f5es, uma vez que ele era considerado o executor direto das ordens violentas da organiza\u00e7\u00e3o criminosa.<\/p>\n","protected":false},"excerpt":{"rendered":"<p>\u200bO investigado Luiz Phillipi Machado de Moraes Mour\u00e3o, de 43 anos, apontado pela Pol\u00edcia Federal como o bra\u00e7o direito e &#8220;sic\u00e1rio&#8221; do banqueiro Daniel Vorcaro, [&#8230;]<\/p>\n","protected":false},"author":1,"featured_media":5138,"comment_status":"open","ping_status":"open","sticky":false,"template":"","format":"standard","meta":{"_crdt_document":"","_jetpack_memberships_contains_paid_content":false,"footnotes":"","jetpack_publicize_message":"","jetpack_publicize_feature_enabled":true,"jetpack_social_post_already_shared":true,"jetpack_social_options":{"image_generator_settings":{"template":"highway","default_image_id":0,"font":"","enabled":false},"version":2}},"categories":[9],"tags":[],"class_list":["post-5137","post","type-post","status-publish","format-standard","has-post-thumbnail","hentry","category-policia"],"jetpack_publicize_connections":[],"jetpack_featured_media_url":"https:\/\/i0.wp.com\/oexpressobr.com.br\/wp-content\/uploads\/2026\/03\/IMG-20260305-WA0067.jpg?fit=552%2C552&ssl=1","jetpack_likes_enabled":true,"jetpack_sharing_enabled":true,"_links":{"self":[{"href":"https:\/\/oexpressobr.com.br\/index.php?rest_route=\/wp\/v2\/posts\/5137","targetHints":{"allow":["GET"]}}],"collection":[{"href":"https:\/\/oexpressobr.com.br\/index.php?rest_route=\/wp\/v2\/posts"}],"about":[{"href":"https:\/\/oexpressobr.com.br\/index.php?rest_route=\/wp\/v2\/types\/post"}],"author":[{"embeddable":true,"href":"https:\/\/oexpressobr.com.br\/index.php?rest_route=\/wp\/v2\/users\/1"}],"replies":[{"embeddable":true,"href":"https:\/\/oexpressobr.com.br\/index.php?rest_route=%2Fwp%2Fv2%2Fcomments&post=5137"}],"version-history":[{"count":1,"href":"https:\/\/oexpressobr.com.br\/index.php?rest_route=\/wp\/v2\/posts\/5137\/revisions"}],"predecessor-version":[{"id":5139,"href":"https:\/\/oexpressobr.com.br\/index.php?rest_route=\/wp\/v2\/posts\/5137\/revisions\/5139"}],"wp:featuredmedia":[{"embeddable":true,"href":"https:\/\/oexpressobr.com.br\/index.php?rest_route=\/wp\/v2\/media\/5138"}],"wp:attachment":[{"href":"https:\/\/oexpressobr.com.br\/index.php?rest_route=%2Fwp%2Fv2%2Fmedia&parent=5137"}],"wp:term":[{"taxonomy":"category","embeddable":true,"href":"https:\/\/oexpressobr.com.br\/index.php?rest_route=%2Fwp%2Fv2%2Fcategories&post=5137"},{"taxonomy":"post_tag","embeddable":true,"href":"https:\/\/oexpressobr.com.br\/index.php?rest_route=%2Fwp%2Fv2%2Ftags&post=5137"}],"curies":[{"name":"wp","href":"https:\/\/api.w.org\/{rel}","templated":true}]}}