{"id":514,"date":"2025-12-10T03:43:34","date_gmt":"2025-12-10T06:43:34","guid":{"rendered":"https:\/\/oexpressobr.com.br\/?p=514"},"modified":"2025-12-10T03:43:35","modified_gmt":"2025-12-10T06:43:35","slug":"trump-e-maduro-tensao-escala-com-ameacas-militares-e-planos-para-o-pos-regime","status":"publish","type":"post","link":"https:\/\/oexpressobr.com.br\/?p=514","title":{"rendered":"Trump e Maduro: Tens\u00e3o Escala com Amea\u00e7as Militares e Planos para o P\u00f3s-Regime"},"content":{"rendered":"\n<p class=\"wp-block-paragraph\">\u200bO presidente dos Estados Unidos, Donald Trump, elevou o tom das amea\u00e7as contra o l\u00edder venezuelano Nicol\u00e1s Maduro, afirmando em entrevista ao jornal americano <em>Politico<\/em> que o mandat\u00e1rio de Caracas tem os <strong>&#8220;dias contados&#8221;<\/strong>. A declara\u00e7\u00e3o ocorre em um cen\u00e1rio de crescente press\u00e3o de Washington e de movimenta\u00e7\u00f5es militares que transcendem a Venezuela, mirando tamb\u00e9m a\u00e7\u00f5es de combate ao narcotr\u00e1fico em outros pa\u00edses da Am\u00e9rica Latina.<\/p>\n\n\n\n<p class=\"wp-block-paragraph\">\u200bQuestionado sobre a possibilidade de uma interven\u00e7\u00e3o militar terrestre na Venezuela, Trump <strong>evitou negar ou confirmar<\/strong>, mantendo o mist\u00e9rio sobre a estrat\u00e9gia militar americana, mas reiterando o risco real de invas\u00e3o. &#8220;N\u00e3o quero confirmar nem descartar. N\u00e3o falo sobre isso&#8221;, disse o republicano. Fontes de Washington, no entanto, indicam que o governo Trump j\u00e1 elabora planos para o <strong>&#8220;dia depois&#8221;<\/strong> da queda de Maduro, considerando uma transi\u00e7\u00e3o de poder na na\u00e7\u00e3o sul-americana. A situa\u00e7\u00e3o levou Maduro a exaltar a for\u00e7a militar da Venezuela, refor\u00e7ando a defesa do pa\u00eds em meio \u00e0 press\u00e3o.<\/p>\n\n\n\n<h3 class=\"wp-block-heading\">\u200b<strong>A\u00e7\u00f5es Militares Ampliadas e o Narcotr\u00e1fico<\/strong><\/h3>\n\n\n\n<p class=\"wp-block-paragraph\">\u200bAl\u00e9m da crise venezuelana, Trump indicou que as a\u00e7\u00f5es militares dos EUA na Am\u00e9rica Latina podem ser <strong>ampliadas contra alvos ligados ao narcotr\u00e1fico<\/strong>, citando expressamente <strong>M\u00e9xico<\/strong> e <strong>Col\u00f4mbia<\/strong>. O presidente americano afirmou que consideraria usar for\u00e7a contra alvos em outros pa\u00edses com forte atua\u00e7\u00e3o do narcotr\u00e1fico.<\/p>\n\n\n\n<p class=\"wp-block-paragraph\">\u200bEm linha com essa postura, o governo americano tem intensificado opera\u00e7\u00f5es antidrogas no Caribe e no Pac\u00edfico, com a mobiliza\u00e7\u00e3o de for\u00e7as navais e a\u00e9reas. H\u00e1 relatos de ataques contra supostas embarca\u00e7\u00f5es de contrabando. Trump chegou a sugerir que <strong>a\u00e7\u00f5es terrestres<\/strong> seriam o pr\u00f3ximo passo na ofensiva contra os cart\u00e9is na regi\u00e3o.<\/p>\n\n\n\n<p class=\"wp-block-paragraph\">\u200bO presidente da Col\u00f4mbia, Gustavo Petro, tem se manifestado de forma cr\u00edtica \u00e0 opera\u00e7\u00e3o americana, chegando a ser alvo de san\u00e7\u00f5es de Washington. J\u00e1 a l\u00edder mexicana, Claudia Sheinbaum, embora evite medidas mais dr\u00e1sticas, protagonizou embates com os EUA sobre imigra\u00e7\u00e3o e combate ao narcotr\u00e1fico. O M\u00e9xico, inclusive, afirmou ter recusado uma oferta anterior de Trump para o envio de tropas americanas.<\/p>\n\n\n\n<h3 class=\"wp-block-heading\">\u200b<strong>Controv\u00e9rsias e Negocia\u00e7\u00f5es nos Bastidores<\/strong><\/h3>\n\n\n\n<p class=\"wp-block-paragraph\">\u200bA postura agressiva de Trump, que inclui a imposi\u00e7\u00e3o de san\u00e7\u00f5es, oferta de recompensas pela captura de Maduro e a designa\u00e7\u00e3o do Cartel de los Soles como grupo terrorista estrangeiro, contrasta com um recente <strong>telefonema &#8220;respeitoso e cordial&#8221;<\/strong> entre os dois l\u00edderes.<\/p>\n\n\n\n<p class=\"wp-block-paragraph\">\u200bAnalistas interpretam essa escalada e o subsequente recuo, mesmo que moment\u00e2neo, como parte de um processo de <strong>barganha<\/strong>. A amea\u00e7a militar seria usada para obter concess\u00f5es econ\u00f4micas e pol\u00edticas de Caracas, especialmente em rela\u00e7\u00e3o ao petr\u00f3leo, recurso que Trump frequentemente cita como central na rela\u00e7\u00e3o com a Venezuela. Enquanto Trump pressiona por uma &#8220;sa\u00edda negociada&#8221; ou for\u00e7ada, Maduro busca sobreviver no poder.<\/p>\n\n\n\n<p class=\"wp-block-paragraph\">\u200bA nova Estrat\u00e9gia Nacional de Seguran\u00e7a de Washington refor\u00e7a a volta de uma pol\u00edtica externa mais voltada para a regi\u00e3o, visando <strong>reviver a Doutrina Monroe<\/strong> e fazer do controle das fronteiras um elemento principal da seguran\u00e7a dos EUA.<\/p>\n","protected":false},"excerpt":{"rendered":"<p>\u200bO presidente dos Estados Unidos, Donald Trump, elevou o tom das amea\u00e7as contra o l\u00edder venezuelano Nicol\u00e1s Maduro, afirmando em entrevista ao jornal americano Politico [&#8230;]<\/p>\n","protected":false},"author":1,"featured_media":515,"comment_status":"open","ping_status":"open","sticky":false,"template":"","format":"standard","meta":{"_crdt_document":"","_jetpack_memberships_contains_paid_content":false,"footnotes":"","jetpack_publicize_message":"","jetpack_publicize_feature_enabled":true,"jetpack_social_post_already_shared":false,"jetpack_social_options":{"image_generator_settings":{"template":"highway","default_image_id":0,"font":"","enabled":false},"version":2}},"categories":[15],"tags":[],"class_list":["post-514","post","type-post","status-publish","format-standard","has-post-thumbnail","hentry","category-internacional"],"jetpack_publicize_connections":[],"jetpack_featured_media_url":"https:\/\/i0.wp.com\/oexpressobr.com.br\/wp-content\/uploads\/2025\/12\/IMG-20251209-WA0244.jpg?fit=1080%2C1350&ssl=1","jetpack_likes_enabled":true,"jetpack_sharing_enabled":true,"_links":{"self":[{"href":"https:\/\/oexpressobr.com.br\/index.php?rest_route=\/wp\/v2\/posts\/514","targetHints":{"allow":["GET"]}}],"collection":[{"href":"https:\/\/oexpressobr.com.br\/index.php?rest_route=\/wp\/v2\/posts"}],"about":[{"href":"https:\/\/oexpressobr.com.br\/index.php?rest_route=\/wp\/v2\/types\/post"}],"author":[{"embeddable":true,"href":"https:\/\/oexpressobr.com.br\/index.php?rest_route=\/wp\/v2\/users\/1"}],"replies":[{"embeddable":true,"href":"https:\/\/oexpressobr.com.br\/index.php?rest_route=%2Fwp%2Fv2%2Fcomments&post=514"}],"version-history":[{"count":0,"href":"https:\/\/oexpressobr.com.br\/index.php?rest_route=\/wp\/v2\/posts\/514\/revisions"}],"wp:featuredmedia":[{"embeddable":true,"href":"https:\/\/oexpressobr.com.br\/index.php?rest_route=\/wp\/v2\/media\/515"}],"wp:attachment":[{"href":"https:\/\/oexpressobr.com.br\/index.php?rest_route=%2Fwp%2Fv2%2Fmedia&parent=514"}],"wp:term":[{"taxonomy":"category","embeddable":true,"href":"https:\/\/oexpressobr.com.br\/index.php?rest_route=%2Fwp%2Fv2%2Fcategories&post=514"},{"taxonomy":"post_tag","embeddable":true,"href":"https:\/\/oexpressobr.com.br\/index.php?rest_route=%2Fwp%2Fv2%2Ftags&post=514"}],"curies":[{"name":"wp","href":"https:\/\/api.w.org\/{rel}","templated":true}]}}