{"id":5140,"date":"2026-03-05T07:39:58","date_gmt":"2026-03-05T10:39:58","guid":{"rendered":"https:\/\/oexpressobr.com.br\/?p=5140"},"modified":"2026-03-05T07:40:15","modified_gmt":"2026-03-05T10:40:15","slug":"trump-e-netanyahu-ordenam-ofensiva-contra-o-ira-para-impedir-bomba-nuclear-iminente","status":"publish","type":"post","link":"https:\/\/oexpressobr.com.br\/?p=5140","title":{"rendered":"Trump e Netanyahu ordenam ofensiva contra o Ir\u00e3 para impedir bomba nuclear iminente"},"content":{"rendered":"\n<p class=\"wp-block-paragraph\"><strong>WASHINGTON<\/strong> \u2013 Em uma escalada militar sem precedentes no Oriente M\u00e9dio, o presidente dos Estados Unidos, Donald Trump, justificou o in\u00edcio da &#8220;Opera\u00e7\u00e3o Epic Fury&#8221; (F\u00faria \u00c9pica) com a afirma\u00e7\u00e3o de que o regime iraniano estaria a apenas duas semanas de obter uma arma nuclear. A ofensiva, realizada em conjunto com Israel sob as ordens do primeiro-ministro Benjamin Netanyahu, teve como alvos principais instala\u00e7\u00f5es de enriquecimento de ur\u00e2nio, bases de m\u00edsseis e o alto comando da Rep\u00fablica Isl\u00e2mica.<\/p>\n\n\n\n<p class=\"wp-block-paragraph\">\u200bDe acordo com declara\u00e7\u00f5es recentes de Trump, o ataque foi uma medida de &#8220;seguran\u00e7a global&#8221; necess\u00e1ria ap\u00f3s o colapso das negocia\u00e7\u00f5es diplom\u00e1ticas que se arrastavam desde 2025. &#8220;Se n\u00e3o tiv\u00e9ssemos agido agora, teriam uma arma nuclear em duas semanas e o mundo enfrentaria uma amea\u00e7a intoler\u00e1vel&#8221;, afirmou o republicano em pronunciamento na Casa Branca.<\/p>\n\n\n\n<h3 class=\"wp-block-heading\">\u200bO cen\u00e1rio atual e as \u00faltimas novidades<\/h3>\n\n\n\n<p class=\"wp-block-paragraph\">\u200bA situa\u00e7\u00e3o na regi\u00e3o atingiu o ponto de ebuli\u00e7\u00e3o nos primeiros dias de mar\u00e7o de 2026. Confira os desdobramentos mais recentes:<\/p>\n\n\n\n<ul class=\"wp-block-list\">\n<li>\u200b<strong>Morte do L\u00edder Supremo:<\/strong> Relat\u00f3rios da m\u00eddia estatal iraniana e confirmados por fontes de intelig\u00eancia ocidentais indicam que o aiatol\u00e1 Ali Khamenei foi morto durante os bombardeios iniciais. Trump referiu-se ao epis\u00f3dio afirmando que a lideran\u00e7a militar do Ir\u00e3 foi &#8220;aniquilada em uma hora&#8221;.<\/li>\n\n\n\n<li>\u200b<strong>Destrui\u00e7\u00e3o Naval e Nuclear:<\/strong> O Pent\u00e1gono informou que a marinha iraniana foi virtualmente eliminada e que as principais centr\u00edfugas em Fordow e Natanz sofreram danos severos. Trump alegou que o Ir\u00e3 estava reconstruindo o programa &#8220;secretamente&#8221; em locais n\u00e3o declarados, o que motivou a nova onda de ataques.<\/li>\n\n\n\n<li>\u200b<strong>Retalia\u00e7\u00e3o Iraniana:<\/strong> Em resposta, o Ir\u00e3 declarou &#8220;guerra total&#8221; e lan\u00e7ou m\u00edsseis contra bases americanas no Kuwait, Catar e Bahrein, al\u00e9m de ataques diretos contra Israel. O governo iraniano negou que estivesse fabricando uma bomba e classificou a a\u00e7\u00e3o como uma &#8220;agress\u00e3o ilegal&#8221; baseada em mentiras.<\/li>\n\n\n\n<li>\u200b<strong>Dura\u00e7\u00e3o da Ofensiva:<\/strong> Embora inicialmente Trump tenha previsto uma opera\u00e7\u00e3o de quatro a cinco semanas, ele declarou nesta semana que os EUA t\u00eam capacidade para manter a ofensiva &#8220;pelo tempo que for necess\u00e1rio&#8221; para garantir que o regime n\u00e3o possa se rearmar.<\/li>\n<\/ul>\n\n\n\n<h3 class=\"wp-block-heading\">\u200bCr\u00edticas e Diverg\u00eancias<\/h3>\n\n\n\n<p class=\"wp-block-paragraph\">\u200bApesar da ret\u00f3rica agressiva de Trump, especialistas e ag\u00eancias internacionais apresentam vis\u00f5es conflitantes. Relat\u00f3rios da Ag\u00eancia Internacional de Energia At\u00f4mica (AIEA) de mar\u00e7o de 2026 indicavam que, embora o enriquecimento de ur\u00e2nio estivesse em n\u00edveis preocupantes, n\u00e3o havia evid\u00eancias de um programa estruturado de fabrica\u00e7\u00e3o de ogivas. Al\u00e9m disso, a comunidade de intelig\u00eancia dos EUA havia negado meses antes que uma constru\u00e7\u00e3o de arma estivesse em curso, o que levantou questionamentos no Congresso americano sobre a legalidade da guerra de &#8220;escolha&#8221; iniciada pela administra\u00e7\u00e3o Trump.<\/p>\n\n\n\n<p class=\"wp-block-paragraph\">\u200bEnquanto Israel celebra a degrada\u00e7\u00e3o das capacidades de seu maior inimigo, l\u00edderes globais da China e da R\u00fassia condenaram o ataque, alertando para o risco de uma corrida nuclear descontrolada caso o que reste do governo iraniano decida que a \u00fanica forma de sobreviv\u00eancia \u00e9, de fato, a posse de armas de destrui\u00e7\u00e3o em massa.<\/p>\n","protected":false},"excerpt":{"rendered":"<p>WASHINGTON \u2013 Em uma escalada militar sem precedentes no Oriente M\u00e9dio, o presidente dos Estados Unidos, Donald Trump, justificou o in\u00edcio da &#8220;Opera\u00e7\u00e3o Epic Fury&#8221; [&#8230;]<\/p>\n","protected":false},"author":1,"featured_media":5141,"comment_status":"open","ping_status":"open","sticky":false,"template":"","format":"standard","meta":{"_crdt_document":"","_jetpack_memberships_contains_paid_content":false,"footnotes":"","jetpack_publicize_message":"","jetpack_publicize_feature_enabled":true,"jetpack_social_post_already_shared":true,"jetpack_social_options":{"image_generator_settings":{"template":"highway","default_image_id":0,"font":"","enabled":false},"version":2}},"categories":[15],"tags":[],"class_list":["post-5140","post","type-post","status-publish","format-standard","has-post-thumbnail","hentry","category-internacional"],"jetpack_publicize_connections":[],"jetpack_featured_media_url":"https:\/\/i0.wp.com\/oexpressobr.com.br\/wp-content\/uploads\/2026\/03\/IMG-20260305-WA0070.jpg?fit=900%2C600&ssl=1","jetpack_likes_enabled":true,"jetpack_sharing_enabled":true,"_links":{"self":[{"href":"https:\/\/oexpressobr.com.br\/index.php?rest_route=\/wp\/v2\/posts\/5140","targetHints":{"allow":["GET"]}}],"collection":[{"href":"https:\/\/oexpressobr.com.br\/index.php?rest_route=\/wp\/v2\/posts"}],"about":[{"href":"https:\/\/oexpressobr.com.br\/index.php?rest_route=\/wp\/v2\/types\/post"}],"author":[{"embeddable":true,"href":"https:\/\/oexpressobr.com.br\/index.php?rest_route=\/wp\/v2\/users\/1"}],"replies":[{"embeddable":true,"href":"https:\/\/oexpressobr.com.br\/index.php?rest_route=%2Fwp%2Fv2%2Fcomments&post=5140"}],"version-history":[{"count":1,"href":"https:\/\/oexpressobr.com.br\/index.php?rest_route=\/wp\/v2\/posts\/5140\/revisions"}],"predecessor-version":[{"id":5142,"href":"https:\/\/oexpressobr.com.br\/index.php?rest_route=\/wp\/v2\/posts\/5140\/revisions\/5142"}],"wp:featuredmedia":[{"embeddable":true,"href":"https:\/\/oexpressobr.com.br\/index.php?rest_route=\/wp\/v2\/media\/5141"}],"wp:attachment":[{"href":"https:\/\/oexpressobr.com.br\/index.php?rest_route=%2Fwp%2Fv2%2Fmedia&parent=5140"}],"wp:term":[{"taxonomy":"category","embeddable":true,"href":"https:\/\/oexpressobr.com.br\/index.php?rest_route=%2Fwp%2Fv2%2Fcategories&post=5140"},{"taxonomy":"post_tag","embeddable":true,"href":"https:\/\/oexpressobr.com.br\/index.php?rest_route=%2Fwp%2Fv2%2Ftags&post=5140"}],"curies":[{"name":"wp","href":"https:\/\/api.w.org\/{rel}","templated":true}]}}