{"id":5144,"date":"2026-03-05T15:50:04","date_gmt":"2026-03-05T18:50:04","guid":{"rendered":"https:\/\/oexpressobr.com.br\/?p=5144"},"modified":"2026-03-05T15:50:14","modified_gmt":"2026-03-05T18:50:14","slug":"pgr-pede-ao-stf-arquivamento-de-inquerito-contra-bolsonaro-no-caso-das-joias","status":"publish","type":"post","link":"https:\/\/oexpressobr.com.br\/?p=5144","title":{"rendered":"PGR pede ao STF arquivamento de inqu\u00e9rito contra Bolsonaro no caso das joias"},"content":{"rendered":"\n<p class=\"wp-block-paragraph\">A Procuradoria-Geral da Rep\u00fablica (PGR) solicitou formalmente ao Supremo Tribunal Federal (STF), nesta quinta-feira (5 de mar\u00e7o de 2026), o arquivamento do inqu\u00e9rito que investiga o ex-presidente <strong>Jair Bolsonaro<\/strong> e aliados pelo suposto desvio e venda de joias e presentes de luxo recebidos de autoridades estrangeiras.<\/p>\n\n\n\n<p class=\"wp-block-paragraph\">\u200bO parecer, assinado pelo procurador-geral <strong>Paulo Gonet<\/strong>, argumenta que a legisla\u00e7\u00e3o brasileira atual apresenta uma &#8220;lacuna jur\u00eddica&#8221; e n\u00e3o define com clareza o que deve ser considerado patrim\u00f4nio da Uni\u00e3o ou acervo privado do presidente no exerc\u00edcio do cargo. Segundo a manifesta\u00e7\u00e3o, a aus\u00eancia de normas espec\u00edficas sobre a natureza dos presentes impede a caracteriza\u00e7\u00e3o de crimes como peculato, lavagem de dinheiro ou associa\u00e7\u00e3o criminosa na esfera penal.<\/p>\n\n\n\n<h3 class=\"wp-block-heading\">\u200bOs principais pontos da manifesta\u00e7\u00e3o:<\/h3>\n\n\n\n<ul class=\"wp-block-list\">\n<li>\u200b<strong>Seguran\u00e7a Jur\u00eddica:<\/strong> Gonet destacou que, enquanto n\u00e3o houver uma lei clara que delimite o regime jur\u00eddico desses bens, o Direito Penal n\u00e3o pode ser aplicado de forma punitiva.<\/li>\n\n\n\n<li>\u200b<strong>Reconhecimento \u00e0 PF:<\/strong> Apesar de pedir o arquivamento, o procurador elogiou o trabalho &#8220;inteligente e diligente&#8221; da Pol\u00edcia Federal, que havia indiciado Bolsonaro e outras 11 pessoas em julho de 2024.<\/li>\n\n\n\n<li>\u200b<strong>Diferentes Esferas:<\/strong> A PGR esclareceu que o pedido se restringe ao \u00e2mbito criminal. Isso significa que eventuais irregularidades ainda podem ser apuradas em outras frentes, como a administrativa (improbidade).<\/li>\n<\/ul>\n\n\n\n<h3 class=\"wp-block-heading\">\u200bContexto e Relatoria<\/h3>\n\n\n\n<p class=\"wp-block-paragraph\">\u200bO caso est\u00e1 sob a relatoria do ministro <strong>Alexandre de Moraes<\/strong> desde sua abertura. A investiga\u00e7\u00e3o analisava se o grupo liderado pelo ex-presidente teria montado uma estrutura para desviar joias dadas pela Ar\u00e1bia Saudita e outros pa\u00edses, vendendo os itens nos Estados Unidos e reintegrando os valores ao patrim\u00f4nio pessoal dos envolvidos.<\/p>\n\n\n\n<p class=\"wp-block-paragraph\">\u200bA defesa de Bolsonaro tem usado como argumento uma decis\u00e3o recente do Tribunal de Contas da Uni\u00e3o (TCU) sobre presentes recebidos por outros presidentes, alegando que n\u00e3o houve tratamento ison\u00f4mico at\u00e9 ent\u00e3o.<\/p>\n\n\n\n<blockquote class=\"wp-block-quote is-layout-flow wp-block-quote-is-layout-flow\">\n<p class=\"wp-block-paragraph\">\u200b&#8221;N\u00e3o h\u00e1 norma de lei que defina, com a clareza e abrang\u00eancia imposta pelas exig\u00eancias da seguran\u00e7a jur\u00eddica, o regime jur\u00eddico aplic\u00e1vel a esses bens&#8221;, afirmou Paulo Gonet no documento enviado \u00e0 Corte.<\/p>\n<\/blockquote>\n\n\n\n<p class=\"wp-block-paragraph\">\u200b<strong>Pr\u00f3ximos Passos<\/strong><\/p>\n\n\n\n<p class=\"wp-block-paragraph\">Cabe agora ao ministro <strong>Alexandre de Moraes<\/strong> decidir se acolhe o pedido da PGR e encerra o inqu\u00e9rito ou se solicita novas dilig\u00eancias. Embora o pedido de arquivamento pelo \u00f3rg\u00e3o acusador (PGR) geralmente leve ao encerramento do caso, o STF tem a palavra final sobre o desfecho processual.<\/p>\n","protected":false},"excerpt":{"rendered":"<p>A Procuradoria-Geral da Rep\u00fablica (PGR) solicitou formalmente ao Supremo Tribunal Federal (STF), nesta quinta-feira (5 de mar\u00e7o de 2026), o arquivamento do inqu\u00e9rito que investiga [&#8230;]<\/p>\n","protected":false},"author":1,"featured_media":5145,"comment_status":"open","ping_status":"open","sticky":false,"template":"","format":"standard","meta":{"_crdt_document":"","_jetpack_memberships_contains_paid_content":false,"footnotes":"","jetpack_publicize_message":"","jetpack_publicize_feature_enabled":true,"jetpack_social_post_already_shared":true,"jetpack_social_options":{"image_generator_settings":{"template":"highway","default_image_id":0,"font":"","enabled":false},"version":2}},"categories":[8],"tags":[],"class_list":["post-5144","post","type-post","status-publish","format-standard","has-post-thumbnail","hentry","category-judiciario"],"jetpack_publicize_connections":[],"jetpack_featured_media_url":"https:\/\/i0.wp.com\/oexpressobr.com.br\/wp-content\/uploads\/2026\/03\/IMG-20260305-WA0201.jpg?fit=1080%2C1350&ssl=1","jetpack_likes_enabled":true,"jetpack_sharing_enabled":true,"_links":{"self":[{"href":"https:\/\/oexpressobr.com.br\/index.php?rest_route=\/wp\/v2\/posts\/5144","targetHints":{"allow":["GET"]}}],"collection":[{"href":"https:\/\/oexpressobr.com.br\/index.php?rest_route=\/wp\/v2\/posts"}],"about":[{"href":"https:\/\/oexpressobr.com.br\/index.php?rest_route=\/wp\/v2\/types\/post"}],"author":[{"embeddable":true,"href":"https:\/\/oexpressobr.com.br\/index.php?rest_route=\/wp\/v2\/users\/1"}],"replies":[{"embeddable":true,"href":"https:\/\/oexpressobr.com.br\/index.php?rest_route=%2Fwp%2Fv2%2Fcomments&post=5144"}],"version-history":[{"count":1,"href":"https:\/\/oexpressobr.com.br\/index.php?rest_route=\/wp\/v2\/posts\/5144\/revisions"}],"predecessor-version":[{"id":5146,"href":"https:\/\/oexpressobr.com.br\/index.php?rest_route=\/wp\/v2\/posts\/5144\/revisions\/5146"}],"wp:featuredmedia":[{"embeddable":true,"href":"https:\/\/oexpressobr.com.br\/index.php?rest_route=\/wp\/v2\/media\/5145"}],"wp:attachment":[{"href":"https:\/\/oexpressobr.com.br\/index.php?rest_route=%2Fwp%2Fv2%2Fmedia&parent=5144"}],"wp:term":[{"taxonomy":"category","embeddable":true,"href":"https:\/\/oexpressobr.com.br\/index.php?rest_route=%2Fwp%2Fv2%2Fcategories&post=5144"},{"taxonomy":"post_tag","embeddable":true,"href":"https:\/\/oexpressobr.com.br\/index.php?rest_route=%2Fwp%2Fv2%2Ftags&post=5144"}],"curies":[{"name":"wp","href":"https:\/\/api.w.org\/{rel}","templated":true}]}}