{"id":5147,"date":"2026-03-05T15:57:35","date_gmt":"2026-03-05T18:57:35","guid":{"rendered":"https:\/\/oexpressobr.com.br\/?p=5147"},"modified":"2026-03-05T15:57:44","modified_gmt":"2026-03-05T18:57:44","slug":"dr-furlan-renuncia-a-prefeitura-de-macapa-em-meio-a-investigacoes-da-pf","status":"publish","type":"post","link":"https:\/\/oexpressobr.com.br\/?p=5147","title":{"rendered":"Dr. Furlan renuncia \u00e0 prefeitura de Macap\u00e1 em meio a investiga\u00e7\u00f5es da PF"},"content":{"rendered":"\n<p class=\"wp-block-paragraph\">\u200bO cen\u00e1rio pol\u00edtico do Amap\u00e1 sofreu uma reviravolta nesta quinta-feira (5). O prefeito de Macap\u00e1, <strong>Ant\u00f4nio Furlan (PSD)<\/strong>, oficializou sua ren\u00fancia ao cargo por meio de um of\u00edcio enviado \u00e0 C\u00e2mara Municipal. A decis\u00e3o ocorre em um momento cr\u00edtico: Furlan e seu vice, <strong>Mario Neto (Podemos)<\/strong>, j\u00e1 haviam sido afastados de suas fun\u00e7\u00f5es na quarta-feira (4) por determina\u00e7\u00e3o do Supremo Tribunal Federal (STF).<\/p>\n\n\n\n<h3 class=\"wp-block-heading\">\u200bCrise e investiga\u00e7\u00e3o: a Opera\u00e7\u00e3o Paroxismo<\/h3>\n\n\n\n<p class=\"wp-block-paragraph\">\u200bA ren\u00fancia \u00e9 o desdobramento de uma semana turbulenta. Na quarta-feira, a Pol\u00edcia Federal deflagrou a <strong>Opera\u00e7\u00e3o Paroxismo<\/strong>, que investiga um suposto esquema criminoso de fraudes em licita\u00e7\u00f5es e desvio de recursos p\u00fablicos na Secretaria Municipal de Sa\u00fade.<\/p>\n\n\n\n<ul class=\"wp-block-list\">\n<li>\u200b<strong>O foco:<\/strong> Irregularidades no contrato de <strong>R$ 69,3 milh\u00f5es<\/strong> para a constru\u00e7\u00e3o do Hospital Geral Municipal.<\/li>\n\n\n\n<li>\u200b<strong>As acusa\u00e7\u00f5es:<\/strong> Ind\u00edcios de direcionamento de licita\u00e7\u00e3o, lavagem de dinheiro e dep\u00f3sitos suspeitos em contas ligadas ao ex-prefeito e \u00e0 primeira-dama, <strong>Rayssa Furlan<\/strong>.<\/li>\n\n\n\n<li>\u200b<strong>Afastamento:<\/strong> O ministro do STF, Fl\u00e1vio Dino, determinou o afastamento por 60 dias para evitar a destrui\u00e7\u00e3o de provas, proibindo inclusive o acesso dos pol\u00edticos aos pr\u00e9dios da prefeitura.<\/li>\n<\/ul>\n\n\n\n<h3 class=\"wp-block-heading\">\u200bEstrat\u00e9gia pol\u00edtica: o projeto para o Setentri\u00e3o<\/h3>\n\n\n\n<p class=\"wp-block-paragraph\">\u200bApesar das investiga\u00e7\u00f5es, Dr. Furlan alega que sua sa\u00edda \u00e9 uma resposta ao &#8220;anseio p\u00fablico&#8221; e uma exig\u00eancia da legisla\u00e7\u00e3o eleitoral para sua pr\u00e9-candidatura ao <strong>Governo do Estado<\/strong> nas elei\u00e7\u00f5es de 2026. Em pronunciamento nas redes sociais, o pol\u00edtico \u2014 que se filiou ao <strong>PSD<\/strong> na \u00faltima ter\u00e7a-feira (3) \u2014 classificou a a\u00e7\u00e3o judicial como &#8220;persegui\u00e7\u00e3o pol\u00edtica&#8221;.<\/p>\n\n\n\n<blockquote class=\"wp-block-quote is-layout-flow wp-block-quote-is-layout-flow\">\n<p class=\"wp-block-paragraph\">\u200b&#8221;Ataques e persegui\u00e7\u00f5es n\u00e3o s\u00e3o contra o Furlan, mas contra a vontade do povo de Macap\u00e1&#8221;, afirmou o agora ex-prefeito.<\/p>\n<\/blockquote>\n\n\n\n<p class=\"wp-block-paragraph\">\u200bFurlan foi reeleito em 2024 com 85,08% dos votos, a maior vota\u00e7\u00e3o proporcional entre as capitais brasileiras, e lidera as pesquisas de inten\u00e7\u00e3o de voto para o governo estadual, aparecendo como o principal rival pol\u00edtico do grupo do senador <strong>Davi Alcolumbre (Uni\u00e3o)<\/strong> e do atual governador <strong>Cl\u00e9cio Lu\u00eds (Uni\u00e3o)<\/strong>.<\/p>\n\n\n\n<h3 class=\"wp-block-heading\">\u200bQuem assume o comando da capital?<\/h3>\n\n\n\n<p class=\"wp-block-paragraph\">\u200bCom a ren\u00fancia de Furlan e o afastamento judicial do vice-prefeito Mario Neto, a linha de sucess\u00e3o recai sobre o Legislativo:<\/p>\n\n\n\n<ol class=\"wp-block-list\">\n<li>\u200b<strong>Pedro DaLua (Uni\u00e3o):<\/strong> O presidente da C\u00e2mara Municipal de Macap\u00e1 j\u00e1 assumiu o cargo de prefeito em exerc\u00edcio.<\/li>\n\n\n\n<li>\u200b<strong>C\u00e2mara Municipal:<\/strong> A vereadora <strong>Margleide Alfaia<\/strong> passa a responder pela presid\u00eancia da Casa de Leis.<\/li>\n<\/ol>\n\n\n\n<p class=\"wp-block-paragraph\">\u200bA defesa de Dr. Furlan j\u00e1 recorreu aos tribunais superiores para tentar anular o afastamento e garantir acesso ao inqu\u00e9rito, negando qualquer envolvimento em ilegalidades.<\/p>\n","protected":false},"excerpt":{"rendered":"<p>\u200bO cen\u00e1rio pol\u00edtico do Amap\u00e1 sofreu uma reviravolta nesta quinta-feira (5). O prefeito de Macap\u00e1, Ant\u00f4nio Furlan (PSD), oficializou sua ren\u00fancia ao cargo por meio [&#8230;]<\/p>\n","protected":false},"author":1,"featured_media":5148,"comment_status":"open","ping_status":"open","sticky":false,"template":"","format":"standard","meta":{"_crdt_document":"","_jetpack_memberships_contains_paid_content":false,"footnotes":"","jetpack_publicize_message":"","jetpack_publicize_feature_enabled":true,"jetpack_social_post_already_shared":true,"jetpack_social_options":{"image_generator_settings":{"template":"highway","default_image_id":0,"font":"","enabled":false},"version":2}},"categories":[7],"tags":[],"class_list":["post-5147","post","type-post","status-publish","format-standard","has-post-thumbnail","hentry","category-politica"],"jetpack_publicize_connections":[],"jetpack_featured_media_url":"https:\/\/i0.wp.com\/oexpressobr.com.br\/wp-content\/uploads\/2026\/03\/IMG-20260305-WA0199.jpg?fit=1080%2C1350&ssl=1","jetpack_likes_enabled":true,"jetpack_sharing_enabled":true,"_links":{"self":[{"href":"https:\/\/oexpressobr.com.br\/index.php?rest_route=\/wp\/v2\/posts\/5147","targetHints":{"allow":["GET"]}}],"collection":[{"href":"https:\/\/oexpressobr.com.br\/index.php?rest_route=\/wp\/v2\/posts"}],"about":[{"href":"https:\/\/oexpressobr.com.br\/index.php?rest_route=\/wp\/v2\/types\/post"}],"author":[{"embeddable":true,"href":"https:\/\/oexpressobr.com.br\/index.php?rest_route=\/wp\/v2\/users\/1"}],"replies":[{"embeddable":true,"href":"https:\/\/oexpressobr.com.br\/index.php?rest_route=%2Fwp%2Fv2%2Fcomments&post=5147"}],"version-history":[{"count":1,"href":"https:\/\/oexpressobr.com.br\/index.php?rest_route=\/wp\/v2\/posts\/5147\/revisions"}],"predecessor-version":[{"id":5149,"href":"https:\/\/oexpressobr.com.br\/index.php?rest_route=\/wp\/v2\/posts\/5147\/revisions\/5149"}],"wp:featuredmedia":[{"embeddable":true,"href":"https:\/\/oexpressobr.com.br\/index.php?rest_route=\/wp\/v2\/media\/5148"}],"wp:attachment":[{"href":"https:\/\/oexpressobr.com.br\/index.php?rest_route=%2Fwp%2Fv2%2Fmedia&parent=5147"}],"wp:term":[{"taxonomy":"category","embeddable":true,"href":"https:\/\/oexpressobr.com.br\/index.php?rest_route=%2Fwp%2Fv2%2Fcategories&post=5147"},{"taxonomy":"post_tag","embeddable":true,"href":"https:\/\/oexpressobr.com.br\/index.php?rest_route=%2Fwp%2Fv2%2Ftags&post=5147"}],"curies":[{"name":"wp","href":"https:\/\/api.w.org\/{rel}","templated":true}]}}